{"id":16131,"date":"2022-04-25T10:02:59","date_gmt":"2022-04-25T13:02:59","guid":{"rendered":"https:\/\/radiorevelacionfm.cl\/?p=16131"},"modified":"2022-04-25T10:02:59","modified_gmt":"2022-04-25T13:02:59","slug":"a-pesar-del-frio-y-la-lluvia-coyhaiquinos-son-parte-de-la-corrida-familiar-solidaria-ayuda-a-patagona-trail","status":"publish","type":"post","link":"https:\/\/radiorevelacionfm.cl\/?p=16131","title":{"rendered":"A pesar del fr\u00edo y la lluvia coyhaiquinos son parte de la corrida familiar solidaria \u00abAyuda a Patagona Trail\u00bb"},"content":{"rendered":"<div class=\"flex_column av_one_full  flex_column_div av-zero-column-padding first  avia-builder-el-0  el_before_av_one_full  avia-builder-el-first  \" style='border-radius:0px; '><div  class='avia-image-container  av-styling-    avia-builder-el-1  avia-builder-el-no-sibling  avia-align-center '  itemprop=\"image\" itemscope=\"itemscope\" itemtype=\"https:\/\/schema.org\/ImageObject\"  ><div class='avia-image-container-inner'><div class='avia-image-overlay-wrap'><img decoding=\"async\" class='wp-image-16132 avia-img-lazy-loading-not-16132 avia_image' src=\"https:\/\/radiorevelacionfm.cl\/wp-content\/uploads\/2022\/04\/CORRIDA-FAMILIAR-PATAGONA-TRAIL-2-1-1.jpeg\" alt='' title='CORRIDA FAMILIAR PATAGONA TRAIL (2) (1) (1)' height=\"600\" width=\"1067\"  itemprop=\"thumbnailUrl\" srcset=\"https:\/\/radiorevelacionfm.cl\/wp-content\/uploads\/2022\/04\/CORRIDA-FAMILIAR-PATAGONA-TRAIL-2-1-1.jpeg 1067w, https:\/\/radiorevelacionfm.cl\/wp-content\/uploads\/2022\/04\/CORRIDA-FAMILIAR-PATAGONA-TRAIL-2-1-1-300x169.jpeg 300w, https:\/\/radiorevelacionfm.cl\/wp-content\/uploads\/2022\/04\/CORRIDA-FAMILIAR-PATAGONA-TRAIL-2-1-1-1030x579.jpeg 1030w, https:\/\/radiorevelacionfm.cl\/wp-content\/uploads\/2022\/04\/CORRIDA-FAMILIAR-PATAGONA-TRAIL-2-1-1-768x432.jpeg 768w, https:\/\/radiorevelacionfm.cl\/wp-content\/uploads\/2022\/04\/CORRIDA-FAMILIAR-PATAGONA-TRAIL-2-1-1-705x396.jpeg 705w, https:\/\/radiorevelacionfm.cl\/wp-content\/uploads\/2022\/04\/CORRIDA-FAMILIAR-PATAGONA-TRAIL-2-1-1-600x337.jpeg 600w\" sizes=\"(max-width: 1067px) 100vw, 1067px\" \/><\/div><\/div><\/div><\/div><div class=\"flex_column av_one_full  flex_column_div av-zero-column-padding first  avia-builder-el-2  el_after_av_one_full  el_before_av_one_full  column-top-margin\" style='border-radius:0px; '><section class=\"av_textblock_section \"  itemscope=\"itemscope\" itemtype=\"https:\/\/schema.org\/BlogPosting\" itemprop=\"blogPost\" ><div class='avia_textblock  '   itemprop=\"text\" ><p style=\"text-align: center;\"><span style=\"font-size: 18pt;\"><strong>A pesar del fr\u00edo y la lluvia coyhaiquinos son parte de la corrida familiar solidaria \u00abAyuda a Patagona Trail\u00bb<\/strong><\/span><\/p>\n<div id=\"gtx-trans\" style=\"position: absolute; left: -50px; top: 4.31534px;\">\n<div class=\"gtx-trans-icon\"><\/div>\n<\/div>\n<\/div><\/section><br \/>\n<div  class='avia-image-container  av-styling-    avia-builder-el-4  el_after_av_textblock  avia-builder-el-last  avia-align-center '  itemprop=\"image\" itemscope=\"itemscope\" itemtype=\"https:\/\/schema.org\/ImageObject\"  ><div class='avia-image-container-inner'><div class='avia-image-overlay-wrap'><img decoding=\"async\" class='wp-image-0 avia-img-lazy-loading-not-0 avia_image' src=\"http:\/\/radiorevelacionfm.cl\/wp-content\/uploads\/2020\/12\/7ee21_th2.jpg\" alt='' title=''   itemprop=\"thumbnailUrl\"  \/><\/div><\/div><\/div><\/p><\/div><div class=\"flex_column av_one_full  flex_column_div av-zero-column-padding first  avia-builder-el-5  el_after_av_one_full  el_before_av_hr  column-top-margin\" style='border-radius:0px; '><section class=\"av_textblock_section \"  itemscope=\"itemscope\" itemtype=\"https:\/\/schema.org\/BlogPosting\" itemprop=\"blogPost\" ><div class='avia_textblock  '   itemprop=\"text\" ><p class=\"v1MsoNormal\" style=\"text-align: justify;\">La intensa lluvia y el fr\u00edo matinal no fueron obst\u00e1culo para desarrollar la primera corrida familiar, \u00abAyuda a Patagona Trail en su Carrera contra el C\u00e1ncer\u00bb y que busca reunir fondos para la conocida atleta regional, Patricia Aburto, quien padece esta enfermedad.<\/p>\n<p class=\"v1MsoNormal\" style=\"text-align: justify;\">La actividad se llev\u00f3 a cabo el s\u00e1bado pasado en la Plaza del Pionero de Coyhaique y cont\u00f3 con la participaci\u00f3n de unos 70 atletas, divididos en distintas categor\u00edas, desde los s\u00faper mini hasta todo competidor y s\u00e9nior master.<\/p>\n<p class=\"v1MsoNormal\" style=\"text-align: justify;\">El Servicio de Salud Ays\u00e9n (SSA), cont\u00f3 con un stand, donde aprovech\u00f3 de educar a los asistentes acerca de las medidas preventivas para evitar y detectar tempranamente el c\u00e1ncer, pero tambi\u00e9n en el uso de la red asistencial y los establecimientos de salud. La m\u00e9dica a cargo, Antonella Trevigno, del consultorio V\u00edctor Domingo Silva, recalc\u00f3 la oportunidad de generar un lazo con la comunidad. \u00abEstuvimos entregando informaci\u00f3n de c\u00f3mo prevenir el c\u00e1ncer de mama y cervicouterino y aprovechamos de invitarlos a acercarse a su consultorio e informarse de c\u00f3mo tener hora y acceso a sus derechos\u00bb, explic\u00f3.<\/p>\n<p class=\"v1MsoNormal\" style=\"text-align: justify;\">Carmen Gloria Monsalve, Seremi de Salud, a\u00f1adi\u00f3 que \u00abesta actividad busca concientizar sobre la importancia de la detecci\u00f3n precoz de esta patolog\u00eda, considerando que a nivel nacional es la primera causa de muerte en las mujeres y que es una enfermedad que puede ser detectada de manera precoz, accediendo a los ex\u00e1menes que existen para aquello. Todas las mujeres entre 50 y 69 a\u00f1os tienen el derecho a acceder de manera gratuita a su mamograf\u00eda\u00bb, explic\u00f3.<\/p>\n<p class=\"v1MsoNormal\" style=\"text-align: justify;\">Monsalve reconoci\u00f3 los retrasos al acceso en las prestaciones durante la pandemia de coronavirus y sugiri\u00f3 que tanto hombres como mujeres, hagan el autoexamen de mama de manera peri\u00f3dica y preventiva.<\/p>\n<p class=\"v1MsoNormal\" style=\"text-align: justify;\">Tanto la Seremi, como el Servicio de Salud Ays\u00e9n entregaron material educativo a participantes, familias y p\u00fablico asistente.<\/p>\n<p class=\"v1MsoNormal\" style=\"text-align: justify;\">Mientras el director del Servicio de Salud Ays\u00e9n, Gabriel Burgos, quien tambi\u00e9n estuvo en la actividad deportiva, agreg\u00f3 que \u00abestamos apoyando esta carrera solidaria, por lo tanto, tambi\u00e9n informando a la gente sobre el c\u00e1ncer y la compleja situaci\u00f3n en la regi\u00f3n, as\u00ed que la invitaci\u00f3n a apoyar esta noble causa y concientizar a la poblaci\u00f3n en los controles y cuidados. La red tiene los dispositivos para que las personas se acerquen y as\u00ed combatir el c\u00e1ncer que es una de las grandes causas de muerte en Chile y la regi\u00f3n y prevenir oportunamente la aparici\u00f3n de la enfermedad\u00bb, se\u00f1al\u00f3.<\/p>\n<p class=\"v1MsoNormal\" style=\"text-align: justify;\">En la actividad se hicieron presentes varias autoridades, entre ellas la Seremi de Salud, Carmen Gloria Monsalve, de Deporte, Mar\u00eda Eugenia Dur\u00e1n, el director del SSA, Gabriel Burgos y el alcalde de Coyhaique, Carlos Gatica, entre otras.<\/p>\n<p class=\"v1MsoNormal\" style=\"text-align: justify;\">Entre las organizaciones que apoyaron la corrida familiar, estuvieron la Corporaci\u00f3n Municipal del Deporte y Terapias Canadienses, entre otras.<\/p>\n<\/div><\/section><\/div><div  style='height:50px' class='hr hr-invisible   avia-builder-el-7  el_after_av_one_full  el_before_av_social_share '><span class='hr-inner ' ><span class='hr-inner-style'><\/span><\/span><\/div><\/p>\n<div  class='av-social-sharing-box  avia-builder-el-8  el_after_av_hr  el_before_av_hr  '><div class='av-share-box'><h5 class='av-share-link-description av-no-toc '>Compartir esta noticia<\/h5><ul class='av-share-box-list noLightbox'><li class='av-share-link av-social-link-facebook' ><a target=\"_blank\" aria-label=\"Compartir en Facebook\" href='https:\/\/www.facebook.com\/sharer.php?u=https:\/\/radiorevelacionfm.cl\/?p=16131&#038;t=A%20pesar%20del%20fr%C3%ADo%20y%20la%20lluvia%20coyhaiquinos%20son%20parte%20de%20la%20corrida%20familiar%20solidaria%20%C2%ABAyuda%20a%20Patagona%20Trail%C2%BB' aria-hidden='false' data-av_icon='\ue8f3' data-av_iconfont='entypo-fontello' title='' data-avia-related-tooltip='Compartir en Facebook' rel=\"noopener\"><span class='avia_hidden_link_text'>Compartir en Facebook<\/span><\/a><\/li><li class='av-share-link av-social-link-twitter' ><a target=\"_blank\" aria-label=\"Compartir en Twitter\" href='https:\/\/twitter.com\/share?text=A%20pesar%20del%20fr%C3%ADo%20y%20la%20lluvia%20coyhaiquinos%20son%20parte%20de%20la%20corrida%20familiar%20solidaria%20%C2%ABAyuda%20a%20Patagona%20Trail%C2%BB&#038;url=https:\/\/radiorevelacionfm.cl\/?p=16131' aria-hidden='false' data-av_icon='\ue8f1' data-av_iconfont='entypo-fontello' title='' data-avia-related-tooltip='Compartir en Twitter' rel=\"noopener\"><span class='avia_hidden_link_text'>Compartir en Twitter<\/span><\/a><\/li><li class='av-share-link av-social-link-whatsapp' ><a target=\"_blank\" aria-label=\"Compartir en Whatsapp\" href='https:\/\/api.whatsapp.com\/send?text=https:\/\/radiorevelacionfm.cl\/?p=16131' aria-hidden='false' data-av_icon='\uf232' data-av_iconfont='entypo-fontello' title='' data-avia-related-tooltip='Compartir en Whatsapp' rel=\"noopener\"><span class='avia_hidden_link_text'>Compartir en Whatsapp<\/span><\/a><\/li><li class='av-share-link av-social-link-linkedin' ><a target=\"_blank\" aria-label=\"Compartir en LinkedIn\" href='https:\/\/linkedin.com\/shareArticle?mini=true&#038;title=A%20pesar%20del%20fr%C3%ADo%20y%20la%20lluvia%20coyhaiquinos%20son%20parte%20de%20la%20corrida%20familiar%20solidaria%20%C2%ABAyuda%20a%20Patagona%20Trail%C2%BB&#038;url=https:\/\/radiorevelacionfm.cl\/?p=16131' aria-hidden='false' data-av_icon='\ue8fc' data-av_iconfont='entypo-fontello' title='' data-avia-related-tooltip='Compartir en LinkedIn' rel=\"noopener\"><span class='avia_hidden_link_text'>Compartir en LinkedIn<\/span><\/a><\/li><li class='av-share-link av-social-link-mail' ><a  aria-label=\"Compartir por correo\" href='mailto:?subject=A%20pesar%20del%20fr%C3%ADo%20y%20la%20lluvia%20coyhaiquinos%20son%20parte%20de%20la%20corrida%20familiar%20solidaria%20%C2%ABAyuda%20a%20Patagona%20Trail%C2%BB&#038;body=https:\/\/radiorevelacionfm.cl\/?p=16131' aria-hidden='false' data-av_icon='\ue805' data-av_iconfont='entypo-fontello' title='' data-avia-related-tooltip='Compartir por correo'><span class='avia_hidden_link_text'>Compartir por correo<\/span><\/a><\/li><\/ul><\/div><\/div>\n<div  style='height:50px' class='hr hr-invisible   avia-builder-el-9  el_after_av_social_share  el_before_av_comments_list '><span class='hr-inner ' ><span class='hr-inner-style'><\/span><\/span><\/div>\n<div  class='av-buildercomment  av-blog-meta-html-info-disabled av-blog-meta-tag-disabled  '><\/div>\n<div  style='height:50px' class='hr hr-invisible   avia-builder-el-11  el_after_av_comments_list  avia-builder-el-last '><span class='hr-inner ' ><span class='hr-inner-style'><\/span><\/span><\/div>\n","protected":false},"excerpt":{"rendered":"","protected":false},"author":1,"featured_media":16132,"comment_status":"open","ping_status":"open","sticky":false,"template":"","format":"standard","meta":{"footnotes":""},"categories":[38],"tags":[],"class_list":["post-16131","post","type-post","status-publish","format-standard","has-post-thumbnail","hentry","category-regional"],"jetpack_featured_media_url":"https:\/\/radiorevelacionfm.cl\/wp-content\/uploads\/2022\/04\/CORRIDA-FAMILIAR-PATAGONA-TRAIL-2-1-1.jpeg","_links":{"self":[{"href":"https:\/\/radiorevelacionfm.cl\/index.php?rest_route=\/wp\/v2\/posts\/16131","targetHints":{"allow":["GET"]}}],"collection":[{"href":"https:\/\/radiorevelacionfm.cl\/index.php?rest_route=\/wp\/v2\/posts"}],"about":[{"href":"https:\/\/radiorevelacionfm.cl\/index.php?rest_route=\/wp\/v2\/types\/post"}],"author":[{"embeddable":true,"href":"https:\/\/radiorevelacionfm.cl\/index.php?rest_route=\/wp\/v2\/users\/1"}],"replies":[{"embeddable":true,"href":"https:\/\/radiorevelacionfm.cl\/index.php?rest_route=%2Fwp%2Fv2%2Fcomments&post=16131"}],"version-history":[{"count":2,"href":"https:\/\/radiorevelacionfm.cl\/index.php?rest_route=\/wp\/v2\/posts\/16131\/revisions"}],"predecessor-version":[{"id":16134,"href":"https:\/\/radiorevelacionfm.cl\/index.php?rest_route=\/wp\/v2\/posts\/16131\/revisions\/16134"}],"wp:featuredmedia":[{"embeddable":true,"href":"https:\/\/radiorevelacionfm.cl\/index.php?rest_route=\/wp\/v2\/media\/16132"}],"wp:attachment":[{"href":"https:\/\/radiorevelacionfm.cl\/index.php?rest_route=%2Fwp%2Fv2%2Fmedia&parent=16131"}],"wp:term":[{"taxonomy":"category","embeddable":true,"href":"https:\/\/radiorevelacionfm.cl\/index.php?rest_route=%2Fwp%2Fv2%2Fcategories&post=16131"},{"taxonomy":"post_tag","embeddable":true,"href":"https:\/\/radiorevelacionfm.cl\/index.php?rest_route=%2Fwp%2Fv2%2Ftags&post=16131"}],"curies":[{"name":"wp","href":"https:\/\/api.w.org\/{rel}","templated":true}]}}