{"id":16114,"date":"2022-04-23T12:38:09","date_gmt":"2022-04-23T15:38:09","guid":{"rendered":"https:\/\/radiorevelacionfm.cl\/?p=16114"},"modified":"2022-04-23T12:38:09","modified_gmt":"2022-04-23T15:38:09","slug":"ministro-alvaro-mesa-retoma-diligencias-presenciales-en-causas-por-violaciones-a-los-derechos-humanos-en-coyhaique","status":"publish","type":"post","link":"https:\/\/radiorevelacionfm.cl\/?p=16114","title":{"rendered":"Ministro \u00c1lvaro Mesa retoma diligencias presenciales en causas por violaciones a los derechos humanos en Coyhaique"},"content":{"rendered":"<div class=\"flex_column av_one_full  flex_column_div av-zero-column-padding first  avia-builder-el-0  el_before_av_one_full  avia-builder-el-first  \" style='border-radius:0px; '><div  class='avia-image-container  av-styling-    avia-builder-el-1  avia-builder-el-no-sibling  avia-align-center '  itemprop=\"image\" itemscope=\"itemscope\" itemtype=\"https:\/\/schema.org\/ImageObject\"  ><div class='avia-image-container-inner'><div class='avia-image-overlay-wrap'><img decoding=\"async\" class='wp-image-16115 avia-img-lazy-loading-not-16115 avia_image' src=\"https:\/\/radiorevelacionfm.cl\/wp-content\/uploads\/2022\/04\/Foto-1-ministro-Alvaro-Mesa-1-1.jpg\" alt='' title='Foto 1 ministro Alvaro Mesa (1) (1)' height=\"600\" width=\"999\"  itemprop=\"thumbnailUrl\" srcset=\"https:\/\/radiorevelacionfm.cl\/wp-content\/uploads\/2022\/04\/Foto-1-ministro-Alvaro-Mesa-1-1.jpg 999w, https:\/\/radiorevelacionfm.cl\/wp-content\/uploads\/2022\/04\/Foto-1-ministro-Alvaro-Mesa-1-1-300x180.jpg 300w, https:\/\/radiorevelacionfm.cl\/wp-content\/uploads\/2022\/04\/Foto-1-ministro-Alvaro-Mesa-1-1-768x461.jpg 768w, https:\/\/radiorevelacionfm.cl\/wp-content\/uploads\/2022\/04\/Foto-1-ministro-Alvaro-Mesa-1-1-705x423.jpg 705w, https:\/\/radiorevelacionfm.cl\/wp-content\/uploads\/2022\/04\/Foto-1-ministro-Alvaro-Mesa-1-1-600x360.jpg 600w\" sizes=\"(max-width: 999px) 100vw, 999px\" \/><\/div><\/div><\/div><\/div><div class=\"flex_column av_one_full  flex_column_div av-zero-column-padding first  avia-builder-el-2  el_after_av_one_full  el_before_av_one_full  column-top-margin\" style='border-radius:0px; '><section class=\"av_textblock_section \"  itemscope=\"itemscope\" itemtype=\"https:\/\/schema.org\/BlogPosting\" itemprop=\"blogPost\" ><div class='avia_textblock  '   itemprop=\"text\" ><p style=\"text-align: center;\"><span style=\"font-size: 18pt;\"><b>Ministro \u00c1lvaro Mesa retoma diligencias presenciales en causas por violaciones a los derechos humanos en Coyhaique<\/b><\/span><\/p>\n<div id=\"gtx-trans\" style=\"position: absolute; left: -50px; top: 4.31534px;\">\n<div class=\"gtx-trans-icon\"><\/div>\n<\/div>\n<\/div><\/section><\/div><div class=\"flex_column av_one_full  flex_column_div av-zero-column-padding first  avia-builder-el-4  el_after_av_one_full  el_before_av_hr  column-top-margin\" style='border-radius:0px; '><section class=\"av_textblock_section \"  itemscope=\"itemscope\" itemtype=\"https:\/\/schema.org\/BlogPosting\" itemprop=\"blogPost\" ><div class='avia_textblock  '   itemprop=\"text\" ><p class=\"v1MsoNormal\" style=\"text-align: justify;\">El ministro en visita extraordinaria para causas por violaciones a los derechos humanos de las jurisdicciones Temuco, Valdivia, Puerto Montt y Coyhaique, \u00c1lvaro Mesa Latorre, retom\u00f3 ayer \u2013jueves 21 de abril\u2013 las diligencias investigativas en terreno en Ays\u00e9n, de cuatro que sustancia en la zona.<\/p>\n<p class=\"v1MsoNormal\" style=\"text-align: justify;\">\u00abNosotros estamos retomando estas comisiones de servicio, ya que hace dos a\u00f1os que no ven\u00edamos por condiciones sanitarias, pero quiero hacer presente que, no obstante eso, como todos los tribunales, nosotros seguimos trabajando a trav\u00e9s de las tecnolog\u00edas que tiene el Poder Judicial y que nos ofrece a trav\u00e9s de la toma de declaraciones por Zoom.\u00a0Adem\u00e1s, en este periodo nos colabor\u00f3 la Polic\u00eda de Investigaciones y logramos dictar autos de procesamiento, auto acusatorios, sentencias, porque hab\u00eda un material de trabajo bastante amplio, as\u00ed que se empezaron a estudiar m\u00e1s las causas\u00bb, sostuvo el ministro.<\/p>\n<p class=\"v1MsoNormal\" style=\"text-align: justify;\">Sobre las causas en la jurisdicci\u00f3n Coyhaique, el ministro agreg\u00f3 que: \u00abAhora, estando aqu\u00ed nuestras diligencias principales son declaraci\u00f3n de testigos. Tenemos la causa 19.229, denunciante Jorge Osorio Galleguillos, donde se est\u00e1 interrogando a personas. La causa es por presuntos apremios. Adem\u00e1s, en la causa 15.753, que es una causa por secuestro y homicidio calificado sucedido en Puerto Cisnes, tambi\u00e9n estamos tomando declaraci\u00f3n y reuniendo los antecedentes\u00bb.<\/p>\n<p class=\"v1MsoNormal\" style=\"text-align: justify;\">\u00abAdem\u00e1s, tenemos la causa 19.232, que tambi\u00e9n es por aplicaci\u00f3n de tormentos, denunciante Joaqu\u00edn Eugenio Real Hermosilla, y la causa 19.231, tambi\u00e9n por aplicaci\u00f3n de tormentos, denunciante Noel Neira. As\u00ed que estamos recibiendo esos testimonios y seguimos avanzando\u00bb, a\u00f1adi\u00f3.<\/p>\n<p class=\"v1MsoNormal\" style=\"text-align: justify;\">\u00abLa idea es entre 45 y 60 d\u00edas,\u00a0volver a acercarse a la jurisdicci\u00f3n, como un principio del Poder Judicial de acceso a la justicia, reunirme con los involucrados y tomar las declaraciones y hacer todas las diligencias pertinentes de cada caso\u00bb, concluy\u00f3.<\/p>\n<\/div><\/section><\/div><div  style='height:50px' class='hr hr-invisible   avia-builder-el-6  el_after_av_one_full  el_before_av_social_share '><span class='hr-inner ' ><span class='hr-inner-style'><\/span><\/span><\/div><\/p>\n<div  class='av-social-sharing-box  avia-builder-el-7  el_after_av_hr  el_before_av_hr  '><div class='av-share-box'><h5 class='av-share-link-description av-no-toc '>Compartir esta noticia<\/h5><ul class='av-share-box-list noLightbox'><li class='av-share-link av-social-link-facebook' ><a target=\"_blank\" aria-label=\"Compartir en Facebook\" href='https:\/\/www.facebook.com\/sharer.php?u=https:\/\/radiorevelacionfm.cl\/?p=16114&#038;t=Ministro%20%C3%81lvaro%20Mesa%20retoma%20diligencias%20presenciales%20en%20causas%20por%20violaciones%20a%20los%20derechos%20humanos%20en%20Coyhaique' aria-hidden='false' data-av_icon='\ue8f3' data-av_iconfont='entypo-fontello' title='' data-avia-related-tooltip='Compartir en Facebook' rel=\"noopener\"><span class='avia_hidden_link_text'>Compartir en Facebook<\/span><\/a><\/li><li class='av-share-link av-social-link-twitter' ><a target=\"_blank\" aria-label=\"Compartir en Twitter\" href='https:\/\/twitter.com\/share?text=Ministro%20%C3%81lvaro%20Mesa%20retoma%20diligencias%20presenciales%20en%20causas%20por%20violaciones%20a%20los%20derechos%20humanos%20en%20Coyhaique&#038;url=https:\/\/radiorevelacionfm.cl\/?p=16114' aria-hidden='false' data-av_icon='\ue8f1' data-av_iconfont='entypo-fontello' title='' data-avia-related-tooltip='Compartir en Twitter' rel=\"noopener\"><span class='avia_hidden_link_text'>Compartir en Twitter<\/span><\/a><\/li><li class='av-share-link av-social-link-whatsapp' ><a target=\"_blank\" aria-label=\"Compartir en Whatsapp\" href='https:\/\/api.whatsapp.com\/send?text=https:\/\/radiorevelacionfm.cl\/?p=16114' aria-hidden='false' data-av_icon='\uf232' data-av_iconfont='entypo-fontello' title='' data-avia-related-tooltip='Compartir en Whatsapp' rel=\"noopener\"><span class='avia_hidden_link_text'>Compartir en Whatsapp<\/span><\/a><\/li><li class='av-share-link av-social-link-linkedin' ><a target=\"_blank\" aria-label=\"Compartir en LinkedIn\" href='https:\/\/linkedin.com\/shareArticle?mini=true&#038;title=Ministro%20%C3%81lvaro%20Mesa%20retoma%20diligencias%20presenciales%20en%20causas%20por%20violaciones%20a%20los%20derechos%20humanos%20en%20Coyhaique&#038;url=https:\/\/radiorevelacionfm.cl\/?p=16114' aria-hidden='false' data-av_icon='\ue8fc' data-av_iconfont='entypo-fontello' title='' data-avia-related-tooltip='Compartir en LinkedIn' rel=\"noopener\"><span class='avia_hidden_link_text'>Compartir en LinkedIn<\/span><\/a><\/li><li class='av-share-link av-social-link-mail' ><a  aria-label=\"Compartir por correo\" href='mailto:?subject=Ministro%20%C3%81lvaro%20Mesa%20retoma%20diligencias%20presenciales%20en%20causas%20por%20violaciones%20a%20los%20derechos%20humanos%20en%20Coyhaique&#038;body=https:\/\/radiorevelacionfm.cl\/?p=16114' aria-hidden='false' data-av_icon='\ue805' data-av_iconfont='entypo-fontello' title='' data-avia-related-tooltip='Compartir por correo'><span class='avia_hidden_link_text'>Compartir por correo<\/span><\/a><\/li><\/ul><\/div><\/div>\n<div  style='height:50px' class='hr hr-invisible   avia-builder-el-8  el_after_av_social_share  el_before_av_comments_list '><span class='hr-inner ' ><span class='hr-inner-style'><\/span><\/span><\/div>\n<div  class='av-buildercomment  av-blog-meta-html-info-disabled av-blog-meta-tag-disabled  '><\/div>\n","protected":false},"excerpt":{"rendered":"","protected":false},"author":1,"featured_media":16115,"comment_status":"open","ping_status":"open","sticky":false,"template":"","format":"standard","meta":{"footnotes":""},"categories":[55],"tags":[],"class_list":["post-16114","post","type-post","status-publish","format-standard","has-post-thumbnail","hentry","category-justicia"],"jetpack_featured_media_url":"https:\/\/radiorevelacionfm.cl\/wp-content\/uploads\/2022\/04\/Foto-1-ministro-Alvaro-Mesa-1-1.jpg","_links":{"self":[{"href":"https:\/\/radiorevelacionfm.cl\/index.php?rest_route=\/wp\/v2\/posts\/16114","targetHints":{"allow":["GET"]}}],"collection":[{"href":"https:\/\/radiorevelacionfm.cl\/index.php?rest_route=\/wp\/v2\/posts"}],"about":[{"href":"https:\/\/radiorevelacionfm.cl\/index.php?rest_route=\/wp\/v2\/types\/post"}],"author":[{"embeddable":true,"href":"https:\/\/radiorevelacionfm.cl\/index.php?rest_route=\/wp\/v2\/users\/1"}],"replies":[{"embeddable":true,"href":"https:\/\/radiorevelacionfm.cl\/index.php?rest_route=%2Fwp%2Fv2%2Fcomments&post=16114"}],"version-history":[{"count":2,"href":"https:\/\/radiorevelacionfm.cl\/index.php?rest_route=\/wp\/v2\/posts\/16114\/revisions"}],"predecessor-version":[{"id":16122,"href":"https:\/\/radiorevelacionfm.cl\/index.php?rest_route=\/wp\/v2\/posts\/16114\/revisions\/16122"}],"wp:featuredmedia":[{"embeddable":true,"href":"https:\/\/radiorevelacionfm.cl\/index.php?rest_route=\/wp\/v2\/media\/16115"}],"wp:attachment":[{"href":"https:\/\/radiorevelacionfm.cl\/index.php?rest_route=%2Fwp%2Fv2%2Fmedia&parent=16114"}],"wp:term":[{"taxonomy":"category","embeddable":true,"href":"https:\/\/radiorevelacionfm.cl\/index.php?rest_route=%2Fwp%2Fv2%2Fcategories&post=16114"},{"taxonomy":"post_tag","embeddable":true,"href":"https:\/\/radiorevelacionfm.cl\/index.php?rest_route=%2Fwp%2Fv2%2Ftags&post=16114"}],"curies":[{"name":"wp","href":"https:\/\/api.w.org\/{rel}","templated":true}]}}