{"id":16110,"date":"2022-04-22T19:23:19","date_gmt":"2022-04-22T22:23:19","guid":{"rendered":"https:\/\/radiorevelacionfm.cl\/?p=16110"},"modified":"2022-04-22T19:23:19","modified_gmt":"2022-04-22T22:23:19","slug":"sernameg-y-la-municipalidad-de-aysen-lanzan-programa-de-prevencion-en-violencia-contra-las-mujeres","status":"publish","type":"post","link":"https:\/\/radiorevelacionfm.cl\/?p=16110","title":{"rendered":"SernamEG y la Municipalidad de Ays\u00e9n lanzan Programa de Prevenci\u00f3n en Violencia contra las Mujeres"},"content":{"rendered":"<div class=\"flex_column av_one_full  flex_column_div av-zero-column-padding first  avia-builder-el-0  el_before_av_one_full  avia-builder-el-first  \" style='border-radius:0px; '><div  class='avia-image-container  av-styling-    avia-builder-el-1  avia-builder-el-no-sibling  avia-align-center '  itemprop=\"image\" itemscope=\"itemscope\" itemtype=\"https:\/\/schema.org\/ImageObject\"  ><div class='avia-image-container-inner'><div class='avia-image-overlay-wrap'><img decoding=\"async\" class='wp-image-16111 avia-img-lazy-loading-not-16111 avia_image' src=\"https:\/\/radiorevelacionfm.cl\/wp-content\/uploads\/2022\/04\/lanzamiento-programa-Prevencion-Aysen-3-1-1.jpg\" alt='' title='lanzamiento programa Prevenci\u00f3n Ays\u00e9n (3) (1) (1)' height=\"600\" width=\"901\"  itemprop=\"thumbnailUrl\" srcset=\"https:\/\/radiorevelacionfm.cl\/wp-content\/uploads\/2022\/04\/lanzamiento-programa-Prevencion-Aysen-3-1-1.jpg 901w, https:\/\/radiorevelacionfm.cl\/wp-content\/uploads\/2022\/04\/lanzamiento-programa-Prevencion-Aysen-3-1-1-300x200.jpg 300w, https:\/\/radiorevelacionfm.cl\/wp-content\/uploads\/2022\/04\/lanzamiento-programa-Prevencion-Aysen-3-1-1-768x511.jpg 768w, https:\/\/radiorevelacionfm.cl\/wp-content\/uploads\/2022\/04\/lanzamiento-programa-Prevencion-Aysen-3-1-1-705x469.jpg 705w, https:\/\/radiorevelacionfm.cl\/wp-content\/uploads\/2022\/04\/lanzamiento-programa-Prevencion-Aysen-3-1-1-600x400.jpg 600w\" sizes=\"(max-width: 901px) 100vw, 901px\" \/><\/div><\/div><\/div><\/div><div class=\"flex_column av_one_full  flex_column_div av-zero-column-padding first  avia-builder-el-2  el_after_av_one_full  el_before_av_one_full  column-top-margin\" style='border-radius:0px; '><section class=\"av_textblock_section \"  itemscope=\"itemscope\" itemtype=\"https:\/\/schema.org\/BlogPosting\" itemprop=\"blogPost\" ><div class='avia_textblock  '   itemprop=\"text\" ><p style=\"text-align: center;\"><strong><span style=\"font-size: 18pt;\">SernamEG y la Municipalidad de Ays\u00e9n lanzan Programa de Prevenci\u00f3n en Violencia contra las Mujeres<\/span><\/strong><\/p>\n<div id=\"gtx-trans\" style=\"position: absolute; left: -50px; top: 4.31534px;\">\n<div class=\"gtx-trans-icon\"><\/div>\n<\/div>\n<\/div><\/section><\/div><div class=\"flex_column av_one_full  flex_column_div av-zero-column-padding first  avia-builder-el-4  el_after_av_one_full  el_before_av_hr  column-top-margin\" style='border-radius:0px; '><section class=\"av_textblock_section \"  itemscope=\"itemscope\" itemtype=\"https:\/\/schema.org\/BlogPosting\" itemprop=\"blogPost\" ><div class='avia_textblock  '   itemprop=\"text\" ><p class=\"v1MsoNormal\" style=\"text-align: justify;\"><span lang=\"ES\">En el marco del inicio de un ciclo de capacitaciones para estudiantes del Liceo Ra\u00fal Broussain Campino como Monitoras\/es Juveniles, se realiz\u00f3 el lanzamiento del Programa de Prevenci\u00f3n en Violencia contra las Mujeres del Servicio Nacional de la Mujer y la Equidad de G\u00e9nero, SernamEG, que se ejecuta en convenio con la Municipalidad de Ays\u00e9n.\u00a0<\/span><\/p>\n<p class=\"v1MsoNormal\" style=\"text-align: justify;\"><span lang=\"ES\">\u00a0<\/span><span lang=\"ES\">En la ceremonia, la Seremi de la Mujer y la Equidad de G\u00e9nero, Andrea M\u00e9ndez Valenzuela, dijo: \u00abel Gobierno del Presidente Gabriel Boric Font, asumi\u00f3 una postura con respecto a la violencia que proviene del diagn\u00f3stico feminista que alude a que la violencia hacia las mujeres y las ni\u00f1as es estructural; por lo tanto, tiene que ser comprendida y atendida en diversos \u00e1mbitos. La educaci\u00f3n es un espacio prioritario para ello, para comenzar desde edades muy tempranas a generar herramientas que permitan a las y los estudiantes identificar situaciones de violencia a tiempo, por eso agradecemos estas iniciativas que van en la l\u00ednea tambi\u00e9n con nuestra propuesta de Gobierno que est\u00e1 muy vinculada a la educaci\u00f3n sexual integral\u00bb.<\/span><\/p>\n<p class=\"v1MsoNormal\" style=\"text-align: justify;\"><span lang=\"ES\">\u00a0<\/span><span lang=\"ES\">Por su parte, la Directora Regional Subrogante de SernamEG, Carla Arriagada Malague\u00f1o, se refiri\u00f3 al trabajo que se inici\u00f3 hace dos a\u00f1os con el Liceo Ra\u00fal Broussain Campino. El a\u00f1o pasado fueron capacitadas 16 personas entre asistentes de la educaci\u00f3n y el equipo de convivencia escolar. En tanto, para la ense\u00f1anza media se realizaron talleres preventivos sobre Violencia en el Pololeo. \u00abLa idea es trabajar con las personas que son parte de la juventud, que tienen su propia opini\u00f3n para poder mirar, reflexionar y en el fondo, apostar que efectivamente se puede hacer prevenci\u00f3n, que no lleguemos cuando se est\u00e1 desarrollando la violencia sino poder mirar desde mucho antes con quienes hoy d\u00eda son parte opinante de nuestra sociedad\u00bb.\u00a0\u00a0\u00a0\u00a0\u00a0<\/span><\/p>\n<p class=\"v1MsoNormal\" style=\"text-align: justify;\"><span lang=\"ES\">\u00a0<\/span><span lang=\"ES\">Por su parte, el Alcalde de Ays\u00e9n, Julio Uribe Alvarado, dijo: \u00abllevamos muchos a\u00f1os trabajando con el SernamEG en lo relativo a la violencia contra la mujer, primero con el Centro de la Mujer Naa Alver\u00e9 y luego se incorpor\u00f3 este Programa que ha realizado muchas acciones con j\u00f3venes y la comunidad. Quiero destacar su trabajo el que se ha hecho en coordinaci\u00f3n con la Direcci\u00f3n de Desarrollo Comunitario y continuaremos con esta labor que va en beneficio de las mujeres y de la juventud de nuestra comuna\u00bb.\u00a0\u00a0<\/span><\/p>\n<p class=\"v1MsoNormal\" style=\"text-align: justify;\"><span lang=\"ES\">\u00a0<\/span><span lang=\"ES\">Una de las l\u00edneas del Programa de Prevenci\u00f3n en Violencia contra las Mujeres es la referida a\u00a0<\/span>los talleres dirigidos a dos grupos etarios que corresponden a j\u00f3venes, entre 14 y 29 a\u00f1os, y a personas adultas que trabajan o se vinculen con ellas\/os. Tienen una duraci\u00f3n de 2 a 6 horas pedag\u00f3gicas donde se abordan temas espec\u00edficos para la prevenci\u00f3n de la violencia de g\u00e9nero.<\/p>\n<p class=\"v1MsoNormal\" style=\"text-align: justify;\">En tanto, las capacitaciones para la formaci\u00f3n de Monitoras\/es Juveniles contemplan 12 horas pedag\u00f3gicas para j\u00f3venes de 14 a 29 a\u00f1os. En el caso de Agentes Preventivos, est\u00e1 dirigido a personas que se vinculan con las juventudes, ya sea desde sus trabajos o que cumplen el rol de personas cuidadoras; la duraci\u00f3n de la capacitaci\u00f3n es de 16 horas pedag\u00f3gicas. En ambos casos, tienen acceso a espacios socioeducativos en los que se trabaja de forma participativa tem\u00e1ticas como Juventudes, G\u00e9nero No Binario, Interseccionalidad y Prevenci\u00f3n de Violencia contra las Mujeres y de G\u00e9nero, entre otras.<\/p>\n<p class=\"v1MsoNormal\" style=\"text-align: justify;\">Las capacitaciones\/cursos virtuales cuentan con una certificaci\u00f3n, que se entrega de manera digital al cumplir con el proceso completo de formaci\u00f3n. Para inscribirse, descargar informaci\u00f3n y realizar actividades a distancia se debe acceder a la p\u00e1gina web de SernamEG (<a href=\"http:\/\/www.sernameg.gob.cl\/\" target=\"_blank\" rel=\"noopener noreferrer\">www.sernameg.gob.cl<\/a>). Ante cualquier duda o consulta se encuentra disponible el correo electr\u00f3nico\u00a0<a href=\"mailto:cursos.prevencionvcm@sernameg.gob.cl\" rel=\"noreferrer\">cursos.prevencionvcm@sernameg.gob.cl<\/a><\/p>\n<\/div><\/section><\/div><div  style='height:50px' class='hr hr-invisible   avia-builder-el-6  el_after_av_one_full  el_before_av_social_share '><span class='hr-inner ' ><span class='hr-inner-style'><\/span><\/span><\/div><\/p>\n<div  class='av-social-sharing-box  avia-builder-el-7  el_after_av_hr  el_before_av_hr  '><div class='av-share-box'><h5 class='av-share-link-description av-no-toc '>Compartir esta noticia<\/h5><ul class='av-share-box-list noLightbox'><li class='av-share-link av-social-link-facebook' ><a target=\"_blank\" aria-label=\"Compartir en Facebook\" href='https:\/\/www.facebook.com\/sharer.php?u=https:\/\/radiorevelacionfm.cl\/?p=16110&#038;t=SernamEG%20y%20la%20Municipalidad%20de%20Ays%C3%A9n%20lanzan%20Programa%20de%20Prevenci%C3%B3n%20en%20Violencia%20contra%20las%20Mujeres' aria-hidden='false' data-av_icon='\ue8f3' data-av_iconfont='entypo-fontello' title='' data-avia-related-tooltip='Compartir en Facebook' rel=\"noopener\"><span class='avia_hidden_link_text'>Compartir en Facebook<\/span><\/a><\/li><li class='av-share-link av-social-link-twitter' ><a target=\"_blank\" aria-label=\"Compartir en Twitter\" href='https:\/\/twitter.com\/share?text=SernamEG%20y%20la%20Municipalidad%20de%20Ays%C3%A9n%20lanzan%20Programa%20de%20Prevenci%C3%B3n%20en%20Violencia%20contra%20las%20Mujeres&#038;url=https:\/\/radiorevelacionfm.cl\/?p=16110' aria-hidden='false' data-av_icon='\ue8f1' data-av_iconfont='entypo-fontello' title='' data-avia-related-tooltip='Compartir en Twitter' rel=\"noopener\"><span class='avia_hidden_link_text'>Compartir en Twitter<\/span><\/a><\/li><li class='av-share-link av-social-link-whatsapp' ><a target=\"_blank\" aria-label=\"Compartir en Whatsapp\" href='https:\/\/api.whatsapp.com\/send?text=https:\/\/radiorevelacionfm.cl\/?p=16110' aria-hidden='false' data-av_icon='\uf232' data-av_iconfont='entypo-fontello' title='' data-avia-related-tooltip='Compartir en Whatsapp' rel=\"noopener\"><span class='avia_hidden_link_text'>Compartir en Whatsapp<\/span><\/a><\/li><li class='av-share-link av-social-link-linkedin' ><a target=\"_blank\" aria-label=\"Compartir en LinkedIn\" href='https:\/\/linkedin.com\/shareArticle?mini=true&#038;title=SernamEG%20y%20la%20Municipalidad%20de%20Ays%C3%A9n%20lanzan%20Programa%20de%20Prevenci%C3%B3n%20en%20Violencia%20contra%20las%20Mujeres&#038;url=https:\/\/radiorevelacionfm.cl\/?p=16110' aria-hidden='false' data-av_icon='\ue8fc' data-av_iconfont='entypo-fontello' title='' data-avia-related-tooltip='Compartir en LinkedIn' rel=\"noopener\"><span class='avia_hidden_link_text'>Compartir en LinkedIn<\/span><\/a><\/li><li class='av-share-link av-social-link-mail' ><a  aria-label=\"Compartir por correo\" href='mailto:?subject=SernamEG%20y%20la%20Municipalidad%20de%20Ays%C3%A9n%20lanzan%20Programa%20de%20Prevenci%C3%B3n%20en%20Violencia%20contra%20las%20Mujeres&#038;body=https:\/\/radiorevelacionfm.cl\/?p=16110' aria-hidden='false' data-av_icon='\ue805' data-av_iconfont='entypo-fontello' title='' data-avia-related-tooltip='Compartir por correo'><span class='avia_hidden_link_text'>Compartir por correo<\/span><\/a><\/li><\/ul><\/div><\/div>\n<div  style='height:50px' class='hr hr-invisible   avia-builder-el-8  el_after_av_social_share  el_before_av_comments_list '><span class='hr-inner ' ><span class='hr-inner-style'><\/span><\/span><\/div>\n<div  class='av-buildercomment  av-blog-meta-html-info-disabled av-blog-meta-tag-disabled  '><\/div>\n","protected":false},"excerpt":{"rendered":"","protected":false},"author":1,"featured_media":16111,"comment_status":"open","ping_status":"open","sticky":false,"template":"","format":"standard","meta":{"footnotes":""},"categories":[38],"tags":[],"class_list":["post-16110","post","type-post","status-publish","format-standard","has-post-thumbnail","hentry","category-regional"],"jetpack_featured_media_url":"https:\/\/radiorevelacionfm.cl\/wp-content\/uploads\/2022\/04\/lanzamiento-programa-Prevencion-Aysen-3-1-1.jpg","_links":{"self":[{"href":"https:\/\/radiorevelacionfm.cl\/index.php?rest_route=\/wp\/v2\/posts\/16110","targetHints":{"allow":["GET"]}}],"collection":[{"href":"https:\/\/radiorevelacionfm.cl\/index.php?rest_route=\/wp\/v2\/posts"}],"about":[{"href":"https:\/\/radiorevelacionfm.cl\/index.php?rest_route=\/wp\/v2\/types\/post"}],"author":[{"embeddable":true,"href":"https:\/\/radiorevelacionfm.cl\/index.php?rest_route=\/wp\/v2\/users\/1"}],"replies":[{"embeddable":true,"href":"https:\/\/radiorevelacionfm.cl\/index.php?rest_route=%2Fwp%2Fv2%2Fcomments&post=16110"}],"version-history":[{"count":2,"href":"https:\/\/radiorevelacionfm.cl\/index.php?rest_route=\/wp\/v2\/posts\/16110\/revisions"}],"predecessor-version":[{"id":16113,"href":"https:\/\/radiorevelacionfm.cl\/index.php?rest_route=\/wp\/v2\/posts\/16110\/revisions\/16113"}],"wp:featuredmedia":[{"embeddable":true,"href":"https:\/\/radiorevelacionfm.cl\/index.php?rest_route=\/wp\/v2\/media\/16111"}],"wp:attachment":[{"href":"https:\/\/radiorevelacionfm.cl\/index.php?rest_route=%2Fwp%2Fv2%2Fmedia&parent=16110"}],"wp:term":[{"taxonomy":"category","embeddable":true,"href":"https:\/\/radiorevelacionfm.cl\/index.php?rest_route=%2Fwp%2Fv2%2Fcategories&post=16110"},{"taxonomy":"post_tag","embeddable":true,"href":"https:\/\/radiorevelacionfm.cl\/index.php?rest_route=%2Fwp%2Fv2%2Ftags&post=16110"}],"curies":[{"name":"wp","href":"https:\/\/api.w.org\/{rel}","templated":true}]}}