{"id":16104,"date":"2022-04-22T15:29:26","date_gmt":"2022-04-22T18:29:26","guid":{"rendered":"https:\/\/radiorevelacionfm.cl\/?p=16104"},"modified":"2022-04-22T15:29:26","modified_gmt":"2022-04-22T18:29:26","slug":"tras-extensas-reuniones-autoridades-de-gobierno-logran-acuerdo-con-la-comunidad-de-villa-manihuales","status":"publish","type":"post","link":"https:\/\/radiorevelacionfm.cl\/?p=16104","title":{"rendered":"Tras extensas reuniones autoridades de gobierno logran acuerdo con la comunidad de Villa Ma\u00f1ihuales"},"content":{"rendered":"<div class=\"flex_column av_one_full  flex_column_div av-zero-column-padding first  avia-builder-el-0  el_before_av_one_full  avia-builder-el-first  \" style='border-radius:0px; '><div  class='avia-image-container  av-styling-    avia-builder-el-1  avia-builder-el-no-sibling  avia-align-center '  itemprop=\"image\" itemscope=\"itemscope\" itemtype=\"https:\/\/schema.org\/ImageObject\"  ><div class='avia-image-container-inner'><div class='avia-image-overlay-wrap'><img decoding=\"async\" class='wp-image-16105 avia-img-lazy-loading-not-16105 avia_image' src=\"https:\/\/radiorevelacionfm.cl\/wp-content\/uploads\/2022\/04\/ACUERDO-MANIHUALES-5-1-1.jpeg\" alt='' title='ACUERDO MA\u00d1IHUALES (5) (1) (1)' height=\"600\" width=\"1019\"  itemprop=\"thumbnailUrl\" srcset=\"https:\/\/radiorevelacionfm.cl\/wp-content\/uploads\/2022\/04\/ACUERDO-MANIHUALES-5-1-1.jpeg 1019w, https:\/\/radiorevelacionfm.cl\/wp-content\/uploads\/2022\/04\/ACUERDO-MANIHUALES-5-1-1-300x177.jpeg 300w, https:\/\/radiorevelacionfm.cl\/wp-content\/uploads\/2022\/04\/ACUERDO-MANIHUALES-5-1-1-768x452.jpeg 768w, https:\/\/radiorevelacionfm.cl\/wp-content\/uploads\/2022\/04\/ACUERDO-MANIHUALES-5-1-1-705x415.jpeg 705w, https:\/\/radiorevelacionfm.cl\/wp-content\/uploads\/2022\/04\/ACUERDO-MANIHUALES-5-1-1-600x353.jpeg 600w\" sizes=\"(max-width: 1019px) 100vw, 1019px\" \/><\/div><\/div><\/div><\/div><div class=\"flex_column av_one_full  flex_column_div av-zero-column-padding first  avia-builder-el-2  el_after_av_one_full  el_before_av_one_full  column-top-margin\" style='border-radius:0px; '><section class=\"av_textblock_section \"  itemscope=\"itemscope\" itemtype=\"https:\/\/schema.org\/BlogPosting\" itemprop=\"blogPost\" ><div class='avia_textblock  '   itemprop=\"text\" ><p style=\"text-align: center;\"><span style=\"font-size: 18pt;\"><b><span lang=\"ES\">Tras extensas reuniones autoridades de gobierno logran acuerdo con la comunidad de Villa Ma\u00f1ihuales<\/span><\/b><\/span><\/p>\n<div id=\"gtx-trans\" style=\"position: absolute; left: -50px; top: 4.31534px;\">\n<div class=\"gtx-trans-icon\"><\/div>\n<\/div>\n<\/div><\/section><\/div><div class=\"flex_column av_one_full  flex_column_div av-zero-column-padding first  avia-builder-el-4  el_after_av_one_full  el_before_av_hr  column-top-margin\" style='border-radius:0px; '><section class=\"av_textblock_section \"  itemscope=\"itemscope\" itemtype=\"https:\/\/schema.org\/BlogPosting\" itemprop=\"blogPost\" ><div class='avia_textblock  '   itemprop=\"text\" ><p style=\"text-align: justify;\">Cerca de las 20 horas de este jueves, con la firma de un acta de acuerdo por parte de las autoridades de gobierno y dirigentes de la comunidad de Villa Ma\u00f1ihuales, se logr\u00f3 dar respuesta satisfactoria a las demandas de salud que derivaron en la toma del puente de acceso a la localidad en la Ruta 7.<\/p>\n<p style=\"text-align: justify;\">Fueron aproximadamente 12 horas de reuniones encabezadas por el Director del Servicio de Salud Ays\u00e9n, Gabriel Burgos, las que permitieron desarrollar una lista de compromisos destinados a mejorar la oferta del Centro de Salud Comunitario Familiar y el Servicio de Urgencia Rural.<\/p>\n<p style=\"text-align: justify;\">\u201cA las ocho de la ma\u00f1ana estaban ac\u00e1 el Jefe de Gabinete y el Director del Servicio de Salud Ays\u00e9n. Pero esto iba a reventar de cualquier manera porque en una localidad que contaba con tres m\u00e9dicos estables y siete TENS, la tarde del mi\u00e9rcoles estaba con un m\u00e9dico trabajando y dos TENS, adem\u00e1s ten\u00edamos el Servicio de Urgencia (SUR) cerrado, porque un TEN hab\u00eda tenido que hacer un traslado\u201d explic\u00f3 la dirigenta de Ma\u00f1ihuales, Gabriela Barrientos.<\/p>\n<p style=\"text-align: justify;\">Desde el Servicio de Salud reconocieron que la falta de profesionales es un problema estructural, en particular en los sectores rurales y destacaron que adem\u00e1s de avanzar en las demandas inmediatas, se inici\u00f3 el trabajo con la comunidad para entregar soluciones a largo plazo.<\/p>\n<p style=\"text-align: justify;\">Gabriel Burgos, Director del Servicio de Salud Ays\u00e9n, indic\u00f3 que \u201choy d\u00eda tenemos un d\u00e9ficit de m\u00e9dicos y de TEN y estamos proponiendo algunas soluciones para poder tener efectivamente una atenci\u00f3n adecuada a la comunidad. Adem\u00e1s, generamos un acuerdo para sentarnos en una mesa de trabajo para revisar el dispositivo que necesita la comunidad de Ma\u00f1ihuales\u201d.<\/p>\n<p style=\"text-align: justify;\">Debido a la importancia de los compromisos adquiridos con la comunidad, los vecinos y vecinas solicitaron la presencia en la localidad del Delegado Presidencial para que fuera parte de la firma del acta de acuerdo.<\/p>\n<p style=\"text-align: justify;\">\u201cEs importante poder conversar con las personas, llegar a acuerdos cuando hay problemas que lamentablemente se arrastran hace un buen tiempo. Buscar soluciones en conjunto, pero sobre todo con honestidad, levantando una mesa de trabajo donde se podr\u00e1n establecer los objetivos, los procesos y diciendo efectivamente cuanto se va a demorar la soluci\u00f3n a las distintas cosas\u201d se\u00f1al\u00f3 Rodrigo Araya, Delegado Presidencial Regional.<\/p>\n<p style=\"text-align: justify;\">Por su parte desde el Gore Ays\u00e9n valoraron el compromiso por el trabajo en conjunto planteado por el Gobierno del Presidente Gabriel Boric.<\/p>\n<p style=\"text-align: justify;\">\u201cUno rescata y pone en valor la voluntad de esta nueva administraci\u00f3n, de poder trabajar en conjunto con los gobiernos regionales entiendo que somos socios estrat\u00e9gicos para poder ejecutar pol\u00edticas p\u00fablicas, para poder financiar y para aportar en la mejora de la calidad de vida de las personas\u201d, agreg\u00f3 la Gobernadora Regional, Andrea Mac\u00edas.<\/p>\n<p style=\"text-align: justify;\">En lo inmediato, los compromisos adquiridos apuntan a la normalizaci\u00f3n del equipo t\u00e9cnico y profesional de Salud en Ma\u00f1ihuales. Mientras que a largo plazo y en conjunto con la comunidad, se trabajar\u00e1 en la creaci\u00f3n de un establecimiento que responda a las necesidades actuales de la localidad.<\/p>\n<\/div><\/section><\/div><div  style='height:50px' class='hr hr-invisible   avia-builder-el-6  el_after_av_one_full  el_before_av_social_share '><span class='hr-inner ' ><span class='hr-inner-style'><\/span><\/span><\/div><\/p>\n<div  class='av-social-sharing-box  avia-builder-el-7  el_after_av_hr  el_before_av_hr  '><div class='av-share-box'><h5 class='av-share-link-description av-no-toc '>Compartir esta noticia<\/h5><ul class='av-share-box-list noLightbox'><li class='av-share-link av-social-link-facebook' ><a target=\"_blank\" aria-label=\"Compartir en Facebook\" href='https:\/\/www.facebook.com\/sharer.php?u=https:\/\/radiorevelacionfm.cl\/?p=16104&#038;t=Tras%20extensas%20reuniones%20autoridades%20de%20gobierno%20logran%20acuerdo%20con%20la%20comunidad%20de%20Villa%20Ma%C3%B1ihuales' aria-hidden='false' data-av_icon='\ue8f3' data-av_iconfont='entypo-fontello' title='' data-avia-related-tooltip='Compartir en Facebook' rel=\"noopener\"><span class='avia_hidden_link_text'>Compartir en Facebook<\/span><\/a><\/li><li class='av-share-link av-social-link-twitter' ><a target=\"_blank\" aria-label=\"Compartir en Twitter\" href='https:\/\/twitter.com\/share?text=Tras%20extensas%20reuniones%20autoridades%20de%20gobierno%20logran%20acuerdo%20con%20la%20comunidad%20de%20Villa%20Ma%C3%B1ihuales&#038;url=https:\/\/radiorevelacionfm.cl\/?p=16104' aria-hidden='false' data-av_icon='\ue8f1' data-av_iconfont='entypo-fontello' title='' data-avia-related-tooltip='Compartir en Twitter' rel=\"noopener\"><span class='avia_hidden_link_text'>Compartir en Twitter<\/span><\/a><\/li><li class='av-share-link av-social-link-whatsapp' ><a target=\"_blank\" aria-label=\"Compartir en Whatsapp\" href='https:\/\/api.whatsapp.com\/send?text=https:\/\/radiorevelacionfm.cl\/?p=16104' aria-hidden='false' data-av_icon='\uf232' data-av_iconfont='entypo-fontello' title='' data-avia-related-tooltip='Compartir en Whatsapp' rel=\"noopener\"><span class='avia_hidden_link_text'>Compartir en Whatsapp<\/span><\/a><\/li><li class='av-share-link av-social-link-linkedin' ><a target=\"_blank\" aria-label=\"Compartir en LinkedIn\" href='https:\/\/linkedin.com\/shareArticle?mini=true&#038;title=Tras%20extensas%20reuniones%20autoridades%20de%20gobierno%20logran%20acuerdo%20con%20la%20comunidad%20de%20Villa%20Ma%C3%B1ihuales&#038;url=https:\/\/radiorevelacionfm.cl\/?p=16104' aria-hidden='false' data-av_icon='\ue8fc' data-av_iconfont='entypo-fontello' title='' data-avia-related-tooltip='Compartir en LinkedIn' rel=\"noopener\"><span class='avia_hidden_link_text'>Compartir en LinkedIn<\/span><\/a><\/li><li class='av-share-link av-social-link-mail' ><a  aria-label=\"Compartir por correo\" href='mailto:?subject=Tras%20extensas%20reuniones%20autoridades%20de%20gobierno%20logran%20acuerdo%20con%20la%20comunidad%20de%20Villa%20Ma%C3%B1ihuales&#038;body=https:\/\/radiorevelacionfm.cl\/?p=16104' aria-hidden='false' data-av_icon='\ue805' data-av_iconfont='entypo-fontello' title='' data-avia-related-tooltip='Compartir por correo'><span class='avia_hidden_link_text'>Compartir por correo<\/span><\/a><\/li><\/ul><\/div><\/div>\n<div  style='height:50px' class='hr hr-invisible   avia-builder-el-8  el_after_av_social_share  el_before_av_comments_list '><span class='hr-inner ' ><span class='hr-inner-style'><\/span><\/span><\/div>\n<div  class='av-buildercomment  av-blog-meta-html-info-disabled av-blog-meta-tag-disabled  '><\/div>\n","protected":false},"excerpt":{"rendered":"","protected":false},"author":1,"featured_media":16105,"comment_status":"open","ping_status":"open","sticky":false,"template":"","format":"standard","meta":{"footnotes":""},"categories":[38],"tags":[],"class_list":["post-16104","post","type-post","status-publish","format-standard","has-post-thumbnail","hentry","category-regional"],"jetpack_featured_media_url":"https:\/\/radiorevelacionfm.cl\/wp-content\/uploads\/2022\/04\/ACUERDO-MANIHUALES-5-1-1.jpeg","_links":{"self":[{"href":"https:\/\/radiorevelacionfm.cl\/index.php?rest_route=\/wp\/v2\/posts\/16104","targetHints":{"allow":["GET"]}}],"collection":[{"href":"https:\/\/radiorevelacionfm.cl\/index.php?rest_route=\/wp\/v2\/posts"}],"about":[{"href":"https:\/\/radiorevelacionfm.cl\/index.php?rest_route=\/wp\/v2\/types\/post"}],"author":[{"embeddable":true,"href":"https:\/\/radiorevelacionfm.cl\/index.php?rest_route=\/wp\/v2\/users\/1"}],"replies":[{"embeddable":true,"href":"https:\/\/radiorevelacionfm.cl\/index.php?rest_route=%2Fwp%2Fv2%2Fcomments&post=16104"}],"version-history":[{"count":2,"href":"https:\/\/radiorevelacionfm.cl\/index.php?rest_route=\/wp\/v2\/posts\/16104\/revisions"}],"predecessor-version":[{"id":16107,"href":"https:\/\/radiorevelacionfm.cl\/index.php?rest_route=\/wp\/v2\/posts\/16104\/revisions\/16107"}],"wp:featuredmedia":[{"embeddable":true,"href":"https:\/\/radiorevelacionfm.cl\/index.php?rest_route=\/wp\/v2\/media\/16105"}],"wp:attachment":[{"href":"https:\/\/radiorevelacionfm.cl\/index.php?rest_route=%2Fwp%2Fv2%2Fmedia&parent=16104"}],"wp:term":[{"taxonomy":"category","embeddable":true,"href":"https:\/\/radiorevelacionfm.cl\/index.php?rest_route=%2Fwp%2Fv2%2Fcategories&post=16104"},{"taxonomy":"post_tag","embeddable":true,"href":"https:\/\/radiorevelacionfm.cl\/index.php?rest_route=%2Fwp%2Fv2%2Ftags&post=16104"}],"curies":[{"name":"wp","href":"https:\/\/api.w.org\/{rel}","templated":true}]}}