{"id":16052,"date":"2022-04-20T19:02:16","date_gmt":"2022-04-20T22:02:16","guid":{"rendered":"https:\/\/radiorevelacionfm.cl\/?p=16052"},"modified":"2022-04-20T19:02:16","modified_gmt":"2022-04-20T22:02:16","slug":"seremi-de-economia-rosa-machacan-queremos-fortalecer-el-trabajo-con-los-centros-de-negocios-y-apoyar-con-mayor-fuerza-a-las-mipymes","status":"publish","type":"post","link":"https:\/\/radiorevelacionfm.cl\/?p=16052","title":{"rendered":"Seremi de Econom\u00eda Rosa Machac\u00e1n: \u201cQueremos fortalecer el trabajo con los centros de negocios y apoyar con mayor fuerza a las Mipymes\u201d."},"content":{"rendered":"<div class=\"flex_column av_one_full  flex_column_div av-zero-column-padding first  avia-builder-el-0  el_before_av_one_full  avia-builder-el-first  \" style='border-radius:0px; '><div  class='avia-image-container  av-styling-    avia-builder-el-1  avia-builder-el-no-sibling  avia-align-center '  itemprop=\"image\" itemscope=\"itemscope\" itemtype=\"https:\/\/schema.org\/ImageObject\"  ><div class='avia-image-container-inner'><div class='avia-image-overlay-wrap'><img decoding=\"async\" class='wp-image-16053 avia-img-lazy-loading-not-16053 avia_image' src=\"https:\/\/radiorevelacionfm.cl\/wp-content\/uploads\/2022\/04\/REUNION-CENTRO-DE-NEGOCIOS-SERCOTEC-2-1-1.jpeg\" alt='' title='REUNI\u00d3N CENTRO DE NEGOCIOS SERCOTEC 2 (1) (1)' height=\"600\" width=\"900\"  itemprop=\"thumbnailUrl\" srcset=\"https:\/\/radiorevelacionfm.cl\/wp-content\/uploads\/2022\/04\/REUNION-CENTRO-DE-NEGOCIOS-SERCOTEC-2-1-1.jpeg 900w, https:\/\/radiorevelacionfm.cl\/wp-content\/uploads\/2022\/04\/REUNION-CENTRO-DE-NEGOCIOS-SERCOTEC-2-1-1-300x200.jpeg 300w, https:\/\/radiorevelacionfm.cl\/wp-content\/uploads\/2022\/04\/REUNION-CENTRO-DE-NEGOCIOS-SERCOTEC-2-1-1-768x512.jpeg 768w, https:\/\/radiorevelacionfm.cl\/wp-content\/uploads\/2022\/04\/REUNION-CENTRO-DE-NEGOCIOS-SERCOTEC-2-1-1-705x470.jpeg 705w, https:\/\/radiorevelacionfm.cl\/wp-content\/uploads\/2022\/04\/REUNION-CENTRO-DE-NEGOCIOS-SERCOTEC-2-1-1-600x400.jpeg 600w\" sizes=\"(max-width: 900px) 100vw, 900px\" \/><\/div><\/div><\/div><\/div><div class=\"flex_column av_one_full  flex_column_div av-zero-column-padding first  avia-builder-el-2  el_after_av_one_full  el_before_av_one_full  column-top-margin\" style='border-radius:0px; '><section class=\"av_textblock_section \"  itemscope=\"itemscope\" itemtype=\"https:\/\/schema.org\/BlogPosting\" itemprop=\"blogPost\" ><div class='avia_textblock  '   itemprop=\"text\" ><p style=\"text-align: center;\"><span style=\"font-size: 18pt;\"><strong>Seremi de Econom\u00eda Rosa Machac\u00e1n: \u201cQueremos fortalecer el trabajo con los centros de negocios y apoyar con mayor fuerza a las Mipymes\u201d.<\/strong><\/span><\/p>\n<div id=\"gtx-trans\" style=\"position: absolute; left: -50px; top: 4.31534px;\">\n<div class=\"gtx-trans-icon\"><\/div>\n<\/div>\n<\/div><\/section><\/div><div class=\"flex_column av_one_full  flex_column_div av-zero-column-padding first  avia-builder-el-4  el_after_av_one_full  el_before_av_hr  column-top-margin\" style='border-radius:0px; '><section class=\"av_textblock_section \"  itemscope=\"itemscope\" itemtype=\"https:\/\/schema.org\/BlogPosting\" itemprop=\"blogPost\" ><div class='avia_textblock  '   itemprop=\"text\" ><p style=\"text-align: justify;\">En el marco de la agenda de reuniones y recorrido por los servicios que conforman el Ministerio de Econom\u00eda, la Seremi de la cartera Rosa Machac\u00e1n detall\u00f3 que \u201cuna de las tareas que el Presidente Boric nos pidi\u00f3 implementar es apoyar a los sectores productivos que han quedado rezagados y que se han quedado atr\u00e1s en la recuperaci\u00f3n econ\u00f3mica luego de una extensa e in\u00e9dita pandemia, especialmente a los emprendimientos y Mipymes\u201d.<\/p>\n<p style=\"text-align: justify;\">Es por esto, agreg\u00f3 \u201c estamos iniciando un fuerte trabajo intersectorial que se traduce en unir la gesti\u00f3n bajo un objetivo claro, colectivo y con la ciudadan\u00eda, con los gremios, con los diferentes actores que aportan a la econom\u00eda productiva local para fortalecer la actividad econ\u00f3mica y entregar diversas herramientas, ampliando la cobertura de los programas de fomento productivo que hoy dispone el estado pero por sobre todo que apoyemos a quienes no han podido recuperarse de la gran crisis econ\u00f3mica que nos ha dejado la extensa pandemia\u201d.<\/p>\n<p style=\"text-align: justify;\">La Seremi Machac\u00e1n culmin\u00f3 indicando que \u201c En una primera visita al Centro de Negocios de Sercotec de Coyhaique, quisimos estar presentes con el Seremi del Trabajo y Previsi\u00f3n Social Humberto Mar\u00edn y en conjunto con las autoridades y funcionarios de Sercotec, para definir y delinear estrategias t\u00e9cnicas, financieras y sobre todo de gesti\u00f3n para ir en ayuda de las micro, peque\u00f1as y medianas empresas que son socios de este centro y conocer lo que hasta ahora han logrado gracias a Sercotec que se ha constituido en un servicio muy potente de ayuda especialmente en pandemia\u201d.<\/p>\n<p style=\"text-align: justify;\">Por su parte, el Seremi del Trabajo y Previsi\u00f3n Social, Humberto Mar\u00edn Leiva, se refiri\u00f3 a la importancia de la vinculaci\u00f3n p\u00fablico privada con miras al cumplimiento de los desaf\u00edos del Gobierno, \u201cHoy nos reunimos con el Centro de Negocios de Puerto Ays\u00e9n y Coyhaique, donde nos explicaron cu\u00e1l es la tarea que realizan y nos parece tremendamente relevante porque tiene que ver precisamente con los desaf\u00edos que nosotros tenemos como Gobierno en el marco de la recuperaci\u00f3n econ\u00f3mica y de la generaci\u00f3n de empleos. Es una instancia donde se realiza capacitaci\u00f3n, asistencia t\u00e9cnica y asesor\u00eda a las micro, peque\u00f1as y medianas empresas y tambi\u00e9n a los emprendedores, por lo tanto, vamos a trabajar fortaleciendo la vinculaci\u00f3n de redes con el sector p\u00fablico y el sector privado\u201d, sostuvo.<\/p>\n<p style=\"text-align: justify;\">Finalmente, Ivonne Pereira, Directora subrogante de Sercotec Indic\u00f3 que \u201cCon esta visita a nuestro Centro de Negocios de Coyhaique los Seremis del Trabajo y Econom\u00eda pidieron conocer en terreno la labor que estamos realizando con un grupo de profesionales que asisten, apoyan y capacitan a los emprendedores de nuestra regi\u00f3n. Sin duda nos queda mucho por hacer, pero es importante que las autoridades y la ciudadan\u00eda conozcan la labor t\u00e9cnica pero tambi\u00e9n de apoyo que se realiza por medio de estos Centros ubicados en Coyhaique, Puerto Ays\u00e9n y con sat\u00e9lites que se extienden a otras localidades de la regi\u00f3n como Cochrane y La Junta. Es por esto que estamos muy contentos de que ambos Ministerios (Econom\u00eda y el Trabajo) representados por los dos Seremis inicien con nosotros esta labor para fortalecer el gran desaf\u00edo que nos queda por delante en favor del comercio y los m\u00faltiples emprendimientos que hay en la actualidad en la regi\u00f3n\u201d.<\/p>\n<p style=\"text-align: justify;\"><strong>Centro de Negocios<\/strong><\/p>\n<p style=\"text-align: justify;\">Los Centro de Negocios Sercotec se constituyen en un lugar donde las peque\u00f1as empresas y emprendedores\/as, reciben asesor\u00eda t\u00e9cnica, individual y sin costo para el cliente, a trav\u00e9s de mentores expertos, para fortalecer sus capacidades y desarrollar su actividad empresarial. Es un Centro con un equipo humano que, en conjunto con una red de socios colaboradores, est\u00e1 comprometido con la profesionalizaci\u00f3n de emprendedores de diferentes actividades,<\/p>\n<p style=\"text-align: justify;\">Dentro de las asesor\u00edas que prestan estos centros se encuentran la capacitaci\u00f3n en creaci\u00f3n de empresas, el desarrollo empresarial, para aquellos\/as clientes que necesiten mejorar las iniciativas empresariales que han estado desarrollando y\/o requieran mejorar sus capacidades empresariales, entre otras gestiones.<\/p>\n<p style=\"text-align: justify;\">El Centro de negocios en Coyhaique est\u00e1 ubicado en Calle Condell 23 y en Puerto Ays\u00e9n en Avenida Eleuterio Ram\u00edrez 1423.<\/p>\n<\/div><\/section><\/div><div  style='height:50px' class='hr hr-invisible   avia-builder-el-6  el_after_av_one_full  el_before_av_social_share '><span class='hr-inner ' ><span class='hr-inner-style'><\/span><\/span><\/div><\/p>\n<div  class='av-social-sharing-box  avia-builder-el-7  el_after_av_hr  el_before_av_hr  '><div class='av-share-box'><h5 class='av-share-link-description av-no-toc '>Compartir esta noticia<\/h5><ul class='av-share-box-list noLightbox'><li class='av-share-link av-social-link-facebook' ><a target=\"_blank\" aria-label=\"Compartir en Facebook\" href='https:\/\/www.facebook.com\/sharer.php?u=https:\/\/radiorevelacionfm.cl\/?p=16052&#038;t=Seremi%20de%20Econom%C3%ADa%20Rosa%20Machac%C3%A1n%3A%20%E2%80%9CQueremos%20fortalecer%20el%20trabajo%20con%20los%20centros%20de%20negocios%20y%20apoyar%20con%20mayor%20fuerza%20a%20las%20Mipymes%E2%80%9D.' aria-hidden='false' data-av_icon='\ue8f3' data-av_iconfont='entypo-fontello' title='' data-avia-related-tooltip='Compartir en Facebook' rel=\"noopener\"><span class='avia_hidden_link_text'>Compartir en Facebook<\/span><\/a><\/li><li class='av-share-link av-social-link-twitter' ><a target=\"_blank\" aria-label=\"Compartir en Twitter\" href='https:\/\/twitter.com\/share?text=Seremi%20de%20Econom%C3%ADa%20Rosa%20Machac%C3%A1n%3A%20%E2%80%9CQueremos%20fortalecer%20el%20trabajo%20con%20los%20centros%20de%20negocios%20y%20apoyar%20con%20mayor%20fuerza%20a%20las%20Mipymes%E2%80%9D.&#038;url=https:\/\/radiorevelacionfm.cl\/?p=16052' aria-hidden='false' data-av_icon='\ue8f1' data-av_iconfont='entypo-fontello' title='' data-avia-related-tooltip='Compartir en Twitter' rel=\"noopener\"><span class='avia_hidden_link_text'>Compartir en Twitter<\/span><\/a><\/li><li class='av-share-link av-social-link-whatsapp' ><a target=\"_blank\" aria-label=\"Compartir en Whatsapp\" href='https:\/\/api.whatsapp.com\/send?text=https:\/\/radiorevelacionfm.cl\/?p=16052' aria-hidden='false' data-av_icon='\uf232' data-av_iconfont='entypo-fontello' title='' data-avia-related-tooltip='Compartir en Whatsapp' rel=\"noopener\"><span class='avia_hidden_link_text'>Compartir en Whatsapp<\/span><\/a><\/li><li class='av-share-link av-social-link-linkedin' ><a target=\"_blank\" aria-label=\"Compartir en LinkedIn\" href='https:\/\/linkedin.com\/shareArticle?mini=true&#038;title=Seremi%20de%20Econom%C3%ADa%20Rosa%20Machac%C3%A1n%3A%20%E2%80%9CQueremos%20fortalecer%20el%20trabajo%20con%20los%20centros%20de%20negocios%20y%20apoyar%20con%20mayor%20fuerza%20a%20las%20Mipymes%E2%80%9D.&#038;url=https:\/\/radiorevelacionfm.cl\/?p=16052' aria-hidden='false' data-av_icon='\ue8fc' data-av_iconfont='entypo-fontello' title='' data-avia-related-tooltip='Compartir en LinkedIn' rel=\"noopener\"><span class='avia_hidden_link_text'>Compartir en LinkedIn<\/span><\/a><\/li><li class='av-share-link av-social-link-mail' ><a  aria-label=\"Compartir por correo\" href='mailto:?subject=Seremi%20de%20Econom%C3%ADa%20Rosa%20Machac%C3%A1n%3A%20%E2%80%9CQueremos%20fortalecer%20el%20trabajo%20con%20los%20centros%20de%20negocios%20y%20apoyar%20con%20mayor%20fuerza%20a%20las%20Mipymes%E2%80%9D.&#038;body=https:\/\/radiorevelacionfm.cl\/?p=16052' aria-hidden='false' data-av_icon='\ue805' data-av_iconfont='entypo-fontello' title='' data-avia-related-tooltip='Compartir por correo'><span class='avia_hidden_link_text'>Compartir por correo<\/span><\/a><\/li><\/ul><\/div><\/div>\n<div  style='height:50px' class='hr hr-invisible   avia-builder-el-8  el_after_av_social_share  el_before_av_comments_list '><span class='hr-inner ' ><span class='hr-inner-style'><\/span><\/span><\/div>\n<div  class='av-buildercomment  av-blog-meta-html-info-disabled av-blog-meta-tag-disabled  '><\/div>\n","protected":false},"excerpt":{"rendered":"","protected":false},"author":1,"featured_media":16053,"comment_status":"open","ping_status":"open","sticky":false,"template":"","format":"standard","meta":{"footnotes":""},"categories":[37],"tags":[],"class_list":["post-16052","post","type-post","status-publish","format-standard","has-post-thumbnail","hentry","category-economia"],"jetpack_featured_media_url":"https:\/\/radiorevelacionfm.cl\/wp-content\/uploads\/2022\/04\/REUNION-CENTRO-DE-NEGOCIOS-SERCOTEC-2-1-1.jpeg","_links":{"self":[{"href":"https:\/\/radiorevelacionfm.cl\/index.php?rest_route=\/wp\/v2\/posts\/16052","targetHints":{"allow":["GET"]}}],"collection":[{"href":"https:\/\/radiorevelacionfm.cl\/index.php?rest_route=\/wp\/v2\/posts"}],"about":[{"href":"https:\/\/radiorevelacionfm.cl\/index.php?rest_route=\/wp\/v2\/types\/post"}],"author":[{"embeddable":true,"href":"https:\/\/radiorevelacionfm.cl\/index.php?rest_route=\/wp\/v2\/users\/1"}],"replies":[{"embeddable":true,"href":"https:\/\/radiorevelacionfm.cl\/index.php?rest_route=%2Fwp%2Fv2%2Fcomments&post=16052"}],"version-history":[{"count":2,"href":"https:\/\/radiorevelacionfm.cl\/index.php?rest_route=\/wp\/v2\/posts\/16052\/revisions"}],"predecessor-version":[{"id":16056,"href":"https:\/\/radiorevelacionfm.cl\/index.php?rest_route=\/wp\/v2\/posts\/16052\/revisions\/16056"}],"wp:featuredmedia":[{"embeddable":true,"href":"https:\/\/radiorevelacionfm.cl\/index.php?rest_route=\/wp\/v2\/media\/16053"}],"wp:attachment":[{"href":"https:\/\/radiorevelacionfm.cl\/index.php?rest_route=%2Fwp%2Fv2%2Fmedia&parent=16052"}],"wp:term":[{"taxonomy":"category","embeddable":true,"href":"https:\/\/radiorevelacionfm.cl\/index.php?rest_route=%2Fwp%2Fv2%2Fcategories&post=16052"},{"taxonomy":"post_tag","embeddable":true,"href":"https:\/\/radiorevelacionfm.cl\/index.php?rest_route=%2Fwp%2Fv2%2Ftags&post=16052"}],"curies":[{"name":"wp","href":"https:\/\/api.w.org\/{rel}","templated":true}]}}