{"id":16047,"date":"2022-04-20T13:42:47","date_gmt":"2022-04-20T16:42:47","guid":{"rendered":"https:\/\/radiorevelacionfm.cl\/?p=16047"},"modified":"2022-04-20T13:42:47","modified_gmt":"2022-04-20T16:42:47","slug":"senador-sandoval-la-vivienda-es-una-demanda-de-primera-prioridad-para-gran-parte-de-nuestras-comunidades","status":"publish","type":"post","link":"https:\/\/radiorevelacionfm.cl\/?p=16047","title":{"rendered":"Senador Sandoval:  \u201cLa vivienda es una demanda de primera prioridad para gran parte de nuestras comunidades\u201d"},"content":{"rendered":"<div class=\"flex_column av_one_full  flex_column_div av-zero-column-padding first  avia-builder-el-0  el_before_av_one_full  avia-builder-el-first  \" style='border-radius:0px; '><div  class='avia-image-container  av-styling-    avia-builder-el-1  avia-builder-el-no-sibling  avia-align-center '  itemprop=\"image\" itemscope=\"itemscope\" itemtype=\"https:\/\/schema.org\/ImageObject\"  ><div class='avia-image-container-inner'><div class='avia-image-overlay-wrap'><img decoding=\"async\" class='wp-image-16048 avia-img-lazy-loading-not-16048 avia_image' src=\"https:\/\/radiorevelacionfm.cl\/wp-content\/uploads\/2022\/04\/IMG_9996-1-1.jpg\" alt='' title='IMG_9996 (1) (1)' height=\"600\" width=\"900\"  itemprop=\"thumbnailUrl\" srcset=\"https:\/\/radiorevelacionfm.cl\/wp-content\/uploads\/2022\/04\/IMG_9996-1-1.jpg 900w, https:\/\/radiorevelacionfm.cl\/wp-content\/uploads\/2022\/04\/IMG_9996-1-1-300x200.jpg 300w, https:\/\/radiorevelacionfm.cl\/wp-content\/uploads\/2022\/04\/IMG_9996-1-1-768x512.jpg 768w, https:\/\/radiorevelacionfm.cl\/wp-content\/uploads\/2022\/04\/IMG_9996-1-1-705x470.jpg 705w, https:\/\/radiorevelacionfm.cl\/wp-content\/uploads\/2022\/04\/IMG_9996-1-1-600x400.jpg 600w\" sizes=\"(max-width: 900px) 100vw, 900px\" \/><\/div><\/div><\/div><\/div><div class=\"flex_column av_one_full  flex_column_div av-zero-column-padding first  avia-builder-el-2  el_after_av_one_full  el_before_av_one_full  column-top-margin\" style='border-radius:0px; '><section class=\"av_textblock_section \"  itemscope=\"itemscope\" itemtype=\"https:\/\/schema.org\/BlogPosting\" itemprop=\"blogPost\" ><div class='avia_textblock  '   itemprop=\"text\" ><p style=\"text-align: center;\"><span style=\"font-size: 18pt;\"><strong>Senador Sandoval: <\/strong><strong>\u201cLa vivienda es una demanda de primera prioridad para gran parte de nuestras comunidades\u201d<\/strong><\/span><\/p>\n<div id=\"gtx-trans\" style=\"position: absolute; left: -50px; top: 4.31534px;\">\n<div class=\"gtx-trans-icon\"><\/div>\n<\/div>\n<\/div><\/section><\/div><div class=\"flex_column av_one_full  flex_column_div av-zero-column-padding first  avia-builder-el-4  el_after_av_one_full  el_before_av_hr  column-top-margin\" style='border-radius:0px; '><section class=\"av_textblock_section \"  itemscope=\"itemscope\" itemtype=\"https:\/\/schema.org\/BlogPosting\" itemprop=\"blogPost\" ><div class='avia_textblock  '   itemprop=\"text\" ><p style=\"text-align: justify;\">\u201cEl tema de vivienda sin duda est\u00e1 adquiriendo mayor significaci\u00f3n porque constituye una demanda de primera prioridad para gran parte de nuestras comunidades\u201d. As\u00ed lo afirm\u00f3 el senador David Sandoval, luego de la sesi\u00f3n de la comisi\u00f3n de Vivienda del Senado, en la que particip\u00f3 el ministro del MINVU, Carlos Montes.<\/p>\n<p style=\"text-align: justify;\">En la oportunidad se analiz\u00f3 el actual escenario que vive el pa\u00eds en materia habitacional, donde existen poco m\u00e1s de 81 mil familias en campamentos y tomas, un d\u00e9ficit de m\u00e1s de 600 mil viviendas y m\u00e1s de 1,3 millones de casas con alg\u00fan tipo de d\u00e9ficit cualitativo. \u201cObliga a tener un cambio de criterio para hacer frente a esta necesidad\u201d, se\u00f1al\u00f3.<\/p>\n<p style=\"text-align: justify;\">De ah\u00ed la importancia de sostener este encuentro con el secretario de Estado, recordando que la actual administraci\u00f3n se fij\u00f3 una meta de construir aproximadamente 260 mil viviendas durante estos cuatro a\u00f1os, lo que Sandoval consider\u00f3 como una gran tarea. \u201cSe abordaron cu\u00e1les ser\u00e1n los esquemas sobre los que actuar\u00e1 este Gobierno en esta materia\u201d, puntualiz\u00f3.<\/p>\n<p style=\"text-align: justify;\">Asimismo, el parlamentario marc\u00f3 el punto respecto a la necesidad de hacerse cargo de c\u00f3mo este problema habitacional se desarrolla en el territorio. \u201cCu\u00e1l va a ser el rol de los municipios, de los gobiernos regionales, c\u00f3mo optimizamos el proceso de construcci\u00f3n de viviendas. Qu\u00e9 pasa con el banco de suelos, que es un gran d\u00e9ficit que tenemos en todo el pa\u00eds\u201d, indic\u00f3.<\/p>\n<p style=\"text-align: justify;\">\u201cLa vivienda se est\u00e1 transformando en un gran tema, desde el punto de vista social\u201d, insisti\u00f3 y por lo mismo la urgencia de enfrentarlo \u201cla queremos centrar con el ministerio\u201d a trav\u00e9s del trabajo con la propia comisi\u00f3n de Vivienda de la C\u00e1mara Alta. \u201cSe trata de un sue\u00f1o de miles de familias, lo cual debemos enfrentar con rapidez\u201d, subray\u00f3.<\/p>\n<p style=\"text-align: justify;\">Cabe se\u00f1alar que, en la regi\u00f3n de Ays\u00e9n, existe un d\u00e9ficit habitacional cuantitativo de 1.217 viviendas, de acuerdo con el informe CASEN en pandemia 2020, realizado por el Ministerio de Desarrollo Social.<\/p>\n<p style=\"text-align: justify;\">Recordar por \u00faltimo que ya en 2017, seg\u00fan el CENSO realizado, se hablaba de la necesidad de 1.793 viviendas nuevas, de las cuales 1.230 requerimientos correspond\u00edan a casas irrecuperables.<\/p>\n<\/div><\/section><\/div><div  style='height:50px' class='hr hr-invisible   avia-builder-el-6  el_after_av_one_full  el_before_av_social_share '><span class='hr-inner ' ><span class='hr-inner-style'><\/span><\/span><\/div><\/p>\n<div  class='av-social-sharing-box  avia-builder-el-7  el_after_av_hr  el_before_av_hr  '><div class='av-share-box'><h5 class='av-share-link-description av-no-toc '>Compartir esta noticia<\/h5><ul class='av-share-box-list noLightbox'><li class='av-share-link av-social-link-facebook' ><a target=\"_blank\" aria-label=\"Compartir en Facebook\" href='https:\/\/www.facebook.com\/sharer.php?u=https:\/\/radiorevelacionfm.cl\/?p=16047&#038;t=Senador%20Sandoval%3A%20%20%E2%80%9CLa%20vivienda%20es%20una%20demanda%20de%20primera%20prioridad%20para%20gran%20parte%20de%20nuestras%20comunidades%E2%80%9D' aria-hidden='false' data-av_icon='\ue8f3' data-av_iconfont='entypo-fontello' title='' data-avia-related-tooltip='Compartir en Facebook' rel=\"noopener\"><span class='avia_hidden_link_text'>Compartir en Facebook<\/span><\/a><\/li><li class='av-share-link av-social-link-twitter' ><a target=\"_blank\" aria-label=\"Compartir en Twitter\" href='https:\/\/twitter.com\/share?text=Senador%20Sandoval%3A%20%20%E2%80%9CLa%20vivienda%20es%20una%20demanda%20de%20primera%20prioridad%20para%20gran%20parte%20de%20nuestras%20comunidades%E2%80%9D&#038;url=https:\/\/radiorevelacionfm.cl\/?p=16047' aria-hidden='false' data-av_icon='\ue8f1' data-av_iconfont='entypo-fontello' title='' data-avia-related-tooltip='Compartir en Twitter' rel=\"noopener\"><span class='avia_hidden_link_text'>Compartir en Twitter<\/span><\/a><\/li><li class='av-share-link av-social-link-whatsapp' ><a target=\"_blank\" aria-label=\"Compartir en Whatsapp\" href='https:\/\/api.whatsapp.com\/send?text=https:\/\/radiorevelacionfm.cl\/?p=16047' aria-hidden='false' data-av_icon='\uf232' data-av_iconfont='entypo-fontello' title='' data-avia-related-tooltip='Compartir en Whatsapp' rel=\"noopener\"><span class='avia_hidden_link_text'>Compartir en Whatsapp<\/span><\/a><\/li><li class='av-share-link av-social-link-linkedin' ><a target=\"_blank\" aria-label=\"Compartir en LinkedIn\" href='https:\/\/linkedin.com\/shareArticle?mini=true&#038;title=Senador%20Sandoval%3A%20%20%E2%80%9CLa%20vivienda%20es%20una%20demanda%20de%20primera%20prioridad%20para%20gran%20parte%20de%20nuestras%20comunidades%E2%80%9D&#038;url=https:\/\/radiorevelacionfm.cl\/?p=16047' aria-hidden='false' data-av_icon='\ue8fc' data-av_iconfont='entypo-fontello' title='' data-avia-related-tooltip='Compartir en LinkedIn' rel=\"noopener\"><span class='avia_hidden_link_text'>Compartir en LinkedIn<\/span><\/a><\/li><li class='av-share-link av-social-link-mail' ><a  aria-label=\"Compartir por correo\" href='mailto:?subject=Senador%20Sandoval%3A%20%20%E2%80%9CLa%20vivienda%20es%20una%20demanda%20de%20primera%20prioridad%20para%20gran%20parte%20de%20nuestras%20comunidades%E2%80%9D&#038;body=https:\/\/radiorevelacionfm.cl\/?p=16047' aria-hidden='false' data-av_icon='\ue805' data-av_iconfont='entypo-fontello' title='' data-avia-related-tooltip='Compartir por correo'><span class='avia_hidden_link_text'>Compartir por correo<\/span><\/a><\/li><\/ul><\/div><\/div>\n<div  style='height:50px' class='hr hr-invisible   avia-builder-el-8  el_after_av_social_share  el_before_av_comments_list '><span class='hr-inner ' ><span class='hr-inner-style'><\/span><\/span><\/div>\n<div  class='av-buildercomment  av-blog-meta-html-info-disabled av-blog-meta-tag-disabled  '><\/div>\n","protected":false},"excerpt":{"rendered":"","protected":false},"author":1,"featured_media":16048,"comment_status":"open","ping_status":"open","sticky":false,"template":"","format":"standard","meta":{"footnotes":""},"categories":[35],"tags":[],"class_list":["post-16047","post","type-post","status-publish","format-standard","has-post-thumbnail","hentry","category-politica"],"jetpack_featured_media_url":"https:\/\/radiorevelacionfm.cl\/wp-content\/uploads\/2022\/04\/IMG_9996-1-1.jpg","_links":{"self":[{"href":"https:\/\/radiorevelacionfm.cl\/index.php?rest_route=\/wp\/v2\/posts\/16047","targetHints":{"allow":["GET"]}}],"collection":[{"href":"https:\/\/radiorevelacionfm.cl\/index.php?rest_route=\/wp\/v2\/posts"}],"about":[{"href":"https:\/\/radiorevelacionfm.cl\/index.php?rest_route=\/wp\/v2\/types\/post"}],"author":[{"embeddable":true,"href":"https:\/\/radiorevelacionfm.cl\/index.php?rest_route=\/wp\/v2\/users\/1"}],"replies":[{"embeddable":true,"href":"https:\/\/radiorevelacionfm.cl\/index.php?rest_route=%2Fwp%2Fv2%2Fcomments&post=16047"}],"version-history":[{"count":2,"href":"https:\/\/radiorevelacionfm.cl\/index.php?rest_route=\/wp\/v2\/posts\/16047\/revisions"}],"predecessor-version":[{"id":16050,"href":"https:\/\/radiorevelacionfm.cl\/index.php?rest_route=\/wp\/v2\/posts\/16047\/revisions\/16050"}],"wp:featuredmedia":[{"embeddable":true,"href":"https:\/\/radiorevelacionfm.cl\/index.php?rest_route=\/wp\/v2\/media\/16048"}],"wp:attachment":[{"href":"https:\/\/radiorevelacionfm.cl\/index.php?rest_route=%2Fwp%2Fv2%2Fmedia&parent=16047"}],"wp:term":[{"taxonomy":"category","embeddable":true,"href":"https:\/\/radiorevelacionfm.cl\/index.php?rest_route=%2Fwp%2Fv2%2Fcategories&post=16047"},{"taxonomy":"post_tag","embeddable":true,"href":"https:\/\/radiorevelacionfm.cl\/index.php?rest_route=%2Fwp%2Fv2%2Ftags&post=16047"}],"curies":[{"name":"wp","href":"https:\/\/api.w.org\/{rel}","templated":true}]}}