{"id":16043,"date":"2022-04-20T12:50:52","date_gmt":"2022-04-20T15:50:52","guid":{"rendered":"https:\/\/radiorevelacionfm.cl\/?p=16043"},"modified":"2022-04-20T12:50:52","modified_gmt":"2022-04-20T15:50:52","slug":"ministerios-de-educacion-y-de-la-mujer-y-la-equidad-de-genero-dieron-inicio-a-la-primera-jornada-nacional-hacia-una-educacion-no-sexista","status":"publish","type":"post","link":"https:\/\/radiorevelacionfm.cl\/?p=16043","title":{"rendered":"Ministerios de Educaci\u00f3n y de la Mujer y la Equidad de G\u00e9nero dieron inicio a la primera Jornada Nacional Hacia una Educaci\u00f3n No Sexista"},"content":{"rendered":"<div class=\"flex_column av_one_full  flex_column_div av-zero-column-padding first  avia-builder-el-0  el_before_av_one_full  avia-builder-el-first  \" style='border-radius:0px; '><div  class='avia-image-container  av-styling-    avia-builder-el-1  avia-builder-el-no-sibling  avia-align-center '  itemprop=\"image\" itemscope=\"itemscope\" itemtype=\"https:\/\/schema.org\/ImageObject\"  ><div class='avia-image-container-inner'><div class='avia-image-overlay-wrap'><img decoding=\"async\" class='wp-image-16044 avia-img-lazy-loading-not-16044 avia_image' src=\"https:\/\/radiorevelacionfm.cl\/wp-content\/uploads\/2022\/04\/jornada1-1-1.jpeg\" alt='' title='jornada1 (1) (1)' height=\"600\" width=\"800\"  itemprop=\"thumbnailUrl\" srcset=\"https:\/\/radiorevelacionfm.cl\/wp-content\/uploads\/2022\/04\/jornada1-1-1.jpeg 800w, https:\/\/radiorevelacionfm.cl\/wp-content\/uploads\/2022\/04\/jornada1-1-1-300x225.jpeg 300w, https:\/\/radiorevelacionfm.cl\/wp-content\/uploads\/2022\/04\/jornada1-1-1-768x576.jpeg 768w, https:\/\/radiorevelacionfm.cl\/wp-content\/uploads\/2022\/04\/jornada1-1-1-705x529.jpeg 705w, https:\/\/radiorevelacionfm.cl\/wp-content\/uploads\/2022\/04\/jornada1-1-1-600x450.jpeg 600w\" sizes=\"(max-width: 800px) 100vw, 800px\" \/><\/div><\/div><\/div><\/div><div class=\"flex_column av_one_full  flex_column_div av-zero-column-padding first  avia-builder-el-2  el_after_av_one_full  el_before_av_one_full  column-top-margin\" style='border-radius:0px; '><section class=\"av_textblock_section \"  itemscope=\"itemscope\" itemtype=\"https:\/\/schema.org\/BlogPosting\" itemprop=\"blogPost\" ><div class='avia_textblock  '   itemprop=\"text\" ><p style=\"text-align: center;\"><span style=\"font-size: 18pt;\"><b><span lang=\"ES\">Ministerios de Educaci\u00f3n y de la Mujer y la Equidad de G\u00e9nero dieron inicio a la primera Jornada Nacional Hacia una Educaci\u00f3n No Sexista<\/span><\/b><\/span><\/p>\n<div id=\"gtx-trans\" style=\"position: absolute; left: -50px; top: 4.31534px;\">\n<div class=\"gtx-trans-icon\"><\/div>\n<\/div>\n<\/div><\/section><\/div><div class=\"flex_column av_one_full  flex_column_div av-zero-column-padding first  avia-builder-el-4  el_after_av_one_full  el_before_av_hr  column-top-margin\" style='border-radius:0px; '><section class=\"av_textblock_section \"  itemscope=\"itemscope\" itemtype=\"https:\/\/schema.org\/BlogPosting\" itemprop=\"blogPost\" ><div class='avia_textblock  '   itemprop=\"text\" ><p class=\"v1MsoNormal\" style=\"text-align: justify;\"><span lang=\"ES\">Este martes, la Seremi de Educaci\u00f3n Isabel Garrido Casassa y su par de la Mujer y Equidad de G\u00e9nero Andrea M\u00e9ndez\u00a0 dieron el vamos en el Liceo Polit\u00e9cnico A 1 de Puerto Ays\u00e9n a la primera de una serie de Jornadas Hacia una Educaci\u00f3n No Sexista,<b>\u00a0<\/b>instancia a la que se invit\u00f3 a participar a todos los establecimientos educacionales del pa\u00eds.\u00a0<\/span><\/p>\n<p class=\"v1MsoNormal\" style=\"text-align: justify;\"><span lang=\"ES\">Las autoridades entregaron detalles de orientaci\u00f3n pedag\u00f3gica y formativa de esta jornada, la que se organiz\u00f3 en todo el pa\u00eds tras las denuncias de acoso y abusos por las que protestaron estudiantes de distintos liceos a inicios de este a\u00f1o. El objetivo es abrir espacios de di\u00e1logo y encuentro e iniciar un proceso de sensibilizaci\u00f3n ante pr\u00e1cticas sexistas, para fomentar relaciones de igualdad y respeto entre hombres y mujeres, y restaurar las confianzas entre las comunidades educativas.<\/span><\/p>\n<p class=\"v1MsoNormal\" style=\"text-align: justify;\"><span lang=\"ES\">Durante el d\u00eda la Seremi concurri\u00f3 tambi\u00e9n hasta la Escuela Nieves del Sur de Coyhaique donde se realiz\u00f3 un encuentro de di\u00e1logo similar con la activa participaci\u00f3n\u00a0 estudiantes de 7\u00b0y 8\u00b0 a\u00f1o b\u00e1sico del plantel. Estuvieron presentes como relatores los integrantes de la Agrupaci\u00f3n Diversa Patagonia, quienes abordaron el tema de las disidencias sexuales.<\/span><\/p>\n<p class=\"v1MsoNormal\" style=\"text-align: justify;\"><span lang=\"ES\">Para organizar esta jornada, los establecimientos recibieron\u00a0<\/span>orientaciones para equipos directivos y material pedag\u00f3gico diferenciado para 7\u00b0-8\u00b0, I\u00b0- II\u00b0, III\u00b0- IV\u00b0.\u00a0<a href=\"https:\/\/educacionnosexista.mineduc.cl\/\" target=\"_blank\" rel=\"noopener noreferrer\">Ver orientaciones<\/a>.<\/p>\n<p class=\"v1MsoNormal\" style=\"text-align: justify;\">La Seremi de Educaci\u00f3n Isabel Garrido Casassa expres\u00f3 que \u201cPara\u00a0<span lang=\"ES-MX\">nosotros como Ministerio de Educaci\u00f3n, y tambi\u00e9n como Gobierno que se declara feminista, es fundamental instalar estas tem\u00e1ticas y darnos cuenta de que los espacios escolares son los primeros formadores. Este tema tambi\u00e9n lo hemos relevado en la regi\u00f3n a trav\u00e9s de un foro virtual en el que particip\u00f3 la Diputada Emilia Schneider y la representante de la Red Austral Pedag\u00f3gica\u00a0 Feminista REDAPEF Javiera Rodr\u00edguez, con quien abordamos con una mirada integral la necesidad de avanzar en una educaci\u00f3n integradora y no sexista<\/span>\u201d.<\/p>\n<p class=\"v1MsoNormal\" style=\"text-align: justify;\">En tanto, Andrea M\u00e9ndez, Seremi de la Mujer y Equidad de G\u00e9nero coment\u00f3 que \u201cJunto a la Seremi de Educaci\u00f3n hoy quisimos reconocer a las comunidades educativas, como el Liceo Polit\u00e9cnico A1 de Puerto Ays\u00e9n, que han comprendido la urgencia de este problema, as\u00ed como otras comunidades educativas del pa\u00eds que en sinton\u00eda, hoy cambiaron sus actividades, en los niveles de 7\u00b0 b\u00e1sico a 4\u00b0 medio, para detenerse a dialogar sobre c\u00f3mo, entre todos y todas, podemos comenzar a avanzar hacia una educaci\u00f3n no sexista e inclusiva dentro de nuestras escuelas\u201d.<\/p>\n<p class=\"v1MsoNormal\" style=\"text-align: justify;\"><span lang=\"ES\">Los documentos y el material pedag\u00f3gico para estas jornadas fueron dise\u00f1ados en una mesa de trabajo integrada por representantes del Ministerio de la Mujer y la Equidad de G\u00e9nero, el INJUV, las tres subsecretar\u00edas del Ministerio de Educaci\u00f3n \u2013Educaci\u00f3n, Educaci\u00f3n Parvularia y Educaci\u00f3n Superior-, la Superintendencia de Educaci\u00f3n, la Agencia de Calidad y la Unidad de Curr\u00edculum y Evaluaci\u00f3n. Asimismo, su estructura y objetivos fueron socializados con actores de la sociedad civil especialistas en tem\u00e1ticas de g\u00e9nero y disidencias sexuales.<\/span><\/p>\n<\/div><\/section><\/div><div  style='height:50px' class='hr hr-invisible   avia-builder-el-6  el_after_av_one_full  el_before_av_social_share '><span class='hr-inner ' ><span class='hr-inner-style'><\/span><\/span><\/div><\/p>\n<div  class='av-social-sharing-box  avia-builder-el-7  el_after_av_hr  el_before_av_hr  '><div class='av-share-box'><h5 class='av-share-link-description av-no-toc '>Compartir esta noticia<\/h5><ul class='av-share-box-list noLightbox'><li class='av-share-link av-social-link-facebook' ><a target=\"_blank\" aria-label=\"Compartir en Facebook\" href='https:\/\/www.facebook.com\/sharer.php?u=https:\/\/radiorevelacionfm.cl\/?p=16043&#038;t=Ministerios%20de%20Educaci%C3%B3n%20y%20de%20la%20Mujer%20y%20la%20Equidad%20de%20G%C3%A9nero%20dieron%20inicio%20a%20la%20primera%20Jornada%20Nacional%20Hacia%20una%20Educaci%C3%B3n%20No%20Sexista' aria-hidden='false' data-av_icon='\ue8f3' data-av_iconfont='entypo-fontello' title='' data-avia-related-tooltip='Compartir en Facebook' rel=\"noopener\"><span class='avia_hidden_link_text'>Compartir en Facebook<\/span><\/a><\/li><li class='av-share-link av-social-link-twitter' ><a target=\"_blank\" aria-label=\"Compartir en Twitter\" href='https:\/\/twitter.com\/share?text=Ministerios%20de%20Educaci%C3%B3n%20y%20de%20la%20Mujer%20y%20la%20Equidad%20de%20G%C3%A9nero%20dieron%20inicio%20a%20la%20primera%20Jornada%20Nacional%20Hacia%20una%20Educaci%C3%B3n%20No%20Sexista&#038;url=https:\/\/radiorevelacionfm.cl\/?p=16043' aria-hidden='false' data-av_icon='\ue8f1' data-av_iconfont='entypo-fontello' title='' data-avia-related-tooltip='Compartir en Twitter' rel=\"noopener\"><span class='avia_hidden_link_text'>Compartir en Twitter<\/span><\/a><\/li><li class='av-share-link av-social-link-whatsapp' ><a target=\"_blank\" aria-label=\"Compartir en Whatsapp\" href='https:\/\/api.whatsapp.com\/send?text=https:\/\/radiorevelacionfm.cl\/?p=16043' aria-hidden='false' data-av_icon='\uf232' data-av_iconfont='entypo-fontello' title='' data-avia-related-tooltip='Compartir en Whatsapp' rel=\"noopener\"><span class='avia_hidden_link_text'>Compartir en Whatsapp<\/span><\/a><\/li><li class='av-share-link av-social-link-linkedin' ><a target=\"_blank\" aria-label=\"Compartir en LinkedIn\" href='https:\/\/linkedin.com\/shareArticle?mini=true&#038;title=Ministerios%20de%20Educaci%C3%B3n%20y%20de%20la%20Mujer%20y%20la%20Equidad%20de%20G%C3%A9nero%20dieron%20inicio%20a%20la%20primera%20Jornada%20Nacional%20Hacia%20una%20Educaci%C3%B3n%20No%20Sexista&#038;url=https:\/\/radiorevelacionfm.cl\/?p=16043' aria-hidden='false' data-av_icon='\ue8fc' data-av_iconfont='entypo-fontello' title='' data-avia-related-tooltip='Compartir en LinkedIn' rel=\"noopener\"><span class='avia_hidden_link_text'>Compartir en LinkedIn<\/span><\/a><\/li><li class='av-share-link av-social-link-mail' ><a  aria-label=\"Compartir por correo\" href='mailto:?subject=Ministerios%20de%20Educaci%C3%B3n%20y%20de%20la%20Mujer%20y%20la%20Equidad%20de%20G%C3%A9nero%20dieron%20inicio%20a%20la%20primera%20Jornada%20Nacional%20Hacia%20una%20Educaci%C3%B3n%20No%20Sexista&#038;body=https:\/\/radiorevelacionfm.cl\/?p=16043' aria-hidden='false' data-av_icon='\ue805' data-av_iconfont='entypo-fontello' title='' data-avia-related-tooltip='Compartir por correo'><span class='avia_hidden_link_text'>Compartir por correo<\/span><\/a><\/li><\/ul><\/div><\/div>\n<div  style='height:50px' class='hr hr-invisible   avia-builder-el-8  el_after_av_social_share  el_before_av_comments_list '><span class='hr-inner ' ><span class='hr-inner-style'><\/span><\/span><\/div>\n<div  class='av-buildercomment  av-blog-meta-html-info-disabled av-blog-meta-tag-disabled  '><\/div>\n","protected":false},"excerpt":{"rendered":"","protected":false},"author":1,"featured_media":16044,"comment_status":"open","ping_status":"open","sticky":false,"template":"","format":"standard","meta":{"footnotes":""},"categories":[49],"tags":[],"class_list":["post-16043","post","type-post","status-publish","format-standard","has-post-thumbnail","hentry","category-educacion"],"jetpack_featured_media_url":"https:\/\/radiorevelacionfm.cl\/wp-content\/uploads\/2022\/04\/jornada1-1-1.jpeg","_links":{"self":[{"href":"https:\/\/radiorevelacionfm.cl\/index.php?rest_route=\/wp\/v2\/posts\/16043","targetHints":{"allow":["GET"]}}],"collection":[{"href":"https:\/\/radiorevelacionfm.cl\/index.php?rest_route=\/wp\/v2\/posts"}],"about":[{"href":"https:\/\/radiorevelacionfm.cl\/index.php?rest_route=\/wp\/v2\/types\/post"}],"author":[{"embeddable":true,"href":"https:\/\/radiorevelacionfm.cl\/index.php?rest_route=\/wp\/v2\/users\/1"}],"replies":[{"embeddable":true,"href":"https:\/\/radiorevelacionfm.cl\/index.php?rest_route=%2Fwp%2Fv2%2Fcomments&post=16043"}],"version-history":[{"count":2,"href":"https:\/\/radiorevelacionfm.cl\/index.php?rest_route=\/wp\/v2\/posts\/16043\/revisions"}],"predecessor-version":[{"id":16046,"href":"https:\/\/radiorevelacionfm.cl\/index.php?rest_route=\/wp\/v2\/posts\/16043\/revisions\/16046"}],"wp:featuredmedia":[{"embeddable":true,"href":"https:\/\/radiorevelacionfm.cl\/index.php?rest_route=\/wp\/v2\/media\/16044"}],"wp:attachment":[{"href":"https:\/\/radiorevelacionfm.cl\/index.php?rest_route=%2Fwp%2Fv2%2Fmedia&parent=16043"}],"wp:term":[{"taxonomy":"category","embeddable":true,"href":"https:\/\/radiorevelacionfm.cl\/index.php?rest_route=%2Fwp%2Fv2%2Fcategories&post=16043"},{"taxonomy":"post_tag","embeddable":true,"href":"https:\/\/radiorevelacionfm.cl\/index.php?rest_route=%2Fwp%2Fv2%2Ftags&post=16043"}],"curies":[{"name":"wp","href":"https:\/\/api.w.org\/{rel}","templated":true}]}}