{"id":16040,"date":"2022-04-20T15:52:28","date_gmt":"2022-04-20T18:52:28","guid":{"rendered":"https:\/\/radiorevelacionfm.cl\/?p=16040"},"modified":"2022-04-20T15:52:28","modified_gmt":"2022-04-20T18:52:28","slug":"ministras-de-defensa-y-deporte-difundiran-en-aysen-plan-chile-apoya","status":"publish","type":"post","link":"https:\/\/radiorevelacionfm.cl\/?p=16040","title":{"rendered":"Ministras de Defensa y Deporte  Difundir\u00e1n en Ays\u00e9n plan Chile Apoya"},"content":{"rendered":"<div class=\"flex_column av_one_full  flex_column_div av-zero-column-padding first  avia-builder-el-0  el_before_av_one_full  avia-builder-el-first  \" style='border-radius:0px; '><div  class='avia-image-container  av-styling-    avia-builder-el-1  avia-builder-el-no-sibling  avia-align-center '  itemprop=\"image\" itemscope=\"itemscope\" itemtype=\"https:\/\/schema.org\/ImageObject\"  ><div class='avia-image-container-inner'><div class='avia-image-overlay-wrap'><img decoding=\"async\" class='wp-image-16041 avia-img-lazy-loading-not-16041 avia_image' src=\"https:\/\/radiorevelacionfm.cl\/wp-content\/uploads\/2022\/04\/chile-ayuda-1-1.jpg\" alt='' title='chile ayuda (1) (1)' height=\"600\" width=\"1079\"  itemprop=\"thumbnailUrl\" srcset=\"https:\/\/radiorevelacionfm.cl\/wp-content\/uploads\/2022\/04\/chile-ayuda-1-1.jpg 1079w, https:\/\/radiorevelacionfm.cl\/wp-content\/uploads\/2022\/04\/chile-ayuda-1-1-300x167.jpg 300w, https:\/\/radiorevelacionfm.cl\/wp-content\/uploads\/2022\/04\/chile-ayuda-1-1-1030x573.jpg 1030w, https:\/\/radiorevelacionfm.cl\/wp-content\/uploads\/2022\/04\/chile-ayuda-1-1-768x427.jpg 768w, https:\/\/radiorevelacionfm.cl\/wp-content\/uploads\/2022\/04\/chile-ayuda-1-1-705x392.jpg 705w, https:\/\/radiorevelacionfm.cl\/wp-content\/uploads\/2022\/04\/chile-ayuda-1-1-600x334.jpg 600w\" sizes=\"(max-width: 1079px) 100vw, 1079px\" \/><\/div><\/div><\/div><\/div><div class=\"flex_column av_one_full  flex_column_div av-zero-column-padding first  avia-builder-el-2  el_after_av_one_full  el_before_av_one_full  column-top-margin\" style='border-radius:0px; '><section class=\"av_textblock_section \"  itemscope=\"itemscope\" itemtype=\"https:\/\/schema.org\/BlogPosting\" itemprop=\"blogPost\" ><div class='avia_textblock  '   itemprop=\"text\" ><p style=\"text-align: center;\"><span style=\"font-size: 18pt;\"><strong>Ministras de Defensa y Deporte\u00a0<\/strong><strong>Difundir\u00e1n en Ays\u00e9n plan Chile Apoya<\/strong><\/span><\/p>\n<div id=\"gtx-trans\" style=\"position: absolute; left: -50px; top: 4.31534px;\">\n<div class=\"gtx-trans-icon\"><\/div>\n<\/div>\n<\/div><\/section><\/div><div class=\"flex_column av_one_full  flex_column_div av-zero-column-padding first  avia-builder-el-4  el_after_av_one_full  el_before_av_hr  column-top-margin\" style='border-radius:0px; '><section class=\"av_textblock_section \"  itemscope=\"itemscope\" itemtype=\"https:\/\/schema.org\/BlogPosting\" itemprop=\"blogPost\" ><div class='avia_textblock  '   itemprop=\"text\" ><p style=\"text-align: justify;\">Con el objetivo de difundir las 21 medidas del Plan de Recuperaci\u00f3n Inclusiva Chile Apoya, las ministras de Defensa, Maya Fern\u00e1ndez Allende, y de Deporte, Alexandra Benado Vergara, desarrollar\u00e1n actividades este mi\u00e9rcoles y jueves en la Regi\u00f3n de Ays\u00e9n.<\/p>\n<p style=\"text-align: justify;\">El Delegado Presidencial Regional, Rodrigo Araya Morales, expres\u00f3 que \u201cambas secretarias de Estado participar\u00e1n en diversas actividades, orientadas a materializar el compromiso del Gobierno por conocer y adecuarse a las realidades regionales, desconcentrando los lineamientos del programa a las necesidades de nuestra Regi\u00f3n de Ays\u00e9n\u201d.<\/p>\n<p style=\"text-align: justify;\">Las ministras de Defensa y Deporte comienzan con actividades en terreno, entre ellas, un recorrido en cerro El Fraile, visita al Estadio Regional de Coyhaique y al Estadio Fiscal IND.<\/p>\n<p style=\"text-align: justify;\">Para este jueves, se considera una reuni\u00f3n ampliada con la Gobernadora Regional, con el gabinete encabezado por el Delegado Presidencial Regional junto a secretarios y secretarias regionales ministeriales y encuentro con los medios de comunicaci\u00f3n locales.<\/p>\n<p style=\"text-align: justify;\">Adem\u00e1s, difundir las medidas del Plan Chile Apoya, espec\u00edficamente el Subsidio Protege Apoya, que busca apoyar a las mujeres en su regreso e inserci\u00f3n en el mundo laboral gracias al cuidado de sus hijos\/as y apoyar la reactivaci\u00f3n econ\u00f3mica de los jardines infantiles, muy afectados por la pandemia.<\/p>\n<p style=\"text-align: justify;\">\u201cNuestro gobierno tiene el compromiso de escuchar a las personas. Por esta raz\u00f3n nos interesa promover instancias de participaci\u00f3n y debate colectivo permanente, que nos doten siempre de insumos necesarios para nuestro trabajo y nos permitan apuntar a medidas que mejoren la calidad de vida de las personas, como el plan Chile Apoya\u201d, concluy\u00f3 Rodrigo Araya.<\/p>\n<p style=\"text-align: justify;\">El Plan Chile Apoya considera 21 medidas distribuidas en seis ejes: reincorporaci\u00f3n al trabajo formal remunerado; inversi\u00f3n p\u00fablica; apoyo a sectores rezagados en la recuperaci\u00f3n; impulso a las MiPyMEs; ingresos y costo de vida; e institucionalizaci\u00f3n de mecanismos de protecci\u00f3n econ\u00f3mica y social.<\/p>\n<\/div><\/section><\/div><div  style='height:50px' class='hr hr-invisible   avia-builder-el-6  el_after_av_one_full  el_before_av_social_share '><span class='hr-inner ' ><span class='hr-inner-style'><\/span><\/span><\/div><\/p>\n<div  class='av-social-sharing-box  avia-builder-el-7  el_after_av_hr  el_before_av_hr  '><div class='av-share-box'><h5 class='av-share-link-description av-no-toc '>Compartir esta noticia<\/h5><ul class='av-share-box-list noLightbox'><li class='av-share-link av-social-link-facebook' ><a target=\"_blank\" aria-label=\"Compartir en Facebook\" href='https:\/\/www.facebook.com\/sharer.php?u=https:\/\/radiorevelacionfm.cl\/?p=16040&#038;t=Ministras%20de%20Defensa%20y%20Deporte%20%20Difundir%C3%A1n%20en%20Ays%C3%A9n%20plan%20Chile%20Apoya' aria-hidden='false' data-av_icon='\ue8f3' data-av_iconfont='entypo-fontello' title='' data-avia-related-tooltip='Compartir en Facebook' rel=\"noopener\"><span class='avia_hidden_link_text'>Compartir en Facebook<\/span><\/a><\/li><li class='av-share-link av-social-link-twitter' ><a target=\"_blank\" aria-label=\"Compartir en Twitter\" href='https:\/\/twitter.com\/share?text=Ministras%20de%20Defensa%20y%20Deporte%20%20Difundir%C3%A1n%20en%20Ays%C3%A9n%20plan%20Chile%20Apoya&#038;url=https:\/\/radiorevelacionfm.cl\/?p=16040' aria-hidden='false' data-av_icon='\ue8f1' data-av_iconfont='entypo-fontello' title='' data-avia-related-tooltip='Compartir en Twitter' rel=\"noopener\"><span class='avia_hidden_link_text'>Compartir en Twitter<\/span><\/a><\/li><li class='av-share-link av-social-link-whatsapp' ><a target=\"_blank\" aria-label=\"Compartir en Whatsapp\" href='https:\/\/api.whatsapp.com\/send?text=https:\/\/radiorevelacionfm.cl\/?p=16040' aria-hidden='false' data-av_icon='\uf232' data-av_iconfont='entypo-fontello' title='' data-avia-related-tooltip='Compartir en Whatsapp' rel=\"noopener\"><span class='avia_hidden_link_text'>Compartir en Whatsapp<\/span><\/a><\/li><li class='av-share-link av-social-link-linkedin' ><a target=\"_blank\" aria-label=\"Compartir en LinkedIn\" href='https:\/\/linkedin.com\/shareArticle?mini=true&#038;title=Ministras%20de%20Defensa%20y%20Deporte%20%20Difundir%C3%A1n%20en%20Ays%C3%A9n%20plan%20Chile%20Apoya&#038;url=https:\/\/radiorevelacionfm.cl\/?p=16040' aria-hidden='false' data-av_icon='\ue8fc' data-av_iconfont='entypo-fontello' title='' data-avia-related-tooltip='Compartir en LinkedIn' rel=\"noopener\"><span class='avia_hidden_link_text'>Compartir en LinkedIn<\/span><\/a><\/li><li class='av-share-link av-social-link-mail' ><a  aria-label=\"Compartir por correo\" href='mailto:?subject=Ministras%20de%20Defensa%20y%20Deporte%20%20Difundir%C3%A1n%20en%20Ays%C3%A9n%20plan%20Chile%20Apoya&#038;body=https:\/\/radiorevelacionfm.cl\/?p=16040' aria-hidden='false' data-av_icon='\ue805' data-av_iconfont='entypo-fontello' title='' data-avia-related-tooltip='Compartir por correo'><span class='avia_hidden_link_text'>Compartir por correo<\/span><\/a><\/li><\/ul><\/div><\/div>\n<div  style='height:50px' class='hr hr-invisible   avia-builder-el-8  el_after_av_social_share  el_before_av_comments_list '><span class='hr-inner ' ><span class='hr-inner-style'><\/span><\/span><\/div>\n<div  class='av-buildercomment  av-blog-meta-html-info-disabled av-blog-meta-tag-disabled  '><\/div>\n","protected":false},"excerpt":{"rendered":"","protected":false},"author":1,"featured_media":16041,"comment_status":"open","ping_status":"open","sticky":false,"template":"","format":"standard","meta":{"footnotes":""},"categories":[35],"tags":[],"class_list":["post-16040","post","type-post","status-publish","format-standard","has-post-thumbnail","hentry","category-politica"],"jetpack_featured_media_url":"https:\/\/radiorevelacionfm.cl\/wp-content\/uploads\/2022\/04\/chile-ayuda-1-1.jpg","_links":{"self":[{"href":"https:\/\/radiorevelacionfm.cl\/index.php?rest_route=\/wp\/v2\/posts\/16040","targetHints":{"allow":["GET"]}}],"collection":[{"href":"https:\/\/radiorevelacionfm.cl\/index.php?rest_route=\/wp\/v2\/posts"}],"about":[{"href":"https:\/\/radiorevelacionfm.cl\/index.php?rest_route=\/wp\/v2\/types\/post"}],"author":[{"embeddable":true,"href":"https:\/\/radiorevelacionfm.cl\/index.php?rest_route=\/wp\/v2\/users\/1"}],"replies":[{"embeddable":true,"href":"https:\/\/radiorevelacionfm.cl\/index.php?rest_route=%2Fwp%2Fv2%2Fcomments&post=16040"}],"version-history":[{"count":2,"href":"https:\/\/radiorevelacionfm.cl\/index.php?rest_route=\/wp\/v2\/posts\/16040\/revisions"}],"predecessor-version":[{"id":16051,"href":"https:\/\/radiorevelacionfm.cl\/index.php?rest_route=\/wp\/v2\/posts\/16040\/revisions\/16051"}],"wp:featuredmedia":[{"embeddable":true,"href":"https:\/\/radiorevelacionfm.cl\/index.php?rest_route=\/wp\/v2\/media\/16041"}],"wp:attachment":[{"href":"https:\/\/radiorevelacionfm.cl\/index.php?rest_route=%2Fwp%2Fv2%2Fmedia&parent=16040"}],"wp:term":[{"taxonomy":"category","embeddable":true,"href":"https:\/\/radiorevelacionfm.cl\/index.php?rest_route=%2Fwp%2Fv2%2Fcategories&post=16040"},{"taxonomy":"post_tag","embeddable":true,"href":"https:\/\/radiorevelacionfm.cl\/index.php?rest_route=%2Fwp%2Fv2%2Ftags&post=16040"}],"curies":[{"name":"wp","href":"https:\/\/api.w.org\/{rel}","templated":true}]}}