{"id":16032,"date":"2022-04-20T12:31:46","date_gmt":"2022-04-20T15:31:46","guid":{"rendered":"https:\/\/radiorevelacionfm.cl\/?p=16032"},"modified":"2022-04-20T12:31:46","modified_gmt":"2022-04-20T15:31:46","slug":"diputada-raphael-aysen-debe-achicar-la-brecha-digital","status":"publish","type":"post","link":"https:\/\/radiorevelacionfm.cl\/?p=16032","title":{"rendered":"Diputada Raphael: \u201cAys\u00e9n debe achicar la brecha digital\u201d"},"content":{"rendered":"<div class=\"flex_column av_one_full  flex_column_div av-zero-column-padding first  avia-builder-el-0  el_before_av_one_full  avia-builder-el-first  \" style='border-radius:0px; '><div  class='avia-image-container  av-styling-    avia-builder-el-1  avia-builder-el-no-sibling  avia-align-center '  itemprop=\"image\" itemscope=\"itemscope\" itemtype=\"https:\/\/schema.org\/ImageObject\"  ><div class='avia-image-container-inner'><div class='avia-image-overlay-wrap'><img decoding=\"async\" class='wp-image-16033 avia-img-lazy-loading-not-16033 avia_image' src=\"https:\/\/radiorevelacionfm.cl\/wp-content\/uploads\/2022\/04\/MRAPHAEL2-1-1.jpg\" alt='' title='MRAPHAEL2 (1) (1)' height=\"600\" width=\"800\"  itemprop=\"thumbnailUrl\" srcset=\"https:\/\/radiorevelacionfm.cl\/wp-content\/uploads\/2022\/04\/MRAPHAEL2-1-1.jpg 800w, https:\/\/radiorevelacionfm.cl\/wp-content\/uploads\/2022\/04\/MRAPHAEL2-1-1-300x225.jpg 300w, https:\/\/radiorevelacionfm.cl\/wp-content\/uploads\/2022\/04\/MRAPHAEL2-1-1-768x576.jpg 768w, https:\/\/radiorevelacionfm.cl\/wp-content\/uploads\/2022\/04\/MRAPHAEL2-1-1-705x529.jpg 705w, https:\/\/radiorevelacionfm.cl\/wp-content\/uploads\/2022\/04\/MRAPHAEL2-1-1-600x450.jpg 600w\" sizes=\"(max-width: 800px) 100vw, 800px\" \/><\/div><\/div><\/div><\/div><div class=\"flex_column av_one_full  flex_column_div av-zero-column-padding first  avia-builder-el-2  el_after_av_one_full  el_before_av_one_full  column-top-margin\" style='border-radius:0px; '><section class=\"av_textblock_section \"  itemscope=\"itemscope\" itemtype=\"https:\/\/schema.org\/BlogPosting\" itemprop=\"blogPost\" ><div class='avia_textblock  '   itemprop=\"text\" ><p style=\"text-align: center;\"><span style=\"font-size: 18pt;\"><strong>Diputada Raphael: \u201cAys\u00e9n debe achicar la brecha digital\u201d<\/strong><\/span><\/p>\n<div id=\"gtx-trans\" style=\"position: absolute; left: -50px; top: 4.31534px;\">\n<div class=\"gtx-trans-icon\"><\/div>\n<\/div>\n<\/div><\/section><\/div><div class=\"flex_column av_one_full  flex_column_div av-zero-column-padding first  avia-builder-el-4  el_after_av_one_full  el_before_av_hr  column-top-margin\" style='border-radius:0px; '><section class=\"av_textblock_section \"  itemscope=\"itemscope\" itemtype=\"https:\/\/schema.org\/BlogPosting\" itemprop=\"blogPost\" ><div class='avia_textblock  '   itemprop=\"text\" ><p style=\"text-align: justify;\">Hace algunos d\u00edas en la C\u00e1mara Baja se discuti\u00f3 sobre la aprobaci\u00f3n del proyecto de ley que menciona el principio de equidad digital entre los estudiantes, asegurando su conectividad y acceso a internet como herramienta esencial en el derecho a la educaci\u00f3n. En tal sentido, la Diputada por la regi\u00f3n de Ays\u00e9n, dio a conocer la importante problem\u00e1tica en la materia, presente en varias localidades de la regi\u00f3n.<\/p>\n<p style=\"text-align: justify;\">De acuerdo con ello, la legisladora, mencion\u00f3 que en la regi\u00f3n existen comunas y localidades que se encuentran a\u00fan muy desconectadas en comparaci\u00f3n con el resto del pa\u00eds, sectores que no cuentan con conexi\u00f3n de fibra \u00f3ptica e incluso muchas veces, presentan la dificultad de no poder realizar una llamada producto de la mala se\u00f1al con la que cuentan.<\/p>\n<p style=\"text-align: justify;\">\u201cRepresento al Distrito 27, de la regi\u00f3n de Ays\u00e9n, una regi\u00f3n catalogada incluso como zona extrema y que como tal tiene grandes brechas de desigualdad con el resto del pa\u00eds, pues no hemos sido capaces de establecer una igualdad de trato con aquellos que se encuentran lejos de las grandes ciudades\u201d, mencion\u00f3 la Diputada Marcia Raphael en relaci\u00f3n a las dificultades de conexi\u00f3n en localidades como Villa O\u2019Higgins, Melinka, Islas Huichas, Ra\u00fal Mar\u00edn Balmaceda, entre otros. Adem\u00e1s agreg\u00f3 que \u201cdemocratizar internet, lograr la equidad al interior de la Regi\u00f3n y tambi\u00e9n con el resto del pa\u00eds, es fundamental para el desarrollo de Ays\u00e9n\u201d.<\/p>\n<p style=\"text-align: justify;\">En tal sentido, la parlamentaria se refiri\u00f3 a la imperante necesidad de modificar los contratos del Estado y contemplar gratuidad para los servicios b\u00e1sicos. Puesto que a\u00fan cuando las localidades como Puerto Cisnes cuentan con los cables de fibra \u00f3ptica, los proveedores de servicios no tienen incentivo econ\u00f3mico para habilitar la red, esto debido a los altos costos que implica tal instalaci\u00f3n y finalmente la poca cantidad de usuarios para invertir.<\/p>\n<p style=\"text-align: justify;\">Ante esto, la Diputada manifest\u00f3 que \u201cNecesitamos establecer mecanismos de subsidio y disminuir los costos para las empresas, abriendo paso a una mayor gama de prestadores de servicio de internet. Pues no se trata de rentabilidad o beneficios econ\u00f3micos, se trata de la vida de miles de chilenos y chilenas que quieren educarse, comunicarse, emprender y crecer en las zonas m\u00e1s extremas del pa\u00eds\u201d.<\/p>\n<\/div><\/section><\/div><div  style='height:50px' class='hr hr-invisible   avia-builder-el-6  el_after_av_one_full  el_before_av_social_share '><span class='hr-inner ' ><span class='hr-inner-style'><\/span><\/span><\/div><\/p>\n<div  class='av-social-sharing-box  avia-builder-el-7  el_after_av_hr  el_before_av_hr  '><div class='av-share-box'><h5 class='av-share-link-description av-no-toc '>Compartir esta noticia<\/h5><ul class='av-share-box-list noLightbox'><li class='av-share-link av-social-link-facebook' ><a target=\"_blank\" aria-label=\"Compartir en Facebook\" href='https:\/\/www.facebook.com\/sharer.php?u=https:\/\/radiorevelacionfm.cl\/?p=16032&#038;t=Diputada%20Raphael%3A%20%E2%80%9CAys%C3%A9n%20debe%20achicar%20la%20brecha%20digital%E2%80%9D' aria-hidden='false' data-av_icon='\ue8f3' data-av_iconfont='entypo-fontello' title='' data-avia-related-tooltip='Compartir en Facebook' rel=\"noopener\"><span class='avia_hidden_link_text'>Compartir en Facebook<\/span><\/a><\/li><li class='av-share-link av-social-link-twitter' ><a target=\"_blank\" aria-label=\"Compartir en Twitter\" href='https:\/\/twitter.com\/share?text=Diputada%20Raphael%3A%20%E2%80%9CAys%C3%A9n%20debe%20achicar%20la%20brecha%20digital%E2%80%9D&#038;url=https:\/\/radiorevelacionfm.cl\/?p=16032' aria-hidden='false' data-av_icon='\ue8f1' data-av_iconfont='entypo-fontello' title='' data-avia-related-tooltip='Compartir en Twitter' rel=\"noopener\"><span class='avia_hidden_link_text'>Compartir en Twitter<\/span><\/a><\/li><li class='av-share-link av-social-link-whatsapp' ><a target=\"_blank\" aria-label=\"Compartir en Whatsapp\" href='https:\/\/api.whatsapp.com\/send?text=https:\/\/radiorevelacionfm.cl\/?p=16032' aria-hidden='false' data-av_icon='\uf232' data-av_iconfont='entypo-fontello' title='' data-avia-related-tooltip='Compartir en Whatsapp' rel=\"noopener\"><span class='avia_hidden_link_text'>Compartir en Whatsapp<\/span><\/a><\/li><li class='av-share-link av-social-link-linkedin' ><a target=\"_blank\" aria-label=\"Compartir en LinkedIn\" href='https:\/\/linkedin.com\/shareArticle?mini=true&#038;title=Diputada%20Raphael%3A%20%E2%80%9CAys%C3%A9n%20debe%20achicar%20la%20brecha%20digital%E2%80%9D&#038;url=https:\/\/radiorevelacionfm.cl\/?p=16032' aria-hidden='false' data-av_icon='\ue8fc' data-av_iconfont='entypo-fontello' title='' data-avia-related-tooltip='Compartir en LinkedIn' rel=\"noopener\"><span class='avia_hidden_link_text'>Compartir en LinkedIn<\/span><\/a><\/li><li class='av-share-link av-social-link-mail' ><a  aria-label=\"Compartir por correo\" href='mailto:?subject=Diputada%20Raphael%3A%20%E2%80%9CAys%C3%A9n%20debe%20achicar%20la%20brecha%20digital%E2%80%9D&#038;body=https:\/\/radiorevelacionfm.cl\/?p=16032' aria-hidden='false' data-av_icon='\ue805' data-av_iconfont='entypo-fontello' title='' data-avia-related-tooltip='Compartir por correo'><span class='avia_hidden_link_text'>Compartir por correo<\/span><\/a><\/li><\/ul><\/div><\/div>\n<div  style='height:50px' class='hr hr-invisible   avia-builder-el-8  el_after_av_social_share  el_before_av_comments_list '><span class='hr-inner ' ><span class='hr-inner-style'><\/span><\/span><\/div>\n<div  class='av-buildercomment  av-blog-meta-html-info-disabled av-blog-meta-tag-disabled  '><\/div>\n","protected":false},"excerpt":{"rendered":"","protected":false},"author":1,"featured_media":16033,"comment_status":"open","ping_status":"open","sticky":false,"template":"","format":"standard","meta":{"footnotes":""},"categories":[35],"tags":[],"class_list":["post-16032","post","type-post","status-publish","format-standard","has-post-thumbnail","hentry","category-politica"],"jetpack_featured_media_url":"https:\/\/radiorevelacionfm.cl\/wp-content\/uploads\/2022\/04\/MRAPHAEL2-1-1.jpg","_links":{"self":[{"href":"https:\/\/radiorevelacionfm.cl\/index.php?rest_route=\/wp\/v2\/posts\/16032","targetHints":{"allow":["GET"]}}],"collection":[{"href":"https:\/\/radiorevelacionfm.cl\/index.php?rest_route=\/wp\/v2\/posts"}],"about":[{"href":"https:\/\/radiorevelacionfm.cl\/index.php?rest_route=\/wp\/v2\/types\/post"}],"author":[{"embeddable":true,"href":"https:\/\/radiorevelacionfm.cl\/index.php?rest_route=\/wp\/v2\/users\/1"}],"replies":[{"embeddable":true,"href":"https:\/\/radiorevelacionfm.cl\/index.php?rest_route=%2Fwp%2Fv2%2Fcomments&post=16032"}],"version-history":[{"count":2,"href":"https:\/\/radiorevelacionfm.cl\/index.php?rest_route=\/wp\/v2\/posts\/16032\/revisions"}],"predecessor-version":[{"id":16039,"href":"https:\/\/radiorevelacionfm.cl\/index.php?rest_route=\/wp\/v2\/posts\/16032\/revisions\/16039"}],"wp:featuredmedia":[{"embeddable":true,"href":"https:\/\/radiorevelacionfm.cl\/index.php?rest_route=\/wp\/v2\/media\/16033"}],"wp:attachment":[{"href":"https:\/\/radiorevelacionfm.cl\/index.php?rest_route=%2Fwp%2Fv2%2Fmedia&parent=16032"}],"wp:term":[{"taxonomy":"category","embeddable":true,"href":"https:\/\/radiorevelacionfm.cl\/index.php?rest_route=%2Fwp%2Fv2%2Fcategories&post=16032"},{"taxonomy":"post_tag","embeddable":true,"href":"https:\/\/radiorevelacionfm.cl\/index.php?rest_route=%2Fwp%2Fv2%2Ftags&post=16032"}],"curies":[{"name":"wp","href":"https:\/\/api.w.org\/{rel}","templated":true}]}}