{"id":16021,"date":"2022-04-19T20:54:15","date_gmt":"2022-04-19T23:54:15","guid":{"rendered":"https:\/\/radiorevelacionfm.cl\/?p=16021"},"modified":"2022-04-19T20:54:15","modified_gmt":"2022-04-19T23:54:15","slug":"sernameg-realiza-taller-sobre-violencia-de-genero-al-ejercito-de-chile-en-coyhaique","status":"publish","type":"post","link":"https:\/\/radiorevelacionfm.cl\/?p=16021","title":{"rendered":"SernamEG realiza taller sobre violencia de g\u00e9nero al Ej\u00e9rcito de Chile en Coyhaique"},"content":{"rendered":"<div class=\"flex_column av_one_full  flex_column_div av-zero-column-padding first  avia-builder-el-0  el_before_av_one_full  avia-builder-el-first  \" style='border-radius:0px; '><div  class='avia-image-container  av-styling-    avia-builder-el-1  avia-builder-el-no-sibling  avia-align-center '  itemprop=\"image\" itemscope=\"itemscope\" itemtype=\"https:\/\/schema.org\/ImageObject\"  ><div class='avia-image-container-inner'><div class='avia-image-overlay-wrap'><img decoding=\"async\" class='wp-image-16022 avia-img-lazy-loading-not-16022 avia_image' src=\"https:\/\/radiorevelacionfm.cl\/wp-content\/uploads\/2022\/04\/SernamEG-taller-Ejercito-7-1-1.jpg\" alt='' title='SernamEG taller Ejercito (7) (1) (1)' height=\"600\" width=\"1051\"  itemprop=\"thumbnailUrl\" srcset=\"https:\/\/radiorevelacionfm.cl\/wp-content\/uploads\/2022\/04\/SernamEG-taller-Ejercito-7-1-1.jpg 1051w, https:\/\/radiorevelacionfm.cl\/wp-content\/uploads\/2022\/04\/SernamEG-taller-Ejercito-7-1-1-300x171.jpg 300w, https:\/\/radiorevelacionfm.cl\/wp-content\/uploads\/2022\/04\/SernamEG-taller-Ejercito-7-1-1-1030x588.jpg 1030w, https:\/\/radiorevelacionfm.cl\/wp-content\/uploads\/2022\/04\/SernamEG-taller-Ejercito-7-1-1-768x438.jpg 768w, https:\/\/radiorevelacionfm.cl\/wp-content\/uploads\/2022\/04\/SernamEG-taller-Ejercito-7-1-1-705x402.jpg 705w, https:\/\/radiorevelacionfm.cl\/wp-content\/uploads\/2022\/04\/SernamEG-taller-Ejercito-7-1-1-600x343.jpg 600w\" sizes=\"(max-width: 1051px) 100vw, 1051px\" \/><\/div><\/div><\/div><\/div><div class=\"flex_column av_one_full  flex_column_div av-zero-column-padding first  avia-builder-el-2  el_after_av_one_full  el_before_av_one_full  column-top-margin\" style='border-radius:0px; '><section class=\"av_textblock_section \"  itemscope=\"itemscope\" itemtype=\"https:\/\/schema.org\/BlogPosting\" itemprop=\"blogPost\" ><div class='avia_textblock  '   itemprop=\"text\" ><p style=\"text-align: center;\"><strong><span style=\"font-size: 18pt;\">SernamEG realiza taller sobre violencia de g\u00e9nero al Ej\u00e9rcito de Chile en Coyhaique<\/span><\/strong><\/p>\n<div id=\"gtx-trans\" style=\"position: absolute; left: -50px; top: 4.31534px;\">\n<div class=\"gtx-trans-icon\"><\/div>\n<\/div>\n<\/div><\/section><\/div><div class=\"flex_column av_one_full  flex_column_div av-zero-column-padding first  avia-builder-el-4  el_after_av_one_full  el_before_av_hr  column-top-margin\" style='border-radius:0px; '><section class=\"av_textblock_section \"  itemscope=\"itemscope\" itemtype=\"https:\/\/schema.org\/BlogPosting\" itemprop=\"blogPost\" ><div class='avia_textblock  '   itemprop=\"text\" ><p style=\"font-weight: 400; text-align: justify;\">70 personas entre oficiales y suboficiales, del Destacamento Motorizado N\u00famero 14 Ays\u00e9n del Ej\u00e9rcito, participaron de un taller impartido por la Encargada Regional del Programa de Prevenci\u00f3n en Violencia contra las Mujeres, Patricia Mac\u00edas Hern\u00e1ndez. El modelo program\u00e1tico del Servicio Nacional de la Mujer y la Equidad de G\u00e9nero apunta a contribuir a fortalecer el rol preventivo en violencia de g\u00e9nero.<\/p>\n<p style=\"font-weight: 400; text-align: justify;\">La Directora Regional Subrogante de SernamEG, Paola Salazar Quilaleo, se refiri\u00f3 al trabajo colaborativo que la instituci\u00f3n mantiene con el Ej\u00e9rcito de Chile, informando que \u201cel a\u00f1o 2020 se realiz\u00f3 un ciclo de talleres de sensibilizaci\u00f3n que involucr\u00f3 a m\u00e1s de 200 asistentes, entre\u00a0soldados conscriptos y personal de planta y al a\u00f1o siguiente, se realizaron capacitaciones de monitoras y monitores juveniles que permiti\u00f3 la certificaci\u00f3n de 42 personas.\u00a0 Nuestro inter\u00e9s como\u00a0Servicio es llegar a la mayor cantidad de p\u00fablicos distintos, porque el cambio sociocultural necesario para la erradicaci\u00f3n de la violencia contra las mujeres, debe involucrar a toda la sociedad\u201d.<\/p>\n<p style=\"font-weight: 400; text-align: justify;\">Por su parte, el Segundo\u00a0Comandante del Destacamento Motorizado N\u00famero 14 Ays\u00e9n, Teniente Coronel Hugo Bertulini Granzotto, sostuvo que \u201ceste taller nace de la intenci\u00f3n que tenemos de capacitar a nuestro personal y mantener los enlaces con SernamEG; y a su vez, capacitar a nuestra gente para actualizar los conceptos relacionados con el abuso sexual y acoso laboral, etc\u00e9tera. Lo que pude apreciar es que se entregaron excelentes herramientas para nosotros proceder para el buen funcionamiento de los diversos procesos que realizamos, tanto en la unidad como fuera de \u00e9sta. Tambi\u00e9n para evangelizar a nuestro personal en cuanto a las relaciones que tenemos que tener entre pares\u201d.<\/p>\n<p style=\"font-weight: 400; text-align: justify;\">Algunos temas tratados durante el taller que se llev\u00f3 a cabo en el auditorio del Campo Militar \u201cCoyhaique\u201d fueron la violencia sexual y sus diferentes manifestaciones \u2013 acoso y abuso sexual- as\u00ed como la cultura de la violaci\u00f3n y los mitos que la sustentan; la cual normaliza las pr\u00e1cticas masculinas que a menudo pasan desapercibidas a causa de su naturalizaci\u00f3n. En la oportunidad, se apunt\u00f3 a que las y los participantes\u00a0lograran una comprensi\u00f3n de los temas relacionados con la violencia de g\u00e9nero, y despertar un compromiso para tener un rol participativo en la prevenci\u00f3n de esta problem\u00e1tica sociocultural, tanto en el \u00e1mbito individual como en el \u00e1mbito colectivo.<\/p>\n<p style=\"font-weight: 400; text-align: justify;\">Cabe mencionar que la actividad se enmarca en el Programa de Prevenci\u00f3n en Violencia contra las Mujeres la cual incluye dentro de sus l\u00edneas de acci\u00f3n la sensibilizaci\u00f3n, la cual intenta promover en j\u00f3venes &#8211; hombres y mujeres entre 14 y 29 a\u00f1os- y personas adultas que se vinculan con juventudes; la comprensi\u00f3n de los elementos centrales que inciden en las violencias por razones de g\u00e9nero, para concientizar y propender a transformar dicha problem\u00e1tica.\u00a0Finalmente, los talleres de sensibilizaci\u00f3n tienen una duraci\u00f3n de 2 a 6 horas pedag\u00f3gicas donde se abordan temas espec\u00edficos para la prevenci\u00f3n de la violencia de g\u00e9nero.<\/p>\n<\/div><\/section><\/div><div  style='height:50px' class='hr hr-invisible   avia-builder-el-6  el_after_av_one_full  el_before_av_social_share '><span class='hr-inner ' ><span class='hr-inner-style'><\/span><\/span><\/div><\/p>\n<div  class='av-social-sharing-box  avia-builder-el-7  el_after_av_hr  el_before_av_hr  '><div class='av-share-box'><h5 class='av-share-link-description av-no-toc '>Compartir esta noticia<\/h5><ul class='av-share-box-list noLightbox'><li class='av-share-link av-social-link-facebook' ><a target=\"_blank\" aria-label=\"Compartir en Facebook\" href='https:\/\/www.facebook.com\/sharer.php?u=https:\/\/radiorevelacionfm.cl\/?p=16021&#038;t=SernamEG%20realiza%20taller%20sobre%20violencia%20de%20g%C3%A9nero%20al%20Ej%C3%A9rcito%20de%20Chile%20en%20Coyhaique' aria-hidden='false' data-av_icon='\ue8f3' data-av_iconfont='entypo-fontello' title='' data-avia-related-tooltip='Compartir en Facebook' rel=\"noopener\"><span class='avia_hidden_link_text'>Compartir en Facebook<\/span><\/a><\/li><li class='av-share-link av-social-link-twitter' ><a target=\"_blank\" aria-label=\"Compartir en Twitter\" href='https:\/\/twitter.com\/share?text=SernamEG%20realiza%20taller%20sobre%20violencia%20de%20g%C3%A9nero%20al%20Ej%C3%A9rcito%20de%20Chile%20en%20Coyhaique&#038;url=https:\/\/radiorevelacionfm.cl\/?p=16021' aria-hidden='false' data-av_icon='\ue8f1' data-av_iconfont='entypo-fontello' title='' data-avia-related-tooltip='Compartir en Twitter' rel=\"noopener\"><span class='avia_hidden_link_text'>Compartir en Twitter<\/span><\/a><\/li><li class='av-share-link av-social-link-whatsapp' ><a target=\"_blank\" aria-label=\"Compartir en Whatsapp\" href='https:\/\/api.whatsapp.com\/send?text=https:\/\/radiorevelacionfm.cl\/?p=16021' aria-hidden='false' data-av_icon='\uf232' data-av_iconfont='entypo-fontello' title='' data-avia-related-tooltip='Compartir en Whatsapp' rel=\"noopener\"><span class='avia_hidden_link_text'>Compartir en Whatsapp<\/span><\/a><\/li><li class='av-share-link av-social-link-linkedin' ><a target=\"_blank\" aria-label=\"Compartir en LinkedIn\" href='https:\/\/linkedin.com\/shareArticle?mini=true&#038;title=SernamEG%20realiza%20taller%20sobre%20violencia%20de%20g%C3%A9nero%20al%20Ej%C3%A9rcito%20de%20Chile%20en%20Coyhaique&#038;url=https:\/\/radiorevelacionfm.cl\/?p=16021' aria-hidden='false' data-av_icon='\ue8fc' data-av_iconfont='entypo-fontello' title='' data-avia-related-tooltip='Compartir en LinkedIn' rel=\"noopener\"><span class='avia_hidden_link_text'>Compartir en LinkedIn<\/span><\/a><\/li><li class='av-share-link av-social-link-mail' ><a  aria-label=\"Compartir por correo\" href='mailto:?subject=SernamEG%20realiza%20taller%20sobre%20violencia%20de%20g%C3%A9nero%20al%20Ej%C3%A9rcito%20de%20Chile%20en%20Coyhaique&#038;body=https:\/\/radiorevelacionfm.cl\/?p=16021' aria-hidden='false' data-av_icon='\ue805' data-av_iconfont='entypo-fontello' title='' data-avia-related-tooltip='Compartir por correo'><span class='avia_hidden_link_text'>Compartir por correo<\/span><\/a><\/li><\/ul><\/div><\/div>\n<div  style='height:50px' class='hr hr-invisible   avia-builder-el-8  el_after_av_social_share  el_before_av_comments_list '><span class='hr-inner ' ><span class='hr-inner-style'><\/span><\/span><\/div>\n<div  class='av-buildercomment  av-blog-meta-html-info-disabled av-blog-meta-tag-disabled  '><\/div>\n","protected":false},"excerpt":{"rendered":"","protected":false},"author":1,"featured_media":16022,"comment_status":"open","ping_status":"open","sticky":false,"template":"","format":"standard","meta":{"footnotes":""},"categories":[38],"tags":[],"class_list":["post-16021","post","type-post","status-publish","format-standard","has-post-thumbnail","hentry","category-regional"],"jetpack_featured_media_url":"https:\/\/radiorevelacionfm.cl\/wp-content\/uploads\/2022\/04\/SernamEG-taller-Ejercito-7-1-1.jpg","_links":{"self":[{"href":"https:\/\/radiorevelacionfm.cl\/index.php?rest_route=\/wp\/v2\/posts\/16021","targetHints":{"allow":["GET"]}}],"collection":[{"href":"https:\/\/radiorevelacionfm.cl\/index.php?rest_route=\/wp\/v2\/posts"}],"about":[{"href":"https:\/\/radiorevelacionfm.cl\/index.php?rest_route=\/wp\/v2\/types\/post"}],"author":[{"embeddable":true,"href":"https:\/\/radiorevelacionfm.cl\/index.php?rest_route=\/wp\/v2\/users\/1"}],"replies":[{"embeddable":true,"href":"https:\/\/radiorevelacionfm.cl\/index.php?rest_route=%2Fwp%2Fv2%2Fcomments&post=16021"}],"version-history":[{"count":2,"href":"https:\/\/radiorevelacionfm.cl\/index.php?rest_route=\/wp\/v2\/posts\/16021\/revisions"}],"predecessor-version":[{"id":16038,"href":"https:\/\/radiorevelacionfm.cl\/index.php?rest_route=\/wp\/v2\/posts\/16021\/revisions\/16038"}],"wp:featuredmedia":[{"embeddable":true,"href":"https:\/\/radiorevelacionfm.cl\/index.php?rest_route=\/wp\/v2\/media\/16022"}],"wp:attachment":[{"href":"https:\/\/radiorevelacionfm.cl\/index.php?rest_route=%2Fwp%2Fv2%2Fmedia&parent=16021"}],"wp:term":[{"taxonomy":"category","embeddable":true,"href":"https:\/\/radiorevelacionfm.cl\/index.php?rest_route=%2Fwp%2Fv2%2Fcategories&post=16021"},{"taxonomy":"post_tag","embeddable":true,"href":"https:\/\/radiorevelacionfm.cl\/index.php?rest_route=%2Fwp%2Fv2%2Ftags&post=16021"}],"curies":[{"name":"wp","href":"https:\/\/api.w.org\/{rel}","templated":true}]}}