{"id":16018,"date":"2022-04-19T20:23:29","date_gmt":"2022-04-19T23:23:29","guid":{"rendered":"https:\/\/radiorevelacionfm.cl\/?p=16018"},"modified":"2022-04-19T20:23:29","modified_gmt":"2022-04-19T23:23:29","slug":"sag-aysen-reitera-el-llamado-a-conducir-con-precaucion-y-cuidar-la-fauna-silvestre","status":"publish","type":"post","link":"https:\/\/radiorevelacionfm.cl\/?p=16018","title":{"rendered":"SAG Ays\u00e9n reitera el llamado a conducir con precauci\u00f3n y cuidar la fauna silvestre"},"content":{"rendered":"<div class=\"flex_column av_one_full  flex_column_div av-zero-column-padding first  avia-builder-el-0  el_before_av_one_full  avia-builder-el-first  \" style='border-radius:0px; '><div  class='avia-image-container  av-styling-    avia-builder-el-1  avia-builder-el-no-sibling  avia-align-center '  itemprop=\"image\" itemscope=\"itemscope\" itemtype=\"https:\/\/schema.org\/ImageObject\"  ><div class='avia-image-container-inner'><div class='avia-image-overlay-wrap'><img decoding=\"async\" class='wp-image-16019 avia-img-lazy-loading-not-16019 avia_image' src=\"https:\/\/radiorevelacionfm.cl\/wp-content\/uploads\/2022\/04\/huemul-2-1-1.jpg\" alt='' title='huemul (2) (1) (1)' height=\"600\" width=\"900\"  itemprop=\"thumbnailUrl\" srcset=\"https:\/\/radiorevelacionfm.cl\/wp-content\/uploads\/2022\/04\/huemul-2-1-1.jpg 900w, https:\/\/radiorevelacionfm.cl\/wp-content\/uploads\/2022\/04\/huemul-2-1-1-300x200.jpg 300w, https:\/\/radiorevelacionfm.cl\/wp-content\/uploads\/2022\/04\/huemul-2-1-1-768x512.jpg 768w, https:\/\/radiorevelacionfm.cl\/wp-content\/uploads\/2022\/04\/huemul-2-1-1-705x470.jpg 705w, https:\/\/radiorevelacionfm.cl\/wp-content\/uploads\/2022\/04\/huemul-2-1-1-600x400.jpg 600w\" sizes=\"(max-width: 900px) 100vw, 900px\" \/><\/div><\/div><\/div><\/div><div class=\"flex_column av_one_full  flex_column_div av-zero-column-padding first  avia-builder-el-2  el_after_av_one_full  el_before_av_one_full  column-top-margin\" style='border-radius:0px; '><section class=\"av_textblock_section \"  itemscope=\"itemscope\" itemtype=\"https:\/\/schema.org\/BlogPosting\" itemprop=\"blogPost\" ><div class='avia_textblock  '   itemprop=\"text\" ><p style=\"text-align: center;\"><span style=\"font-size: 18pt;\"><strong>SAG Ays\u00e9n reitera el llamado a conducir con precauci\u00f3n y cuidar la fauna silvestre.<\/strong><\/span><\/p>\n<div id=\"gtx-trans\" style=\"position: absolute; left: -50px; top: 4.31534px;\">\n<div class=\"gtx-trans-icon\"><\/div>\n<\/div>\n<\/div><\/section><\/div><div class=\"flex_column av_one_full  flex_column_div av-zero-column-padding first  avia-builder-el-4  el_after_av_one_full  el_before_av_hr  column-top-margin\" style='border-radius:0px; '><section class=\"av_textblock_section \"  itemscope=\"itemscope\" itemtype=\"https:\/\/schema.org\/BlogPosting\" itemprop=\"blogPost\" ><div class='avia_textblock  '   itemprop=\"text\" ><p style=\"text-align: justify;\">SAG Ays\u00e9n reitera el llamado a conducir con precauci\u00f3n y cuidar la fauna silvestre. El Servicio Agr\u00edcola y Ganadero, hace un llamado a conducir con precauci\u00f3n en las carreteras de la regi\u00f3n de Ays\u00e9n y tomar los resguardos necesarios para proteger y cuidar la fauna silvestre, en especial a aquellas especies que se encuentran en categor\u00eda de conservaci\u00f3n, seg\u00fan lo indica la normativa vigente. Lo anterior, se debe a que durante las \u00faltimas semanas se ha evidenciado un aumento en el n\u00famero de denuncias de fauna silvestre, que han sufrido atropellos en carreteras.<\/p>\n<p style=\"text-align: justify;\">Al respecto, Pedro Isamitt, Jefe Sectorial SAG Cochrane, \u201crealizamos un llamado a los conductores que transitan por la Carretera Austral Sur y sus conexiones, a conducir respetando las velocidades sugeridas en la ruta, ya que existen sectores y \u00e9pocas del a\u00f1o, en los cuales se visualiza mayor presencia de fauna silvestre, que intentan cruzar las carreteras en compa\u00f1\u00eda de cr\u00edas. Solicitamos la colaboraci\u00f3n de la ciudadan\u00eda, en caso de encontrar o ver fauna en condici\u00f3n desfavorable, contactarse lo antes posible en cualquiera de nuestras oficinas SAG en la regi\u00f3n, para evaluar la condici\u00f3n del animal y derivarlo a los lugares m\u00e1s id\u00f3neos para su rehabilitaci\u00f3n y recuperaci\u00f3n. Es importante proteger la fauna silvestre\u201d.<\/p>\n<p style=\"text-align: justify;\">Guillermo D\u00edaz Parada, Encargado Recursos Naturales Renovables SAG, realiza un llamado a la ciudadan\u00eda a conducir a la defensiva, principalmente en rutas cercanas a Reservas y Parques Nacionales, como son la Reserva Nacional Huemules, camino a Puerto Ays\u00e9n y el Parque Nacional Cerro Castillo, en donde hemos tenido 3 atropellos de huemules con resultado muerte, en 1 a\u00f1o y 1 mes.<\/p>\n<p style=\"text-align: justify;\">La fauna silvestre chilena se caracteriza por estar representada por un n\u00famero relativamente peque\u00f1o de especies que muestran un importante nivel de endemismo, es decir, que son exclusivas del pa\u00eds. Ello implica un alto valor desde el punto de vista gen\u00e9tico y de biodiversidad.<\/p>\n<p style=\"text-align: justify;\">Finalmente, D\u00edaz solicita colaboraci\u00f3n a la ciudadan\u00eda, en caso de encontrarse con fauna silvestre en condici\u00f3n desfavorable comunic\u00e1ndose a los siguientes n\u00fameros:<\/p>\n<table>\n<tbody>\n<tr>\n<td width=\"147\"><strong>Coyhaique<\/strong><\/td>\n<td width=\"147\"><strong>Cochrane<\/strong><\/td>\n<td width=\"147\"><strong>Puerto Ays\u00e9n<\/strong><\/td>\n<td width=\"147\"><strong>Chile Chico<\/strong><\/td>\n<\/tr>\n<tr>\n<td width=\"147\">+56996938482<\/td>\n<td width=\"147\">67 2 263237<\/td>\n<td width=\"147\">+56982334012<\/td>\n<td width=\"147\">+56979778854<\/td>\n<\/tr>\n<\/tbody>\n<\/table>\n<\/div><\/section><\/div><div  style='height:50px' class='hr hr-invisible   avia-builder-el-6  el_after_av_one_full  el_before_av_social_share '><span class='hr-inner ' ><span class='hr-inner-style'><\/span><\/span><\/div><\/p>\n<div  class='av-social-sharing-box  avia-builder-el-7  el_after_av_hr  el_before_av_hr  '><div class='av-share-box'><h5 class='av-share-link-description av-no-toc '>Compartir esta noticia<\/h5><ul class='av-share-box-list noLightbox'><li class='av-share-link av-social-link-facebook' ><a target=\"_blank\" aria-label=\"Compartir en Facebook\" href='https:\/\/www.facebook.com\/sharer.php?u=https:\/\/radiorevelacionfm.cl\/?p=16018&#038;t=SAG%20Ays%C3%A9n%20reitera%20el%20llamado%20a%20conducir%20con%20precauci%C3%B3n%20y%20cuidar%20la%20fauna%20silvestre' aria-hidden='false' data-av_icon='\ue8f3' data-av_iconfont='entypo-fontello' title='' data-avia-related-tooltip='Compartir en Facebook' rel=\"noopener\"><span class='avia_hidden_link_text'>Compartir en Facebook<\/span><\/a><\/li><li class='av-share-link av-social-link-twitter' ><a target=\"_blank\" aria-label=\"Compartir en Twitter\" href='https:\/\/twitter.com\/share?text=SAG%20Ays%C3%A9n%20reitera%20el%20llamado%20a%20conducir%20con%20precauci%C3%B3n%20y%20cuidar%20la%20fauna%20silvestre&#038;url=https:\/\/radiorevelacionfm.cl\/?p=16018' aria-hidden='false' data-av_icon='\ue8f1' data-av_iconfont='entypo-fontello' title='' data-avia-related-tooltip='Compartir en Twitter' rel=\"noopener\"><span class='avia_hidden_link_text'>Compartir en Twitter<\/span><\/a><\/li><li class='av-share-link av-social-link-whatsapp' ><a target=\"_blank\" aria-label=\"Compartir en Whatsapp\" href='https:\/\/api.whatsapp.com\/send?text=https:\/\/radiorevelacionfm.cl\/?p=16018' aria-hidden='false' data-av_icon='\uf232' data-av_iconfont='entypo-fontello' title='' data-avia-related-tooltip='Compartir en Whatsapp' rel=\"noopener\"><span class='avia_hidden_link_text'>Compartir en Whatsapp<\/span><\/a><\/li><li class='av-share-link av-social-link-linkedin' ><a target=\"_blank\" aria-label=\"Compartir en LinkedIn\" href='https:\/\/linkedin.com\/shareArticle?mini=true&#038;title=SAG%20Ays%C3%A9n%20reitera%20el%20llamado%20a%20conducir%20con%20precauci%C3%B3n%20y%20cuidar%20la%20fauna%20silvestre&#038;url=https:\/\/radiorevelacionfm.cl\/?p=16018' aria-hidden='false' data-av_icon='\ue8fc' data-av_iconfont='entypo-fontello' title='' data-avia-related-tooltip='Compartir en LinkedIn' rel=\"noopener\"><span class='avia_hidden_link_text'>Compartir en LinkedIn<\/span><\/a><\/li><li class='av-share-link av-social-link-mail' ><a  aria-label=\"Compartir por correo\" href='mailto:?subject=SAG%20Ays%C3%A9n%20reitera%20el%20llamado%20a%20conducir%20con%20precauci%C3%B3n%20y%20cuidar%20la%20fauna%20silvestre&#038;body=https:\/\/radiorevelacionfm.cl\/?p=16018' aria-hidden='false' data-av_icon='\ue805' data-av_iconfont='entypo-fontello' title='' data-avia-related-tooltip='Compartir por correo'><span class='avia_hidden_link_text'>Compartir por correo<\/span><\/a><\/li><\/ul><\/div><\/div>\n<div  style='height:50px' class='hr hr-invisible   avia-builder-el-8  el_after_av_social_share  el_before_av_comments_list '><span class='hr-inner ' ><span class='hr-inner-style'><\/span><\/span><\/div>\n<div  class='av-buildercomment  av-blog-meta-html-info-disabled av-blog-meta-tag-disabled  '><\/div>\n","protected":false},"excerpt":{"rendered":"","protected":false},"author":1,"featured_media":16019,"comment_status":"open","ping_status":"open","sticky":false,"template":"","format":"standard","meta":{"footnotes":""},"categories":[38],"tags":[],"class_list":["post-16018","post","type-post","status-publish","format-standard","has-post-thumbnail","hentry","category-regional"],"jetpack_featured_media_url":"https:\/\/radiorevelacionfm.cl\/wp-content\/uploads\/2022\/04\/huemul-2-1-1.jpg","_links":{"self":[{"href":"https:\/\/radiorevelacionfm.cl\/index.php?rest_route=\/wp\/v2\/posts\/16018","targetHints":{"allow":["GET"]}}],"collection":[{"href":"https:\/\/radiorevelacionfm.cl\/index.php?rest_route=\/wp\/v2\/posts"}],"about":[{"href":"https:\/\/radiorevelacionfm.cl\/index.php?rest_route=\/wp\/v2\/types\/post"}],"author":[{"embeddable":true,"href":"https:\/\/radiorevelacionfm.cl\/index.php?rest_route=\/wp\/v2\/users\/1"}],"replies":[{"embeddable":true,"href":"https:\/\/radiorevelacionfm.cl\/index.php?rest_route=%2Fwp%2Fv2%2Fcomments&post=16018"}],"version-history":[{"count":2,"href":"https:\/\/radiorevelacionfm.cl\/index.php?rest_route=\/wp\/v2\/posts\/16018\/revisions"}],"predecessor-version":[{"id":16037,"href":"https:\/\/radiorevelacionfm.cl\/index.php?rest_route=\/wp\/v2\/posts\/16018\/revisions\/16037"}],"wp:featuredmedia":[{"embeddable":true,"href":"https:\/\/radiorevelacionfm.cl\/index.php?rest_route=\/wp\/v2\/media\/16019"}],"wp:attachment":[{"href":"https:\/\/radiorevelacionfm.cl\/index.php?rest_route=%2Fwp%2Fv2%2Fmedia&parent=16018"}],"wp:term":[{"taxonomy":"category","embeddable":true,"href":"https:\/\/radiorevelacionfm.cl\/index.php?rest_route=%2Fwp%2Fv2%2Fcategories&post=16018"},{"taxonomy":"post_tag","embeddable":true,"href":"https:\/\/radiorevelacionfm.cl\/index.php?rest_route=%2Fwp%2Fv2%2Ftags&post=16018"}],"curies":[{"name":"wp","href":"https:\/\/api.w.org\/{rel}","templated":true}]}}