{"id":16015,"date":"2022-04-19T19:02:46","date_gmt":"2022-04-19T22:02:46","guid":{"rendered":"https:\/\/radiorevelacionfm.cl\/?p=16015"},"modified":"2022-04-19T19:02:46","modified_gmt":"2022-04-19T22:02:46","slug":"este-1-de-mayo-vence-plazo-para-actualizar-domicilio-electoral-registrado","status":"publish","type":"post","link":"https:\/\/radiorevelacionfm.cl\/?p=16015","title":{"rendered":"Este 1 de mayo vence plazo para actualizar domicilio electoral registrado"},"content":{"rendered":"<div class=\"flex_column av_one_full  flex_column_div av-zero-column-padding first  avia-builder-el-0  el_before_av_one_full  avia-builder-el-first  \" style='border-radius:0px; '><div  class='avia-image-container  av-styling-    avia-builder-el-1  avia-builder-el-no-sibling  avia-align-center '  itemprop=\"image\" itemscope=\"itemscope\" itemtype=\"https:\/\/schema.org\/ImageObject\"  ><div class='avia-image-container-inner'><div class='avia-image-overlay-wrap'><img decoding=\"async\" class='wp-image-16016 avia-img-lazy-loading-not-16016 avia_image' src=\"https:\/\/radiorevelacionfm.cl\/wp-content\/uploads\/2022\/04\/AKGBHTRMPJJCDNN74IYEZVIBTM-1-1.jpg\" alt='' title='AKGBHTRMPJJCDNN74IYEZVIBTM (1) (1)' height=\"600\" width=\"1067\"  itemprop=\"thumbnailUrl\" srcset=\"https:\/\/radiorevelacionfm.cl\/wp-content\/uploads\/2022\/04\/AKGBHTRMPJJCDNN74IYEZVIBTM-1-1.jpg 1067w, https:\/\/radiorevelacionfm.cl\/wp-content\/uploads\/2022\/04\/AKGBHTRMPJJCDNN74IYEZVIBTM-1-1-300x169.jpg 300w, https:\/\/radiorevelacionfm.cl\/wp-content\/uploads\/2022\/04\/AKGBHTRMPJJCDNN74IYEZVIBTM-1-1-1030x579.jpg 1030w, https:\/\/radiorevelacionfm.cl\/wp-content\/uploads\/2022\/04\/AKGBHTRMPJJCDNN74IYEZVIBTM-1-1-768x432.jpg 768w, https:\/\/radiorevelacionfm.cl\/wp-content\/uploads\/2022\/04\/AKGBHTRMPJJCDNN74IYEZVIBTM-1-1-705x396.jpg 705w, https:\/\/radiorevelacionfm.cl\/wp-content\/uploads\/2022\/04\/AKGBHTRMPJJCDNN74IYEZVIBTM-1-1-600x337.jpg 600w\" sizes=\"(max-width: 1067px) 100vw, 1067px\" \/><\/div><\/div><\/div><\/div><div class=\"flex_column av_one_full  flex_column_div av-zero-column-padding first  avia-builder-el-2  el_after_av_one_full  el_before_av_one_full  column-top-margin\" style='border-radius:0px; '><section class=\"av_textblock_section \"  itemscope=\"itemscope\" itemtype=\"https:\/\/schema.org\/BlogPosting\" itemprop=\"blogPost\" ><div class='avia_textblock  '   itemprop=\"text\" ><p style=\"text-align: center;\"><strong><span style=\"font-size: 18pt;\">Este 1 de mayo vence plazo para actualizar domicilio electoral registrado<\/span><\/strong><\/p>\n<div id=\"gtx-trans\" style=\"position: absolute; left: -50px; top: 4.31534px;\">\n<div class=\"gtx-trans-icon\"><\/div>\n<\/div>\n<\/div><\/section><\/div><div class=\"flex_column av_one_full  flex_column_div av-zero-column-padding first  avia-builder-el-4  el_after_av_one_full  el_before_av_hr  column-top-margin\" style='border-radius:0px; '><section class=\"av_textblock_section \"  itemscope=\"itemscope\" itemtype=\"https:\/\/schema.org\/BlogPosting\" itemprop=\"blogPost\" ><div class='avia_textblock  '   itemprop=\"text\" ><p style=\"text-align: justify;\">Este<strong>\u00a01 de mayo a las 23:59 horas vence el plazo para solicitar el cambio del domicilio electoral registrado,<\/strong>\u00a0as\u00ed como cualquier modificaci\u00f3n al Registro Electoral, con miras a la elaboraci\u00f3n del Padr\u00f3n Electoral del Plebiscito Constitucional.<\/p>\n<p style=\"text-align: justify;\">Este plazo forma parte de una serie de modificaciones a la ley aprobadas por el Congreso, entre las que se hace aplicable al Plebiscito Constitucional la asignaci\u00f3n de un local cercano al domicilio electoral registrado en Servel. De esta forma, que el elector mantenga un domicilio electoral actualizado facilitar\u00e1 el cumplimiento del sufragio obligatorio para el Plebiscito Constitucional<\/p>\n<p style=\"text-align: justify;\">Tanto la consulta como la actualizaci\u00f3n del domicilio electoral se pueden realizar v\u00eda online, ingresando a\u00a0<a href=\"https:\/\/servel.us15.list-manage.com\/track\/click?u=164fc57d7a3c93ed4382fecdb&amp;id=74c0f921f2&amp;e=19a78e2c29\" target=\"_blank\" rel=\"noopener\" data-saferedirecturl=\"https:\/\/www.google.com\/url?q=https:\/\/servel.us15.list-manage.com\/track\/click?u%3D164fc57d7a3c93ed4382fecdb%26id%3D74c0f921f2%26e%3D19a78e2c29&amp;source=gmail&amp;ust=1650489906881000&amp;usg=AOvVaw2PSs3gQZE2Ghd-a27fxo4J\">miconsulta.servel.cl.<\/a>\u00a0<wbr \/>Tambi\u00e9n, se puede realizar de forma presencial en las Direcciones Regionales de Servel, en las oficinas de Chile Atiende, en los consulados de Chile en el mundo y en las oficinas del Registro Civil al renovar la c\u00e9dula de identidad o pasaporte. Para la realizaci\u00f3n del tr\u00e1mite en l\u00ednea es necesaria la Clave \u00danica, en tanto que de forma presencial s\u00f3lo bastar\u00e1 con la presentaci\u00f3n de la c\u00e9dula de identidad.<\/p>\n<p style=\"text-align: justify;\"><strong>Plebiscito Constitucional obligatorio<\/strong><\/p>\n<p style=\"text-align: justify;\">El Plebiscito Constitucional tendr\u00e1 car\u00e1cter de obligatorio para quienes tengan registrado su domicilio electoral en Chile. Quienes no concurran a votar en esta instancia, arriesgan multas que puede superar los 165 mil pesos (3 UTM).<\/p>\n<\/div><\/section><\/div><div  style='height:50px' class='hr hr-invisible   avia-builder-el-6  el_after_av_one_full  el_before_av_social_share '><span class='hr-inner ' ><span class='hr-inner-style'><\/span><\/span><\/div><\/p>\n<div  class='av-social-sharing-box  avia-builder-el-7  el_after_av_hr  el_before_av_hr  '><div class='av-share-box'><h5 class='av-share-link-description av-no-toc '>Compartir esta noticia<\/h5><ul class='av-share-box-list noLightbox'><li class='av-share-link av-social-link-facebook' ><a target=\"_blank\" aria-label=\"Compartir en Facebook\" href='https:\/\/www.facebook.com\/sharer.php?u=https:\/\/radiorevelacionfm.cl\/?p=16015&#038;t=Este%201%20de%20mayo%20vence%20plazo%20para%20actualizar%20domicilio%20electoral%20registrado' aria-hidden='false' data-av_icon='\ue8f3' data-av_iconfont='entypo-fontello' title='' data-avia-related-tooltip='Compartir en Facebook' rel=\"noopener\"><span class='avia_hidden_link_text'>Compartir en Facebook<\/span><\/a><\/li><li class='av-share-link av-social-link-twitter' ><a target=\"_blank\" aria-label=\"Compartir en Twitter\" href='https:\/\/twitter.com\/share?text=Este%201%20de%20mayo%20vence%20plazo%20para%20actualizar%20domicilio%20electoral%20registrado&#038;url=https:\/\/radiorevelacionfm.cl\/?p=16015' aria-hidden='false' data-av_icon='\ue8f1' data-av_iconfont='entypo-fontello' title='' data-avia-related-tooltip='Compartir en Twitter' rel=\"noopener\"><span class='avia_hidden_link_text'>Compartir en Twitter<\/span><\/a><\/li><li class='av-share-link av-social-link-whatsapp' ><a target=\"_blank\" aria-label=\"Compartir en Whatsapp\" href='https:\/\/api.whatsapp.com\/send?text=https:\/\/radiorevelacionfm.cl\/?p=16015' aria-hidden='false' data-av_icon='\uf232' data-av_iconfont='entypo-fontello' title='' data-avia-related-tooltip='Compartir en Whatsapp' rel=\"noopener\"><span class='avia_hidden_link_text'>Compartir en Whatsapp<\/span><\/a><\/li><li class='av-share-link av-social-link-linkedin' ><a target=\"_blank\" aria-label=\"Compartir en LinkedIn\" href='https:\/\/linkedin.com\/shareArticle?mini=true&#038;title=Este%201%20de%20mayo%20vence%20plazo%20para%20actualizar%20domicilio%20electoral%20registrado&#038;url=https:\/\/radiorevelacionfm.cl\/?p=16015' aria-hidden='false' data-av_icon='\ue8fc' data-av_iconfont='entypo-fontello' title='' data-avia-related-tooltip='Compartir en LinkedIn' rel=\"noopener\"><span class='avia_hidden_link_text'>Compartir en LinkedIn<\/span><\/a><\/li><li class='av-share-link av-social-link-mail' ><a  aria-label=\"Compartir por correo\" href='mailto:?subject=Este%201%20de%20mayo%20vence%20plazo%20para%20actualizar%20domicilio%20electoral%20registrado&#038;body=https:\/\/radiorevelacionfm.cl\/?p=16015' aria-hidden='false' data-av_icon='\ue805' data-av_iconfont='entypo-fontello' title='' data-avia-related-tooltip='Compartir por correo'><span class='avia_hidden_link_text'>Compartir por correo<\/span><\/a><\/li><\/ul><\/div><\/div>\n<div  style='height:50px' class='hr hr-invisible   avia-builder-el-8  el_after_av_social_share  el_before_av_comments_list '><span class='hr-inner ' ><span class='hr-inner-style'><\/span><\/span><\/div>\n<div  class='av-buildercomment  av-blog-meta-html-info-disabled av-blog-meta-tag-disabled  '><\/div>\n","protected":false},"excerpt":{"rendered":"","protected":false},"author":1,"featured_media":16016,"comment_status":"open","ping_status":"open","sticky":false,"template":"","format":"standard","meta":{"footnotes":""},"categories":[35],"tags":[],"class_list":["post-16015","post","type-post","status-publish","format-standard","has-post-thumbnail","hentry","category-politica"],"jetpack_featured_media_url":"https:\/\/radiorevelacionfm.cl\/wp-content\/uploads\/2022\/04\/AKGBHTRMPJJCDNN74IYEZVIBTM-1-1.jpg","_links":{"self":[{"href":"https:\/\/radiorevelacionfm.cl\/index.php?rest_route=\/wp\/v2\/posts\/16015","targetHints":{"allow":["GET"]}}],"collection":[{"href":"https:\/\/radiorevelacionfm.cl\/index.php?rest_route=\/wp\/v2\/posts"}],"about":[{"href":"https:\/\/radiorevelacionfm.cl\/index.php?rest_route=\/wp\/v2\/types\/post"}],"author":[{"embeddable":true,"href":"https:\/\/radiorevelacionfm.cl\/index.php?rest_route=\/wp\/v2\/users\/1"}],"replies":[{"embeddable":true,"href":"https:\/\/radiorevelacionfm.cl\/index.php?rest_route=%2Fwp%2Fv2%2Fcomments&post=16015"}],"version-history":[{"count":2,"href":"https:\/\/radiorevelacionfm.cl\/index.php?rest_route=\/wp\/v2\/posts\/16015\/revisions"}],"predecessor-version":[{"id":16027,"href":"https:\/\/radiorevelacionfm.cl\/index.php?rest_route=\/wp\/v2\/posts\/16015\/revisions\/16027"}],"wp:featuredmedia":[{"embeddable":true,"href":"https:\/\/radiorevelacionfm.cl\/index.php?rest_route=\/wp\/v2\/media\/16016"}],"wp:attachment":[{"href":"https:\/\/radiorevelacionfm.cl\/index.php?rest_route=%2Fwp%2Fv2%2Fmedia&parent=16015"}],"wp:term":[{"taxonomy":"category","embeddable":true,"href":"https:\/\/radiorevelacionfm.cl\/index.php?rest_route=%2Fwp%2Fv2%2Fcategories&post=16015"},{"taxonomy":"post_tag","embeddable":true,"href":"https:\/\/radiorevelacionfm.cl\/index.php?rest_route=%2Fwp%2Fv2%2Ftags&post=16015"}],"curies":[{"name":"wp","href":"https:\/\/api.w.org\/{rel}","templated":true}]}}