{"id":16003,"date":"2022-04-19T18:27:47","date_gmt":"2022-04-19T21:27:47","guid":{"rendered":"https:\/\/radiorevelacionfm.cl\/?p=16003"},"modified":"2022-04-19T18:27:47","modified_gmt":"2022-04-19T21:27:47","slug":"municipio-de-rio-ibanez-pone-abogado-a-disposicion-de-vecinos-para-tramitar-denuncias-por-mega-loteos","status":"publish","type":"post","link":"https:\/\/radiorevelacionfm.cl\/?p=16003","title":{"rendered":"Municipio de R\u00edo Ib\u00e1\u00f1ez pone abogado a disposici\u00f3n de vecinos para tramitar denuncias por mega loteos"},"content":{"rendered":"<div class=\"flex_column av_one_full  flex_column_div av-zero-column-padding first  avia-builder-el-0  el_before_av_one_full  avia-builder-el-first  \" style='border-radius:0px; '><div  class='avia-image-container  av-styling-    avia-builder-el-1  avia-builder-el-no-sibling  avia-align-center '  itemprop=\"image\" itemscope=\"itemscope\" itemtype=\"https:\/\/schema.org\/ImageObject\"  ><div class='avia-image-container-inner'><div class='avia-image-overlay-wrap'><img decoding=\"async\" class='wp-image-16004 avia-img-lazy-loading-not-16004 avia_image' src=\"https:\/\/radiorevelacionfm.cl\/wp-content\/uploads\/2022\/04\/dsc_0371-1_optimized.jpg\" alt='' title='dsc_0371-(1)_optimized' height=\"600\" width=\"759\"  itemprop=\"thumbnailUrl\" srcset=\"https:\/\/radiorevelacionfm.cl\/wp-content\/uploads\/2022\/04\/dsc_0371-1_optimized.jpg 759w, https:\/\/radiorevelacionfm.cl\/wp-content\/uploads\/2022\/04\/dsc_0371-1_optimized-300x237.jpg 300w, https:\/\/radiorevelacionfm.cl\/wp-content\/uploads\/2022\/04\/dsc_0371-1_optimized-705x557.jpg 705w, https:\/\/radiorevelacionfm.cl\/wp-content\/uploads\/2022\/04\/dsc_0371-1_optimized-600x474.jpg 600w\" sizes=\"(max-width: 759px) 100vw, 759px\" \/><\/div><\/div><\/div><\/div><div class=\"flex_column av_one_full  flex_column_div av-zero-column-padding first  avia-builder-el-2  el_after_av_one_full  el_before_av_one_full  column-top-margin\" style='border-radius:0px; '><section class=\"av_textblock_section \"  itemscope=\"itemscope\" itemtype=\"https:\/\/schema.org\/BlogPosting\" itemprop=\"blogPost\" ><div class='avia_textblock  '   itemprop=\"text\" ><p style=\"text-align: center;\"><span style=\"font-size: 18pt;\"><strong>Municipio de R\u00edo Ib\u00e1\u00f1ez pone abogado a disposici\u00f3n de vecinos para tramitar denuncias por mega loteos<\/strong><\/span><\/p>\n<div id=\"gtx-trans\" style=\"position: absolute; left: -50px; top: 4.31534px;\">\n<div class=\"gtx-trans-icon\"><\/div>\n<\/div>\n<\/div><\/section><\/div><div class=\"flex_column av_one_full  flex_column_div av-zero-column-padding first  avia-builder-el-4  el_after_av_one_full  el_before_av_hr  column-top-margin\" style='border-radius:0px; '><section class=\"av_textblock_section \"  itemscope=\"itemscope\" itemtype=\"https:\/\/schema.org\/BlogPosting\" itemprop=\"blogPost\" ><div class='avia_textblock  '   itemprop=\"text\" ><p style=\"text-align: justify;\">Los terrenos cercanos al Lago General Carrera o a sectores tur\u00edsticos como Villa Cerro Castillo y Puerto R\u00edo Tranquilo, son codiciados por los visitantes regionales y tambi\u00e9n extranjeros, lo que se ha visto reflejado en las alzas de n\u00famero de loteos rurales y tambi\u00e9n en los precios de \u00e9stos.\u00a0 Sin embargo, lo que es el sue\u00f1o de algunos, se ha convertido en la pesadilla de otros, principalmente de los vecinos de estas zonas rurales que viven de la agricultura y ganader\u00eda.<\/p>\n<p style=\"text-align: justify;\">Seg\u00fan datos de la Direcci\u00f3n Regional del Servicio Agr\u00edcola y Ganadero (SAG) de Ays\u00e9n, existe un aumento del 1.375% entre los a\u00f1os 2000 y 2021 en la creaci\u00f3n de parcelas por subdivisiones rurales, lo que significa un mayor estr\u00e9s h\u00eddrico, p\u00e9rdida de suelo \u00fatil agr\u00edcola, problemas de electrificaci\u00f3n y alcantarillado, aumento de animales dom\u00e9sticos, entre otros problemas que preocupan a la comunidad.<\/p>\n<p style=\"text-align: justify;\">El alcalde de la comuna de R\u00edo Ib\u00e1\u00f1ez, Marcelo Santana, se\u00f1ala que ante esta situaci\u00f3n \u201cse ha puesto a disposici\u00f3n un abogado que pueda acompa\u00f1ar los procesos de denuncia ante la excesiva aparici\u00f3n de mega loteos en la comuna. Para ello ya estamos preparando antecedentes para presentar la primera denuncia a la Superintendencia de Medioambiente\u201d.<\/p>\n<p style=\"text-align: justify;\">La medida fue anunciada durante una reuni\u00f3n municipal con la asociaci\u00f3n gremial La Bajada, la cual fue bien recibida por los vecinos y vecinas, una de ellas, Ver\u00f3nica Sandoval, quien afirm\u00f3 que \u201cson 178 parcelas, es como una villa m\u00e1s que va a empa\u00f1ar lo bonito del sector, aunque lo que m\u00e1s me preocupa es el agua, porque se nos va a contaminar o se nos va a acabar\u201d.<\/p>\n<p style=\"text-align: justify;\">La venta de estos terrenos no incluye la construcci\u00f3n habitacional, por lo que no ingresan necesariamente al Sistema de Evaluaci\u00f3n de Impacto Ambiental (SEIA), a pesar de esto, se ha observado que los compradores construyen aqu\u00ed su segunda o tercera vivienda. Medida que se busca reformar y que ya fue oficiado al Ministerio de Medioambiente por parte de Marcelo Santana, como presidente de la Asociaci\u00f3n Regional de Municipalidades de Ays\u00e9n (AREMU), para que todos los proyectos de m\u00e1s de 80 loteos ingresen autom\u00e1ticamente al SEIA.<\/p>\n<\/div><\/section><\/div><div  style='height:50px' class='hr hr-invisible   avia-builder-el-6  el_after_av_one_full  el_before_av_social_share '><span class='hr-inner ' ><span class='hr-inner-style'><\/span><\/span><\/div><\/p>\n<div  class='av-social-sharing-box  avia-builder-el-7  el_after_av_hr  el_before_av_hr  '><div class='av-share-box'><h5 class='av-share-link-description av-no-toc '>Compartir esta noticia<\/h5><ul class='av-share-box-list noLightbox'><li class='av-share-link av-social-link-facebook' ><a target=\"_blank\" aria-label=\"Compartir en Facebook\" href='https:\/\/www.facebook.com\/sharer.php?u=https:\/\/radiorevelacionfm.cl\/?p=16003&#038;t=Municipio%20de%20R%C3%ADo%20Ib%C3%A1%C3%B1ez%20pone%20abogado%20a%20disposici%C3%B3n%20de%20vecinos%20para%20tramitar%20denuncias%20por%20mega%20loteos' aria-hidden='false' data-av_icon='\ue8f3' data-av_iconfont='entypo-fontello' title='' data-avia-related-tooltip='Compartir en Facebook' rel=\"noopener\"><span class='avia_hidden_link_text'>Compartir en Facebook<\/span><\/a><\/li><li class='av-share-link av-social-link-twitter' ><a target=\"_blank\" aria-label=\"Compartir en Twitter\" href='https:\/\/twitter.com\/share?text=Municipio%20de%20R%C3%ADo%20Ib%C3%A1%C3%B1ez%20pone%20abogado%20a%20disposici%C3%B3n%20de%20vecinos%20para%20tramitar%20denuncias%20por%20mega%20loteos&#038;url=https:\/\/radiorevelacionfm.cl\/?p=16003' aria-hidden='false' data-av_icon='\ue8f1' data-av_iconfont='entypo-fontello' title='' data-avia-related-tooltip='Compartir en Twitter' rel=\"noopener\"><span class='avia_hidden_link_text'>Compartir en Twitter<\/span><\/a><\/li><li class='av-share-link av-social-link-whatsapp' ><a target=\"_blank\" aria-label=\"Compartir en Whatsapp\" href='https:\/\/api.whatsapp.com\/send?text=https:\/\/radiorevelacionfm.cl\/?p=16003' aria-hidden='false' data-av_icon='\uf232' data-av_iconfont='entypo-fontello' title='' data-avia-related-tooltip='Compartir en Whatsapp' rel=\"noopener\"><span class='avia_hidden_link_text'>Compartir en Whatsapp<\/span><\/a><\/li><li class='av-share-link av-social-link-linkedin' ><a target=\"_blank\" aria-label=\"Compartir en LinkedIn\" href='https:\/\/linkedin.com\/shareArticle?mini=true&#038;title=Municipio%20de%20R%C3%ADo%20Ib%C3%A1%C3%B1ez%20pone%20abogado%20a%20disposici%C3%B3n%20de%20vecinos%20para%20tramitar%20denuncias%20por%20mega%20loteos&#038;url=https:\/\/radiorevelacionfm.cl\/?p=16003' aria-hidden='false' data-av_icon='\ue8fc' data-av_iconfont='entypo-fontello' title='' data-avia-related-tooltip='Compartir en LinkedIn' rel=\"noopener\"><span class='avia_hidden_link_text'>Compartir en LinkedIn<\/span><\/a><\/li><li class='av-share-link av-social-link-mail' ><a  aria-label=\"Compartir por correo\" href='mailto:?subject=Municipio%20de%20R%C3%ADo%20Ib%C3%A1%C3%B1ez%20pone%20abogado%20a%20disposici%C3%B3n%20de%20vecinos%20para%20tramitar%20denuncias%20por%20mega%20loteos&#038;body=https:\/\/radiorevelacionfm.cl\/?p=16003' aria-hidden='false' data-av_icon='\ue805' data-av_iconfont='entypo-fontello' title='' data-avia-related-tooltip='Compartir por correo'><span class='avia_hidden_link_text'>Compartir por correo<\/span><\/a><\/li><\/ul><\/div><\/div>\n<div  style='height:50px' class='hr hr-invisible   avia-builder-el-8  el_after_av_social_share  el_before_av_comments_list '><span class='hr-inner ' ><span class='hr-inner-style'><\/span><\/span><\/div>\n<div  class='av-buildercomment  av-blog-meta-html-info-disabled av-blog-meta-tag-disabled  '><\/div>\n","protected":false},"excerpt":{"rendered":"","protected":false},"author":1,"featured_media":16004,"comment_status":"open","ping_status":"open","sticky":false,"template":"","format":"standard","meta":{"footnotes":""},"categories":[38],"tags":[],"class_list":["post-16003","post","type-post","status-publish","format-standard","has-post-thumbnail","hentry","category-regional"],"jetpack_featured_media_url":"https:\/\/radiorevelacionfm.cl\/wp-content\/uploads\/2022\/04\/dsc_0371-1_optimized.jpg","_links":{"self":[{"href":"https:\/\/radiorevelacionfm.cl\/index.php?rest_route=\/wp\/v2\/posts\/16003","targetHints":{"allow":["GET"]}}],"collection":[{"href":"https:\/\/radiorevelacionfm.cl\/index.php?rest_route=\/wp\/v2\/posts"}],"about":[{"href":"https:\/\/radiorevelacionfm.cl\/index.php?rest_route=\/wp\/v2\/types\/post"}],"author":[{"embeddable":true,"href":"https:\/\/radiorevelacionfm.cl\/index.php?rest_route=\/wp\/v2\/users\/1"}],"replies":[{"embeddable":true,"href":"https:\/\/radiorevelacionfm.cl\/index.php?rest_route=%2Fwp%2Fv2%2Fcomments&post=16003"}],"version-history":[{"count":2,"href":"https:\/\/radiorevelacionfm.cl\/index.php?rest_route=\/wp\/v2\/posts\/16003\/revisions"}],"predecessor-version":[{"id":16014,"href":"https:\/\/radiorevelacionfm.cl\/index.php?rest_route=\/wp\/v2\/posts\/16003\/revisions\/16014"}],"wp:featuredmedia":[{"embeddable":true,"href":"https:\/\/radiorevelacionfm.cl\/index.php?rest_route=\/wp\/v2\/media\/16004"}],"wp:attachment":[{"href":"https:\/\/radiorevelacionfm.cl\/index.php?rest_route=%2Fwp%2Fv2%2Fmedia&parent=16003"}],"wp:term":[{"taxonomy":"category","embeddable":true,"href":"https:\/\/radiorevelacionfm.cl\/index.php?rest_route=%2Fwp%2Fv2%2Fcategories&post=16003"},{"taxonomy":"post_tag","embeddable":true,"href":"https:\/\/radiorevelacionfm.cl\/index.php?rest_route=%2Fwp%2Fv2%2Ftags&post=16003"}],"curies":[{"name":"wp","href":"https:\/\/api.w.org\/{rel}","templated":true}]}}