{"id":15999,"date":"2022-04-19T15:26:01","date_gmt":"2022-04-19T18:26:01","guid":{"rendered":"https:\/\/radiorevelacionfm.cl\/?p=15999"},"modified":"2022-04-19T15:26:01","modified_gmt":"2022-04-19T18:26:01","slug":"diputado-calisto-lamento-rechazo-de-quinto-retiro-y-critico-al-gobierno-por-mala-comunicacion-con-otras-fuerzas-politicas","status":"publish","type":"post","link":"https:\/\/radiorevelacionfm.cl\/?p=15999","title":{"rendered":"Diputado Calisto lament\u00f3 rechazo de quinto retiro y critic\u00f3 al Gobierno por mala comunicaci\u00f3n con otras fuerzas pol\u00edticas"},"content":{"rendered":"<div class=\"flex_column av_one_full  flex_column_div av-zero-column-padding first  avia-builder-el-0  el_before_av_one_full  avia-builder-el-first  \" style='border-radius:0px; '><div  class='avia-image-container  av-styling-    avia-builder-el-1  avia-builder-el-no-sibling  avia-align-center '  itemprop=\"image\" itemscope=\"itemscope\" itemtype=\"https:\/\/schema.org\/ImageObject\"  ><div class='avia-image-container-inner'><div class='avia-image-overlay-wrap'><img decoding=\"async\" class='wp-image-16000 avia-img-lazy-loading-not-16000 avia_image' src=\"https:\/\/radiorevelacionfm.cl\/wp-content\/uploads\/2022\/04\/CON-BANCADA-1-1.jpg\" alt='' title='CON BANCADA (1) (1)' height=\"600\" width=\"1067\"  itemprop=\"thumbnailUrl\" srcset=\"https:\/\/radiorevelacionfm.cl\/wp-content\/uploads\/2022\/04\/CON-BANCADA-1-1.jpg 1067w, https:\/\/radiorevelacionfm.cl\/wp-content\/uploads\/2022\/04\/CON-BANCADA-1-1-300x169.jpg 300w, https:\/\/radiorevelacionfm.cl\/wp-content\/uploads\/2022\/04\/CON-BANCADA-1-1-1030x579.jpg 1030w, https:\/\/radiorevelacionfm.cl\/wp-content\/uploads\/2022\/04\/CON-BANCADA-1-1-768x432.jpg 768w, https:\/\/radiorevelacionfm.cl\/wp-content\/uploads\/2022\/04\/CON-BANCADA-1-1-705x396.jpg 705w, https:\/\/radiorevelacionfm.cl\/wp-content\/uploads\/2022\/04\/CON-BANCADA-1-1-600x337.jpg 600w\" sizes=\"(max-width: 1067px) 100vw, 1067px\" \/><\/div><\/div><\/div><\/div><div class=\"flex_column av_one_full  flex_column_div av-zero-column-padding first  avia-builder-el-2  el_after_av_one_full  el_before_av_one_full  column-top-margin\" style='border-radius:0px; '><section class=\"av_textblock_section \"  itemscope=\"itemscope\" itemtype=\"https:\/\/schema.org\/BlogPosting\" itemprop=\"blogPost\" ><div class='avia_textblock  '   itemprop=\"text\" ><p style=\"text-align: center;\"><strong><span style=\"font-size: 18pt;\">Diputado Calisto lament\u00f3 rechazo de quinto retiro y critic\u00f3 al Gobierno por mala comunicaci\u00f3n con otras fuerzas pol\u00edticas<\/span><\/strong><\/p>\n<div id=\"gtx-trans\" style=\"position: absolute; left: -50px; top: 4.31534px;\">\n<div class=\"gtx-trans-icon\"><\/div>\n<\/div>\n<\/div><\/section><\/div><div class=\"flex_column av_one_full  flex_column_div av-zero-column-padding first  avia-builder-el-4  el_after_av_one_full  el_before_av_hr  column-top-margin\" style='border-radius:0px; '><section class=\"av_textblock_section \"  itemscope=\"itemscope\" itemtype=\"https:\/\/schema.org\/BlogPosting\" itemprop=\"blogPost\" ><div class='avia_textblock  '   itemprop=\"text\" ><p style=\"text-align: justify;\">Como lamentable calific\u00f3 el diputado Miguel \u00c1ngel Calisto el rechazo del proyecto que permit\u00eda un quinto retiro ampliado de un porcentaje de los ahorros previsionales, hecho por el cual tuvo duras cr\u00edticas contra el Gobierno, asegurando que el fracaso de ambos proyectos reflejan una falta de comunicaci\u00f3n pol\u00edtica por parte del ejecutivo.<\/p>\n<p style=\"text-align: justify;\">Seg\u00fan el diputado, \u201cla bancada DC se la jug\u00f3 absolutamente por el quinto retiro sin letra chica, el que tramitamos desde la comisi\u00f3n de Constituci\u00f3n de la C\u00e1mara. Lamentablemente, el gobierno decidi\u00f3 una estrategia distinta, que fue tramitar un proyecto expr\u00e9s, sin mucho estudio a trav\u00e9s de la comisi\u00f3n de trabajo, y finalmente hoy tenemos el resultado, el que refleja la falta de comunicaci\u00f3n pol\u00edtica por parte del Gobierno\u201d.<\/p>\n<p style=\"text-align: justify;\">El legislador agreg\u00f3 que \u201choy queremos invitar desde la bancada de la Democracia Cristiana a todos los sectores pol\u00edticos, al Gobierno tambi\u00e9n por supuesto, a construir un gran acuerdo para un nuevo sistema de pensiones, que permita avanzar en un sistema tripartito, con solidaridad y, sobre todo, garantizando libertad en la administraci\u00f3n de los fondos\u201d.<\/p>\n<p style=\"text-align: justify;\">\u201cChile se merece avanzar en una reforma de pensiones que d\u00e9 garant\u00edas en los pr\u00f3ximos treinta o cuarenta a\u00f1os\u201d.<\/p>\n<p style=\"text-align: justify;\">Finalmente, en la intervenci\u00f3n que hizo el diputado Calisto durante la discusi\u00f3n del proyecto del Gobierno, asegur\u00f3 que \u201cc\u00f3mo la gente no se va a decepcionar de la pol\u00edtica si quienes promovieron los retiros de pensiones de manera activa durante el gobierno anterior, hoy muestran un conservadurismo a ultranza, criticando este quinto retiro. Yo me pregunto si antes apoyaron porque quer\u00edan ayudar a la gente, o s\u00f3lo quer\u00edan generarle una crisis al Gobierno anterior\u201d.<\/p>\n<\/div><\/section><\/div><div  style='height:50px' class='hr hr-invisible   avia-builder-el-6  el_after_av_one_full  el_before_av_social_share '><span class='hr-inner ' ><span class='hr-inner-style'><\/span><\/span><\/div><\/p>\n<div  class='av-social-sharing-box  avia-builder-el-7  el_after_av_hr  el_before_av_hr  '><div class='av-share-box'><h5 class='av-share-link-description av-no-toc '>Compartir esta noticia<\/h5><ul class='av-share-box-list noLightbox'><li class='av-share-link av-social-link-facebook' ><a target=\"_blank\" aria-label=\"Compartir en Facebook\" href='https:\/\/www.facebook.com\/sharer.php?u=https:\/\/radiorevelacionfm.cl\/?p=15999&#038;t=Diputado%20Calisto%20lament%C3%B3%20rechazo%20de%20quinto%20retiro%20y%20critic%C3%B3%20al%20Gobierno%20por%20mala%20comunicaci%C3%B3n%20con%20otras%20fuerzas%20pol%C3%ADticas' aria-hidden='false' data-av_icon='\ue8f3' data-av_iconfont='entypo-fontello' title='' data-avia-related-tooltip='Compartir en Facebook' rel=\"noopener\"><span class='avia_hidden_link_text'>Compartir en Facebook<\/span><\/a><\/li><li class='av-share-link av-social-link-twitter' ><a target=\"_blank\" aria-label=\"Compartir en Twitter\" href='https:\/\/twitter.com\/share?text=Diputado%20Calisto%20lament%C3%B3%20rechazo%20de%20quinto%20retiro%20y%20critic%C3%B3%20al%20Gobierno%20por%20mala%20comunicaci%C3%B3n%20con%20otras%20fuerzas%20pol%C3%ADticas&#038;url=https:\/\/radiorevelacionfm.cl\/?p=15999' aria-hidden='false' data-av_icon='\ue8f1' data-av_iconfont='entypo-fontello' title='' data-avia-related-tooltip='Compartir en Twitter' rel=\"noopener\"><span class='avia_hidden_link_text'>Compartir en Twitter<\/span><\/a><\/li><li class='av-share-link av-social-link-whatsapp' ><a target=\"_blank\" aria-label=\"Compartir en Whatsapp\" href='https:\/\/api.whatsapp.com\/send?text=https:\/\/radiorevelacionfm.cl\/?p=15999' aria-hidden='false' data-av_icon='\uf232' data-av_iconfont='entypo-fontello' title='' data-avia-related-tooltip='Compartir en Whatsapp' rel=\"noopener\"><span class='avia_hidden_link_text'>Compartir en Whatsapp<\/span><\/a><\/li><li class='av-share-link av-social-link-linkedin' ><a target=\"_blank\" aria-label=\"Compartir en LinkedIn\" href='https:\/\/linkedin.com\/shareArticle?mini=true&#038;title=Diputado%20Calisto%20lament%C3%B3%20rechazo%20de%20quinto%20retiro%20y%20critic%C3%B3%20al%20Gobierno%20por%20mala%20comunicaci%C3%B3n%20con%20otras%20fuerzas%20pol%C3%ADticas&#038;url=https:\/\/radiorevelacionfm.cl\/?p=15999' aria-hidden='false' data-av_icon='\ue8fc' data-av_iconfont='entypo-fontello' title='' data-avia-related-tooltip='Compartir en LinkedIn' rel=\"noopener\"><span class='avia_hidden_link_text'>Compartir en LinkedIn<\/span><\/a><\/li><li class='av-share-link av-social-link-mail' ><a  aria-label=\"Compartir por correo\" href='mailto:?subject=Diputado%20Calisto%20lament%C3%B3%20rechazo%20de%20quinto%20retiro%20y%20critic%C3%B3%20al%20Gobierno%20por%20mala%20comunicaci%C3%B3n%20con%20otras%20fuerzas%20pol%C3%ADticas&#038;body=https:\/\/radiorevelacionfm.cl\/?p=15999' aria-hidden='false' data-av_icon='\ue805' data-av_iconfont='entypo-fontello' title='' data-avia-related-tooltip='Compartir por correo'><span class='avia_hidden_link_text'>Compartir por correo<\/span><\/a><\/li><\/ul><\/div><\/div>\n<div  style='height:50px' class='hr hr-invisible   avia-builder-el-8  el_after_av_social_share  el_before_av_comments_list '><span class='hr-inner ' ><span class='hr-inner-style'><\/span><\/span><\/div>\n<div  class='av-buildercomment  av-blog-meta-html-info-disabled av-blog-meta-tag-disabled  '><\/div>\n","protected":false},"excerpt":{"rendered":"","protected":false},"author":1,"featured_media":16000,"comment_status":"open","ping_status":"open","sticky":false,"template":"","format":"standard","meta":{"footnotes":""},"categories":[35],"tags":[],"class_list":["post-15999","post","type-post","status-publish","format-standard","has-post-thumbnail","hentry","category-politica"],"jetpack_featured_media_url":"https:\/\/radiorevelacionfm.cl\/wp-content\/uploads\/2022\/04\/CON-BANCADA-1-1.jpg","_links":{"self":[{"href":"https:\/\/radiorevelacionfm.cl\/index.php?rest_route=\/wp\/v2\/posts\/15999","targetHints":{"allow":["GET"]}}],"collection":[{"href":"https:\/\/radiorevelacionfm.cl\/index.php?rest_route=\/wp\/v2\/posts"}],"about":[{"href":"https:\/\/radiorevelacionfm.cl\/index.php?rest_route=\/wp\/v2\/types\/post"}],"author":[{"embeddable":true,"href":"https:\/\/radiorevelacionfm.cl\/index.php?rest_route=\/wp\/v2\/users\/1"}],"replies":[{"embeddable":true,"href":"https:\/\/radiorevelacionfm.cl\/index.php?rest_route=%2Fwp%2Fv2%2Fcomments&post=15999"}],"version-history":[{"count":2,"href":"https:\/\/radiorevelacionfm.cl\/index.php?rest_route=\/wp\/v2\/posts\/15999\/revisions"}],"predecessor-version":[{"id":16002,"href":"https:\/\/radiorevelacionfm.cl\/index.php?rest_route=\/wp\/v2\/posts\/15999\/revisions\/16002"}],"wp:featuredmedia":[{"embeddable":true,"href":"https:\/\/radiorevelacionfm.cl\/index.php?rest_route=\/wp\/v2\/media\/16000"}],"wp:attachment":[{"href":"https:\/\/radiorevelacionfm.cl\/index.php?rest_route=%2Fwp%2Fv2%2Fmedia&parent=15999"}],"wp:term":[{"taxonomy":"category","embeddable":true,"href":"https:\/\/radiorevelacionfm.cl\/index.php?rest_route=%2Fwp%2Fv2%2Fcategories&post=15999"},{"taxonomy":"post_tag","embeddable":true,"href":"https:\/\/radiorevelacionfm.cl\/index.php?rest_route=%2Fwp%2Fv2%2Ftags&post=15999"}],"curies":[{"name":"wp","href":"https:\/\/api.w.org\/{rel}","templated":true}]}}