{"id":15994,"date":"2022-04-19T12:28:35","date_gmt":"2022-04-19T15:28:35","guid":{"rendered":"https:\/\/radiorevelacionfm.cl\/?p=15994"},"modified":"2022-04-19T12:28:35","modified_gmt":"2022-04-19T15:28:35","slug":"seremis-de-salud-y-educacion-coordinan-acciones-para-trabajo-de-salud-publica-en-establecimientos-educacionales-de-la-region","status":"publish","type":"post","link":"https:\/\/radiorevelacionfm.cl\/?p=15994","title":{"rendered":"Seremis de Salud y Educaci\u00f3n:  Coordinan acciones para trabajo de Salud P\u00fablica en establecimientos educacionales de la regi\u00f3n"},"content":{"rendered":"<div class=\"flex_column av_one_full  flex_column_div av-zero-column-padding first  avia-builder-el-0  el_before_av_one_full  avia-builder-el-first  \" style='border-radius:0px; '><div  class='avia-image-container  av-styling-    avia-builder-el-1  avia-builder-el-no-sibling  avia-align-center '  itemprop=\"image\" itemscope=\"itemscope\" itemtype=\"https:\/\/schema.org\/ImageObject\"  ><div class='avia-image-container-inner'><div class='avia-image-overlay-wrap'><img decoding=\"async\" class='wp-image-15995 avia-img-lazy-loading-not-15995 avia_image' src=\"https:\/\/radiorevelacionfm.cl\/wp-content\/uploads\/2022\/04\/jornada-seremis-1-1.jpg\" alt='' title='jornada seremis (1) (1)' height=\"600\" width=\"802\"  itemprop=\"thumbnailUrl\" srcset=\"https:\/\/radiorevelacionfm.cl\/wp-content\/uploads\/2022\/04\/jornada-seremis-1-1.jpg 802w, https:\/\/radiorevelacionfm.cl\/wp-content\/uploads\/2022\/04\/jornada-seremis-1-1-300x224.jpg 300w, https:\/\/radiorevelacionfm.cl\/wp-content\/uploads\/2022\/04\/jornada-seremis-1-1-768x575.jpg 768w, https:\/\/radiorevelacionfm.cl\/wp-content\/uploads\/2022\/04\/jornada-seremis-1-1-705x527.jpg 705w, https:\/\/radiorevelacionfm.cl\/wp-content\/uploads\/2022\/04\/jornada-seremis-1-1-600x449.jpg 600w\" sizes=\"(max-width: 802px) 100vw, 802px\" \/><\/div><\/div><\/div><\/div><div class=\"flex_column av_one_full  flex_column_div av-zero-column-padding first  avia-builder-el-2  el_after_av_one_full  el_before_av_one_full  column-top-margin\" style='border-radius:0px; '><section class=\"av_textblock_section \"  itemscope=\"itemscope\" itemtype=\"https:\/\/schema.org\/BlogPosting\" itemprop=\"blogPost\" ><div class='avia_textblock  '   itemprop=\"text\" ><p style=\"text-align: center;\"><span style=\"font-size: 18pt;\"><strong>Seremis de Salud y Educaci\u00f3n c<\/strong><strong>oordinan acciones para trabajo de Salud P\u00fablica en establecimientos educacionales de la regi\u00f3n<\/strong><\/span><\/p>\n<div id=\"gtx-trans\" style=\"position: absolute; left: -50px; top: 4.31534px;\">\n<div class=\"gtx-trans-icon\"><\/div>\n<\/div>\n<\/div><\/section><\/div><div class=\"flex_column av_one_full  flex_column_div av-zero-column-padding first  avia-builder-el-4  el_after_av_one_full  el_before_av_hr  column-top-margin\" style='border-radius:0px; '><section class=\"av_textblock_section \"  itemscope=\"itemscope\" itemtype=\"https:\/\/schema.org\/BlogPosting\" itemprop=\"blogPost\" ><div class='avia_textblock  '   itemprop=\"text\" ><p style=\"text-align: justify;\">En el marco del proceso de reencuentro seguro en el aula, que promueve el Ministerio de Educaci\u00f3n, funcionarios de las secretar\u00edas ministeriales de Salud y Educaci\u00f3n sostuvieron una jornada de trabajo con la finalidad de articular las acciones a desarrollar durante este 2022 en materia de planes y programas de salud a nivel de establecimientos educacionales, adem\u00e1s de abordar tem\u00e1ticas relacionadas a normativas y protocolos de autocuidado frente al COVID 19.<\/p>\n<p style=\"text-align: justify;\">As\u00ed lo dio a conocer la Seremi de Educaci\u00f3n, Isabel Garrido, quien valor\u00f3 la puesta en marcha de este trabajo intersectorial.\u00a0 \u201cQuisimos reactivar estos espacios de conversaci\u00f3n entre Salud y\u00a0 Educaci\u00f3n con enfoque al retorno de las clases presenciales, y c\u00f3mo esto est\u00e1 afectando a los ni\u00f1os y ni\u00f1as.\u00a0 Sabemos que hay un retraso en las atenciones preventivas de varias \u00e1reas, como: salud mental, prevenci\u00f3n del embarazo adolescente\u2026 en obesidad, entonces queremos monitorear con salud qu\u00e9 es lo que est\u00e1 pasando en estas materias y c\u00f3mo podemos orientar el servicio educativo \u00a0para solucionar estos problemas con un enfoque preventivo. Y c\u00f3mo las nuevas medidas sanitarias van a influir en los establecimientos educacionales\u201d.<\/p>\n<p style=\"text-align: justify;\">En este contexto, la Seremi de Salud, Carmen Gloria Monsalve, entreg\u00f3 m\u00e1s antecedentes respecto a esta actividad. \u201cEn esta instancia de trabajo conjunto, quisimos relevar la importancia de mantener la coordinaci\u00f3n entre ambos sectores, considerando que el retorno a clases &#8211; en un contexto pand\u00e9mico- gener\u00f3 mucho impacto no solamente en la salud f\u00edsica, sino que mental de los ni\u00f1os y ni\u00f1as, adolescentes, y por supuesto, del personal educativo que recibe a esos ni\u00f1os en las escuelas. En ese contexto, hemos relevado la importancia de poder identificar la oferta que hoy tiene disponible la red asistencial que debe dar respuesta a la demanda nueva que debe comenzar a levantarse respecto a los efectos de la pandemia.\u00a0 Adem\u00e1s, se ha relevado desde la Autoridad Sanitaria que ese retorno sea en un contexto seguro, es muy importante avanzar en estrategias que nos permitan aumentar las coberturas de vacunaci\u00f3n, la b\u00fasqueda activa de casos escolares, y de esta forma poder resguardar que este retorno sea seguro y tambi\u00e9n conociendo la oferta que existe en la red para generar esos enlaces que van a\u00a0 permitir dar un apoyo para mejorar la salud de todos nuestros entornos educativos\u201d.<\/p>\n<p style=\"text-align: justify;\">Durante esta jornada, los funcionarios del Mineduc se interiorizaron respecto de las nuevas orientaciones sanitarias que buscan que las comunidades educativas de jardines infantiles y establecimientos educacionales puedan volver a encontrarse en un entorno de seguridad y estabilidad. Estas orientaciones responden al inter\u00e9s del Gobierno por garantizar el derecho a la educaci\u00f3n y el respeto de medidas sanitarias de toda la poblaci\u00f3n, para que ni\u00f1os, ni\u00f1as, adolescentes, j\u00f3venes y adultos, puedan continuar con sus aprendizajes y ser asistidos de manera integral, en cada una de sus necesidades educativas.<\/p>\n<\/div><\/section><\/div><div  style='height:50px' class='hr hr-invisible   avia-builder-el-6  el_after_av_one_full  el_before_av_social_share '><span class='hr-inner ' ><span class='hr-inner-style'><\/span><\/span><\/div><\/p>\n<div  class='av-social-sharing-box  avia-builder-el-7  el_after_av_hr  el_before_av_hr  '><div class='av-share-box'><h5 class='av-share-link-description av-no-toc '>Compartir esta noticia<\/h5><ul class='av-share-box-list noLightbox'><li class='av-share-link av-social-link-facebook' ><a target=\"_blank\" aria-label=\"Compartir en Facebook\" href='https:\/\/www.facebook.com\/sharer.php?u=https:\/\/radiorevelacionfm.cl\/?p=15994&#038;t=Seremis%20de%20Salud%20y%20Educaci%C3%B3n%3A%20%20Coordinan%20acciones%20para%20trabajo%20de%20Salud%20P%C3%BAblica%20en%20establecimientos%20educacionales%20de%20la%20regi%C3%B3n' aria-hidden='false' data-av_icon='\ue8f3' data-av_iconfont='entypo-fontello' title='' data-avia-related-tooltip='Compartir en Facebook' rel=\"noopener\"><span class='avia_hidden_link_text'>Compartir en Facebook<\/span><\/a><\/li><li class='av-share-link av-social-link-twitter' ><a target=\"_blank\" aria-label=\"Compartir en Twitter\" href='https:\/\/twitter.com\/share?text=Seremis%20de%20Salud%20y%20Educaci%C3%B3n%3A%20%20Coordinan%20acciones%20para%20trabajo%20de%20Salud%20P%C3%BAblica%20en%20establecimientos%20educacionales%20de%20la%20regi%C3%B3n&#038;url=https:\/\/radiorevelacionfm.cl\/?p=15994' aria-hidden='false' data-av_icon='\ue8f1' data-av_iconfont='entypo-fontello' title='' data-avia-related-tooltip='Compartir en Twitter' rel=\"noopener\"><span class='avia_hidden_link_text'>Compartir en Twitter<\/span><\/a><\/li><li class='av-share-link av-social-link-whatsapp' ><a target=\"_blank\" aria-label=\"Compartir en Whatsapp\" href='https:\/\/api.whatsapp.com\/send?text=https:\/\/radiorevelacionfm.cl\/?p=15994' aria-hidden='false' data-av_icon='\uf232' data-av_iconfont='entypo-fontello' title='' data-avia-related-tooltip='Compartir en Whatsapp' rel=\"noopener\"><span class='avia_hidden_link_text'>Compartir en Whatsapp<\/span><\/a><\/li><li class='av-share-link av-social-link-linkedin' ><a target=\"_blank\" aria-label=\"Compartir en LinkedIn\" href='https:\/\/linkedin.com\/shareArticle?mini=true&#038;title=Seremis%20de%20Salud%20y%20Educaci%C3%B3n%3A%20%20Coordinan%20acciones%20para%20trabajo%20de%20Salud%20P%C3%BAblica%20en%20establecimientos%20educacionales%20de%20la%20regi%C3%B3n&#038;url=https:\/\/radiorevelacionfm.cl\/?p=15994' aria-hidden='false' data-av_icon='\ue8fc' data-av_iconfont='entypo-fontello' title='' data-avia-related-tooltip='Compartir en LinkedIn' rel=\"noopener\"><span class='avia_hidden_link_text'>Compartir en LinkedIn<\/span><\/a><\/li><li class='av-share-link av-social-link-mail' ><a  aria-label=\"Compartir por correo\" href='mailto:?subject=Seremis%20de%20Salud%20y%20Educaci%C3%B3n%3A%20%20Coordinan%20acciones%20para%20trabajo%20de%20Salud%20P%C3%BAblica%20en%20establecimientos%20educacionales%20de%20la%20regi%C3%B3n&#038;body=https:\/\/radiorevelacionfm.cl\/?p=15994' aria-hidden='false' data-av_icon='\ue805' data-av_iconfont='entypo-fontello' title='' data-avia-related-tooltip='Compartir por correo'><span class='avia_hidden_link_text'>Compartir por correo<\/span><\/a><\/li><\/ul><\/div><\/div>\n<div  style='height:50px' class='hr hr-invisible   avia-builder-el-8  el_after_av_social_share  el_before_av_comments_list '><span class='hr-inner ' ><span class='hr-inner-style'><\/span><\/span><\/div>\n<div  class='av-buildercomment  av-blog-meta-html-info-disabled av-blog-meta-tag-disabled  '><\/div>\n","protected":false},"excerpt":{"rendered":"","protected":false},"author":1,"featured_media":15995,"comment_status":"open","ping_status":"open","sticky":false,"template":"","format":"standard","meta":{"footnotes":""},"categories":[49],"tags":[],"class_list":["post-15994","post","type-post","status-publish","format-standard","has-post-thumbnail","hentry","category-educacion"],"jetpack_featured_media_url":"https:\/\/radiorevelacionfm.cl\/wp-content\/uploads\/2022\/04\/jornada-seremis-1-1.jpg","_links":{"self":[{"href":"https:\/\/radiorevelacionfm.cl\/index.php?rest_route=\/wp\/v2\/posts\/15994","targetHints":{"allow":["GET"]}}],"collection":[{"href":"https:\/\/radiorevelacionfm.cl\/index.php?rest_route=\/wp\/v2\/posts"}],"about":[{"href":"https:\/\/radiorevelacionfm.cl\/index.php?rest_route=\/wp\/v2\/types\/post"}],"author":[{"embeddable":true,"href":"https:\/\/radiorevelacionfm.cl\/index.php?rest_route=\/wp\/v2\/users\/1"}],"replies":[{"embeddable":true,"href":"https:\/\/radiorevelacionfm.cl\/index.php?rest_route=%2Fwp%2Fv2%2Fcomments&post=15994"}],"version-history":[{"count":2,"href":"https:\/\/radiorevelacionfm.cl\/index.php?rest_route=\/wp\/v2\/posts\/15994\/revisions"}],"predecessor-version":[{"id":15998,"href":"https:\/\/radiorevelacionfm.cl\/index.php?rest_route=\/wp\/v2\/posts\/15994\/revisions\/15998"}],"wp:featuredmedia":[{"embeddable":true,"href":"https:\/\/radiorevelacionfm.cl\/index.php?rest_route=\/wp\/v2\/media\/15995"}],"wp:attachment":[{"href":"https:\/\/radiorevelacionfm.cl\/index.php?rest_route=%2Fwp%2Fv2%2Fmedia&parent=15994"}],"wp:term":[{"taxonomy":"category","embeddable":true,"href":"https:\/\/radiorevelacionfm.cl\/index.php?rest_route=%2Fwp%2Fv2%2Fcategories&post=15994"},{"taxonomy":"post_tag","embeddable":true,"href":"https:\/\/radiorevelacionfm.cl\/index.php?rest_route=%2Fwp%2Fv2%2Ftags&post=15994"}],"curies":[{"name":"wp","href":"https:\/\/api.w.org\/{rel}","templated":true}]}}