{"id":15989,"date":"2022-04-19T10:15:55","date_gmt":"2022-04-19T13:15:55","guid":{"rendered":"https:\/\/radiorevelacionfm.cl\/?p=15989"},"modified":"2022-04-19T10:15:55","modified_gmt":"2022-04-19T13:15:55","slug":"se-desarrollo-exitoso-conversatorio-de-convivencia-escolar-organizado-por-el-dem-aysen-con-intercambio-de-ideas-y-creacion-de-alianzas-estrategicas","status":"publish","type":"post","link":"https:\/\/radiorevelacionfm.cl\/?p=15989","title":{"rendered":"Se desarroll\u00f3 exitoso conversatorio de Convivencia Escolar organizado por el DEM Ays\u00e9n, con intercambio de ideas y creaci\u00f3n de alianzas estrat\u00e9gicas."},"content":{"rendered":"<p>6666666666666666666666<div class=\"flex_column av_one_full  flex_column_div av-zero-column-padding first  avia-builder-el-0  el_before_av_one_full  avia-builder-el-first  \" style='border-radius:0px; '><section class=\"av_textblock_section \"  itemscope=\"itemscope\" itemtype=\"https:\/\/schema.org\/BlogPosting\" itemprop=\"blogPost\" ><div class='avia_textblock  '   itemprop=\"text\" ><p style=\"text-align: center;\"><strong><span style=\"font-size: 18pt;\">Se desarroll\u00f3 exitoso conversatorio de Convivencia Escolar organizado por el DEM Ays\u00e9n, con intercambio de ideas y creaci\u00f3n de alianzas estrat\u00e9gicas<\/span><\/strong><\/p>\n<div id=\"gtx-trans\" style=\"position: absolute; left: -50px; top: 4.31534px;\">\n<div class=\"gtx-trans-icon\"><\/div>\n<\/div>\n<\/div><\/section><\/div><div class=\"flex_column av_one_full  flex_column_div av-zero-column-padding first  \" style='border-radius:0px; '><section class=\"av_textblock_section \"  itemscope=\"itemscope\" itemtype=\"https:\/\/schema.org\/BlogPosting\" itemprop=\"blogPost\" ><div class='avia_textblock  '   itemprop=\"text\" ><p style=\"text-align: justify;\">Compartir experiencias desde una mirada integradora que permita unificar criterios y mejorar herramientas de cara a una mejor convivencia y bienestar al interior de las diversas comunidades educativas ayseninas fue el objetivo del Primer Conversatorio de Convivencia Escolar, de la Direcci\u00f3n de Educaci\u00f3n Municipal de Ays\u00e9n, denominado \u201cDesaf\u00edos de ayer y hoy\u201d.<\/p>\n<p style=\"text-align: justify;\">La instancia &#8211;nacida al alero de la recientemente creada Unidad Comunal de Convivencia Escolar del DEM Ays\u00e9n-, surge tras conocerse una serie de hechos de violencia que se han repetido transversalmente en establecimientos educacionales a lo largo del pa\u00eds, regi\u00f3n y comuna, tras el retorno masivo a clases presenciales este 2022. Y que congreg\u00f3 a los directivos, encargados de unidades de Convivencia Escolar de la comuna, concejales y profesionales de la Educaci\u00f3n y la Salud, a fin de que cada uno desde sus conocimientos y expertiz, de cuenta de c\u00f3mo aportar al cuidado y reencuentro de las familias en este regreso a las aulas.<\/p>\n<p style=\"text-align: justify;\">\u201cDentro del marco de convivencia escolar, hemos realizado una serie de acciones junto con los encargados del \u00e1rea de todos nuestros establecimientos. Reuniones, encuentros con los estudiantes, conversaciones con algunos padres y apoderados en participar. Pero sentimos que era necesario hacer algo m\u00e1s, algo que involucrara no solamente al sector municipal sino a todos los establecimientos, como son tambi\u00e9n los particulares y particulares subvencionados. Agradecemos a todos ellos por su participaci\u00f3n en esta instancia que nos permiti\u00f3 compartir conocimientos, experiencias. Qu\u00e9 ha servido en un colegio, que no ha servido, lo cual se traduce en una retroalimentaci\u00f3n totalmente necesaria\u201d, manifest\u00f3 la encargada de la Unidad Comunal de Convivencia Escolar, Pamela Olivares.<\/p>\n<p style=\"text-align: justify;\">Por su parte, el edil aysenino, Julio Uribe, junto con destacar y agradecer la visita del equipo de la Superintendencia de Educaci\u00f3n -a trav\u00e9s de su directora regional, Pamela Adriazola; la jefa de la unidad de Fiscalizaci\u00f3n, y la encargada de la unidad de Parvularia-, y de la trabajadora social a cargo del programa de Salud Mental de la Seremi de Salud, Yared Shulz, enfatiz\u00f3 lo importante de este tipo de acciones. \u201cSi bien todos conocemos los hechos que se han producido, nuestra Direcci\u00f3n de Educaci\u00f3n de inmediato ha llevado a cabo una serie de medidas, que permitan dar con las soluciones. Y esas soluciones son posibles cuando logramos reunir a todos los actores que forman parte de esta tem\u00e1tica tan importante, para trabajar de forma mancomunada\u201d.<\/p>\n<p style=\"text-align: justify;\">En esta misma l\u00ednea, la concejala Rosa Gonz\u00e1lez, indic\u00f3 que \u201clo que vivimos aqu\u00ed fue la uni\u00f3n de un grupo bastante extenso de personas, en este conversatorio que son tan necesarios en tiempos como hoy donde tenemos que tener las directrices claras de c\u00f3mo actuar, de c\u00f3mo plantear, de c\u00f3mo resolver los problemas en cuanto a las comunidades estudiantiles. Muy buena disposici\u00f3n por parte de nuestro DEM, se generaron lazos, se cruzaron informaciones entre ellos, que es muy importante. Y tambi\u00e9n se dej\u00f3 muy claro que cada establecimiento tiene su reglamento y que ese es el conducto regular. Nos vamos informados que es lo importante, y por supuesto bajaremos esta informaci\u00f3n a la comunidad en su totalidad\u201d.<\/p>\n<p style=\"text-align: justify;\">De esta manera, en el auditorio del edificio municipal, por m\u00e1s de dos horas se extendi\u00f3 esta instancia que, a trav\u00e9s de la conversaci\u00f3n y el intercambio de ideas, busc\u00f3 abordar las experiencias y los desaf\u00edos que enfrentan hoy las comunidades escolares, especialmente en un contexto de transformaciones, con la vuelta a la presencialidad y la convivencia escolar.<\/p>\n<\/div><\/section><\/div><div  style='height:50px' class='hr hr-invisible  '><span class='hr-inner ' ><span class='hr-inner-style'><\/span><\/span><\/div><\/p>\n<div  class='av-social-sharing-box  '><div class='av-share-box'><h5 class='av-share-link-description av-no-toc '>Compartir esta noticia<\/h5><ul class='av-share-box-list noLightbox'><li class='av-share-link av-social-link-facebook' ><a target=\"_blank\" aria-label=\"Compartir en Facebook\" href='https:\/\/www.facebook.com\/sharer.php?u=https:\/\/radiorevelacionfm.cl\/?p=15989&#038;t=Se%20desarroll%C3%B3%20exitoso%20conversatorio%20de%20Convivencia%20Escolar%20organizado%20por%20el%20DEM%20Ays%C3%A9n%2C%20con%20intercambio%20de%20ideas%20y%20creaci%C3%B3n%20de%20alianzas%20estrat%C3%A9gicas.' aria-hidden='false' data-av_icon='\ue8f3' data-av_iconfont='entypo-fontello' title='' data-avia-related-tooltip='Compartir en Facebook' rel=\"noopener\"><span class='avia_hidden_link_text'>Compartir en Facebook<\/span><\/a><\/li><li class='av-share-link av-social-link-twitter' ><a target=\"_blank\" aria-label=\"Compartir en Twitter\" href='https:\/\/twitter.com\/share?text=Se%20desarroll%C3%B3%20exitoso%20conversatorio%20de%20Convivencia%20Escolar%20organizado%20por%20el%20DEM%20Ays%C3%A9n%2C%20con%20intercambio%20de%20ideas%20y%20creaci%C3%B3n%20de%20alianzas%20estrat%C3%A9gicas.&#038;url=https:\/\/radiorevelacionfm.cl\/?p=15989' aria-hidden='false' data-av_icon='\ue8f1' data-av_iconfont='entypo-fontello' title='' data-avia-related-tooltip='Compartir en Twitter' rel=\"noopener\"><span class='avia_hidden_link_text'>Compartir en Twitter<\/span><\/a><\/li><li class='av-share-link av-social-link-whatsapp' ><a target=\"_blank\" aria-label=\"Compartir en Whatsapp\" href='https:\/\/api.whatsapp.com\/send?text=https:\/\/radiorevelacionfm.cl\/?p=15989' aria-hidden='false' data-av_icon='\uf232' data-av_iconfont='entypo-fontello' title='' data-avia-related-tooltip='Compartir en Whatsapp' rel=\"noopener\"><span class='avia_hidden_link_text'>Compartir en Whatsapp<\/span><\/a><\/li><li class='av-share-link av-social-link-linkedin' ><a target=\"_blank\" aria-label=\"Compartir en LinkedIn\" href='https:\/\/linkedin.com\/shareArticle?mini=true&#038;title=Se%20desarroll%C3%B3%20exitoso%20conversatorio%20de%20Convivencia%20Escolar%20organizado%20por%20el%20DEM%20Ays%C3%A9n%2C%20con%20intercambio%20de%20ideas%20y%20creaci%C3%B3n%20de%20alianzas%20estrat%C3%A9gicas.&#038;url=https:\/\/radiorevelacionfm.cl\/?p=15989' aria-hidden='false' data-av_icon='\ue8fc' data-av_iconfont='entypo-fontello' title='' data-avia-related-tooltip='Compartir en LinkedIn' rel=\"noopener\"><span class='avia_hidden_link_text'>Compartir en LinkedIn<\/span><\/a><\/li><li class='av-share-link av-social-link-mail' ><a  aria-label=\"Compartir por correo\" href='mailto:?subject=Se%20desarroll%C3%B3%20exitoso%20conversatorio%20de%20Convivencia%20Escolar%20organizado%20por%20el%20DEM%20Ays%C3%A9n%2C%20con%20intercambio%20de%20ideas%20y%20creaci%C3%B3n%20de%20alianzas%20estrat%C3%A9gicas.&#038;body=https:\/\/radiorevelacionfm.cl\/?p=15989' aria-hidden='false' data-av_icon='\ue805' data-av_iconfont='entypo-fontello' title='' data-avia-related-tooltip='Compartir por correo'><span class='avia_hidden_link_text'>Compartir por correo<\/span><\/a><\/li><\/ul><\/div><\/div>\n<div  style='height:50px' class='hr hr-invisible  '><span class='hr-inner ' ><span class='hr-inner-style'><\/span><\/span><\/div>\n<div  class='av-buildercomment  av-blog-meta-html-info-disabled av-blog-meta-tag-disabled  '><\/div>\n","protected":false},"excerpt":{"rendered":"<p>6666666666666666666666<\/p>\n","protected":false},"author":1,"featured_media":15990,"comment_status":"open","ping_status":"open","sticky":false,"template":"","format":"standard","meta":{"footnotes":""},"categories":[49],"tags":[],"class_list":["post-15989","post","type-post","status-publish","format-standard","has-post-thumbnail","hentry","category-educacion"],"jetpack_featured_media_url":"https:\/\/radiorevelacionfm.cl\/wp-content\/uploads\/2022\/04\/277797363_4953755134751441_2271603743718806404_n-1-1-1.jpg","_links":{"self":[{"href":"https:\/\/radiorevelacionfm.cl\/index.php?rest_route=\/wp\/v2\/posts\/15989","targetHints":{"allow":["GET"]}}],"collection":[{"href":"https:\/\/radiorevelacionfm.cl\/index.php?rest_route=\/wp\/v2\/posts"}],"about":[{"href":"https:\/\/radiorevelacionfm.cl\/index.php?rest_route=\/wp\/v2\/types\/post"}],"author":[{"embeddable":true,"href":"https:\/\/radiorevelacionfm.cl\/index.php?rest_route=\/wp\/v2\/users\/1"}],"replies":[{"embeddable":true,"href":"https:\/\/radiorevelacionfm.cl\/index.php?rest_route=%2Fwp%2Fv2%2Fcomments&post=15989"}],"version-history":[{"count":3,"href":"https:\/\/radiorevelacionfm.cl\/index.php?rest_route=\/wp\/v2\/posts\/15989\/revisions"}],"predecessor-version":[{"id":15993,"href":"https:\/\/radiorevelacionfm.cl\/index.php?rest_route=\/wp\/v2\/posts\/15989\/revisions\/15993"}],"wp:featuredmedia":[{"embeddable":true,"href":"https:\/\/radiorevelacionfm.cl\/index.php?rest_route=\/wp\/v2\/media\/15990"}],"wp:attachment":[{"href":"https:\/\/radiorevelacionfm.cl\/index.php?rest_route=%2Fwp%2Fv2%2Fmedia&parent=15989"}],"wp:term":[{"taxonomy":"category","embeddable":true,"href":"https:\/\/radiorevelacionfm.cl\/index.php?rest_route=%2Fwp%2Fv2%2Fcategories&post=15989"},{"taxonomy":"post_tag","embeddable":true,"href":"https:\/\/radiorevelacionfm.cl\/index.php?rest_route=%2Fwp%2Fv2%2Ftags&post=15989"}],"curies":[{"name":"wp","href":"https:\/\/api.w.org\/{rel}","templated":true}]}}