{"id":15983,"date":"2022-04-18T20:41:34","date_gmt":"2022-04-18T23:41:34","guid":{"rendered":"https:\/\/radiorevelacionfm.cl\/?p=15983"},"modified":"2022-04-18T20:41:34","modified_gmt":"2022-04-18T23:41:34","slug":"seremi-de-economia-lidera-lanzamiento-regional-del-programa-digitaliza-tu-almacen","status":"publish","type":"post","link":"https:\/\/radiorevelacionfm.cl\/?p=15983","title":{"rendered":"Seremi de Econom\u00eda lidera lanzamiento regional del programa Digitaliza tu almac\u00e9n"},"content":{"rendered":"<div class=\"flex_column av_one_full  flex_column_div av-zero-column-padding first  avia-builder-el-0  el_before_av_one_full  avia-builder-el-first  \" style='border-radius:0px; '><div  class='avia-image-container  av-styling-    avia-builder-el-1  avia-builder-el-no-sibling  avia-align-center '  itemprop=\"image\" itemscope=\"itemscope\" itemtype=\"https:\/\/schema.org\/ImageObject\"  ><div class='avia-image-container-inner'><div class='avia-image-overlay-wrap'><img decoding=\"async\" class='wp-image-15984 avia-img-lazy-loading-not-15984 avia_image' src=\"https:\/\/radiorevelacionfm.cl\/wp-content\/uploads\/2022\/04\/lanzamiento-didgitaliza-tu-almacen-sercotec-1-2_optimized.jpg\" alt='' title='lanzamiento-didgitaliza-tu-almacen-sercotec-1-2_optimized' height=\"600\" width=\"1212\"  itemprop=\"thumbnailUrl\" srcset=\"https:\/\/radiorevelacionfm.cl\/wp-content\/uploads\/2022\/04\/lanzamiento-didgitaliza-tu-almacen-sercotec-1-2_optimized.jpg 1212w, https:\/\/radiorevelacionfm.cl\/wp-content\/uploads\/2022\/04\/lanzamiento-didgitaliza-tu-almacen-sercotec-1-2_optimized-300x149.jpg 300w, https:\/\/radiorevelacionfm.cl\/wp-content\/uploads\/2022\/04\/lanzamiento-didgitaliza-tu-almacen-sercotec-1-2_optimized-1030x510.jpg 1030w, https:\/\/radiorevelacionfm.cl\/wp-content\/uploads\/2022\/04\/lanzamiento-didgitaliza-tu-almacen-sercotec-1-2_optimized-768x380.jpg 768w, https:\/\/radiorevelacionfm.cl\/wp-content\/uploads\/2022\/04\/lanzamiento-didgitaliza-tu-almacen-sercotec-1-2_optimized-705x349.jpg 705w, https:\/\/radiorevelacionfm.cl\/wp-content\/uploads\/2022\/04\/lanzamiento-didgitaliza-tu-almacen-sercotec-1-2_optimized-600x297.jpg 600w\" sizes=\"(max-width: 1212px) 100vw, 1212px\" \/><\/div><\/div><\/div><\/div><div class=\"flex_column av_one_full  flex_column_div av-zero-column-padding first  avia-builder-el-2  el_after_av_one_full  el_before_av_one_full  column-top-margin\" style='border-radius:0px; '><section class=\"av_textblock_section \"  itemscope=\"itemscope\" itemtype=\"https:\/\/schema.org\/BlogPosting\" itemprop=\"blogPost\" ><div class='avia_textblock  '   itemprop=\"text\" ><h2 class=\"title\" style=\"text-align: center;\"><span style=\"font-size: 18pt;\"><b>Seremi de Econom\u00eda lidera lanzamiento regional del programa Digitaliza tu almac\u00e9n<\/b><\/span><\/h2>\n<div id=\"gtx-trans\" style=\"position: absolute; left: -50px; top: 4.31534px;\">\n<div class=\"gtx-trans-icon\"><\/div>\n<\/div>\n<\/div><\/section><\/div><div class=\"flex_column av_one_full  flex_column_div av-zero-column-padding first  avia-builder-el-4  el_after_av_one_full  el_before_av_hr  column-top-margin\" style='border-radius:0px; '><section class=\"av_textblock_section \"  itemscope=\"itemscope\" itemtype=\"https:\/\/schema.org\/BlogPosting\" itemprop=\"blogPost\" ><div class='avia_textblock  '   itemprop=\"text\" ><p style=\"text-align: justify;\">En su primera actividad p\u00fablica y con la presencia de medios de comunicaci\u00f3n locales, la Seremi de Econom\u00eda Rosa Machac\u00e1n realiz\u00f3 en Coyhaique el lanzamiento regional del programa denominado \u201cDigitaliza tu almac\u00e9n\u201d, iniciativa que busca financiar con hasta $2.350.000 acciones de gesti\u00f3n que permita actualizar los procesos de ventas del peque\u00f1o comercio almacenero.<\/p>\n<p style=\"text-align: justify;\">La autoridad econ\u00f3mica regional se\u00f1al\u00f3 que \u201cuna de las principales preocupaciones del Gobierno del Presidente Gabriel Boric es apoyar a nuestros micros, peque\u00f1os y medianos emprendedores, especialmente quienes se han quedado atr\u00e1s en la v\u00eda de recuperaci\u00f3n econ\u00f3mica luego de la extensa pandemia. Es por esto que estamos trabajando para que todas las herramientas que el Estado posea vayan en esa l\u00ednea y se concreten en ayuda efectiva. En este sentido, programas como digitaliza tu almac\u00e9n de Sercotec se convierte en uno de los primeros de una amplia bater\u00eda de acciones que estamos trabajando para lograr este objetivo durante este a\u00f1o\u201d.<\/p>\n<p style=\"text-align: justify;\">La Seremi Machac\u00e1n agreg\u00f3 adem\u00e1s que \u201chace unos d\u00edas el Gobierno ha entregado un plan de recuperaci\u00f3n econ\u00f3mica inclusiva que es transversal y que abarca 21 medidas con m\u00faltiples focos. En lo que compete a nuestra cartera, por ejemplo, de este plan se desprende ampliar la cobertura de los programas tanto de Corfo y Sercotec y eso es justamente en lo que estamos enfocados. Este lanzamiento es una de las primeras de m\u00faltiples iniciativas que tiene contemplado este servicio para ir en ayuda y apoyo a los comerciantes que tiene un local de ventas, un almac\u00e9n o un minimarket. Es por esto que los invitamos a participar de esta convocatoria 2022 del programa, a trav\u00e9s de la web <a href=\"http:\/\/sercotec.cl\/\" data-saferedirecturl=\"https:\/\/www.google.com\/url?q=http:\/\/sercotec.cl&amp;source=gmail&amp;ust=1650409759028000&amp;usg=AOvVaw1oXWy-Ii_m-SJSAZmCqasP\">sercotec.cl<\/a>\u201d.<\/p>\n<p style=\"text-align: justify;\">Por su parte la Directora (S) de Sercotec Ivonne Pereira, se refiri\u00f3 al proceso local de esta convocatoria, indicando que \u201ceste a\u00f1o esta iniciativa permitir\u00e1 financiar proyectos divididos en $2.000.000 para aquellas iniciativas que necesiten financiamiento en inversi\u00f3n y equipamiento seg\u00fan las bases y tambi\u00e9n adicionalmente podr\u00e1n acceder a $350.000 en gesti\u00f3n empresarial\u201d.<\/p>\n<p style=\"text-align: justify;\">Roxana Carillo, una de las propietarias del local Emporio Austral, locaci\u00f3n del lanzamiento en Coyhaique de esta iniciativa manifest\u00f3 que \u201cnosotros participamos de la convocatoria anterior de este programa y estamos muy contentos ya que nos permiti\u00f3 crecer como\u00a0 local, actualizar nuestra venta de productos e identificar nuevos tipos de negocios asociados a nuestro rubro de frutos secos y productos gourmet\u201d que atrae no s\u00f3lo clientela local sino que tambi\u00e9n\u00a0 los turistas que visitan nuestra ciudad\u201d.<\/p>\n<p style=\"text-align: justify;\"><strong>Convocatoria 2022<\/strong><\/p>\n<p style=\"text-align: justify;\">Digitaliza tu almac\u00e9n permite financiar:<\/p>\n<p style=\"text-align: justify;\">&#8211; Contrataci\u00f3n de personal especializado en temas financieros contables, de marketing digital, ventas, legales, de desarrollo tecnol\u00f3gico, de dise\u00f1o o inform\u00e1ticos.<\/p>\n<p style=\"text-align: justify;\">&#8211; Desarrollo de nuevas tecnolog\u00edas de informaci\u00f3n como licencias de software.<\/p>\n<p style=\"text-align: justify;\">&#8211; \u00a0Realizaci\u00f3n de cursos y asesor\u00edas dirigidas al desarrollo del conocimiento para la entrega de un nuevo producto o servicio a sus clientes, o mejorar los existentes.<\/p>\n<p style=\"text-align: justify;\">&#8211; Tambi\u00e9n se ofrece la opci\u00f3n de capacitar en marketing digital, dise\u00f1o para la confecci\u00f3n de la imagen corporativa del almac\u00e9n y la opci\u00f3n de acceder a art\u00edculos promocionales (letrero exterior, bolsas ecol\u00f3gicas, papeler\u00eda).<\/p>\n<p style=\"text-align: justify;\">&#8211; Toda la informaci\u00f3n de esta convocatoria, las bases y requisitos de postulaci\u00f3n est\u00e1n disponibles en la web <a href=\"http:\/\/sercotec.cl\/\" data-saferedirecturl=\"https:\/\/www.google.com\/url?q=http:\/\/sercotec.cl&amp;source=gmail&amp;ust=1650409759028000&amp;usg=AOvVaw1oXWy-Ii_m-SJSAZmCqasP\">sercotec.cl<\/a>, as\u00ed como tambi\u00e9n se realiza apoyo t\u00e9cnico en los Centros de negocios que posee Sercotec tanto en Coyhaique como en Puerto Ays\u00e9n.<\/p>\n<\/div><\/section><\/div><div  style='height:50px' class='hr hr-invisible   avia-builder-el-6  el_after_av_one_full  el_before_av_social_share '><span class='hr-inner ' ><span class='hr-inner-style'><\/span><\/span><\/div><\/p>\n<div  class='av-social-sharing-box  avia-builder-el-7  el_after_av_hr  el_before_av_hr  '><div class='av-share-box'><h5 class='av-share-link-description av-no-toc '>Compartir esta noticia<\/h5><ul class='av-share-box-list noLightbox'><li class='av-share-link av-social-link-facebook' ><a target=\"_blank\" aria-label=\"Compartir en Facebook\" href='https:\/\/www.facebook.com\/sharer.php?u=https:\/\/radiorevelacionfm.cl\/?p=15983&#038;t=Seremi%20de%20Econom%C3%ADa%20lidera%20lanzamiento%20regional%20del%20programa%20Digitaliza%20tu%20almac%C3%A9n' aria-hidden='false' data-av_icon='\ue8f3' data-av_iconfont='entypo-fontello' title='' data-avia-related-tooltip='Compartir en Facebook' rel=\"noopener\"><span class='avia_hidden_link_text'>Compartir en Facebook<\/span><\/a><\/li><li class='av-share-link av-social-link-twitter' ><a target=\"_blank\" aria-label=\"Compartir en Twitter\" href='https:\/\/twitter.com\/share?text=Seremi%20de%20Econom%C3%ADa%20lidera%20lanzamiento%20regional%20del%20programa%20Digitaliza%20tu%20almac%C3%A9n&#038;url=https:\/\/radiorevelacionfm.cl\/?p=15983' aria-hidden='false' data-av_icon='\ue8f1' data-av_iconfont='entypo-fontello' title='' data-avia-related-tooltip='Compartir en Twitter' rel=\"noopener\"><span class='avia_hidden_link_text'>Compartir en Twitter<\/span><\/a><\/li><li class='av-share-link av-social-link-whatsapp' ><a target=\"_blank\" aria-label=\"Compartir en Whatsapp\" href='https:\/\/api.whatsapp.com\/send?text=https:\/\/radiorevelacionfm.cl\/?p=15983' aria-hidden='false' data-av_icon='\uf232' data-av_iconfont='entypo-fontello' title='' data-avia-related-tooltip='Compartir en Whatsapp' rel=\"noopener\"><span class='avia_hidden_link_text'>Compartir en Whatsapp<\/span><\/a><\/li><li class='av-share-link av-social-link-linkedin' ><a target=\"_blank\" aria-label=\"Compartir en LinkedIn\" href='https:\/\/linkedin.com\/shareArticle?mini=true&#038;title=Seremi%20de%20Econom%C3%ADa%20lidera%20lanzamiento%20regional%20del%20programa%20Digitaliza%20tu%20almac%C3%A9n&#038;url=https:\/\/radiorevelacionfm.cl\/?p=15983' aria-hidden='false' data-av_icon='\ue8fc' data-av_iconfont='entypo-fontello' title='' data-avia-related-tooltip='Compartir en LinkedIn' rel=\"noopener\"><span class='avia_hidden_link_text'>Compartir en LinkedIn<\/span><\/a><\/li><li class='av-share-link av-social-link-mail' ><a  aria-label=\"Compartir por correo\" href='mailto:?subject=Seremi%20de%20Econom%C3%ADa%20lidera%20lanzamiento%20regional%20del%20programa%20Digitaliza%20tu%20almac%C3%A9n&#038;body=https:\/\/radiorevelacionfm.cl\/?p=15983' aria-hidden='false' data-av_icon='\ue805' data-av_iconfont='entypo-fontello' title='' data-avia-related-tooltip='Compartir por correo'><span class='avia_hidden_link_text'>Compartir por correo<\/span><\/a><\/li><\/ul><\/div><\/div>\n<div  style='height:50px' class='hr hr-invisible   avia-builder-el-8  el_after_av_social_share  el_before_av_comments_list '><span class='hr-inner ' ><span class='hr-inner-style'><\/span><\/span><\/div>\n<div  class='av-buildercomment  av-blog-meta-html-info-disabled av-blog-meta-tag-disabled  '><\/div>\n","protected":false},"excerpt":{"rendered":"","protected":false},"author":1,"featured_media":15984,"comment_status":"open","ping_status":"open","sticky":false,"template":"","format":"standard","meta":{"footnotes":""},"categories":[38],"tags":[],"class_list":["post-15983","post","type-post","status-publish","format-standard","has-post-thumbnail","hentry","category-regional"],"jetpack_featured_media_url":"https:\/\/radiorevelacionfm.cl\/wp-content\/uploads\/2022\/04\/lanzamiento-didgitaliza-tu-almacen-sercotec-1-2_optimized.jpg","_links":{"self":[{"href":"https:\/\/radiorevelacionfm.cl\/index.php?rest_route=\/wp\/v2\/posts\/15983","targetHints":{"allow":["GET"]}}],"collection":[{"href":"https:\/\/radiorevelacionfm.cl\/index.php?rest_route=\/wp\/v2\/posts"}],"about":[{"href":"https:\/\/radiorevelacionfm.cl\/index.php?rest_route=\/wp\/v2\/types\/post"}],"author":[{"embeddable":true,"href":"https:\/\/radiorevelacionfm.cl\/index.php?rest_route=\/wp\/v2\/users\/1"}],"replies":[{"embeddable":true,"href":"https:\/\/radiorevelacionfm.cl\/index.php?rest_route=%2Fwp%2Fv2%2Fcomments&post=15983"}],"version-history":[{"count":2,"href":"https:\/\/radiorevelacionfm.cl\/index.php?rest_route=\/wp\/v2\/posts\/15983\/revisions"}],"predecessor-version":[{"id":15986,"href":"https:\/\/radiorevelacionfm.cl\/index.php?rest_route=\/wp\/v2\/posts\/15983\/revisions\/15986"}],"wp:featuredmedia":[{"embeddable":true,"href":"https:\/\/radiorevelacionfm.cl\/index.php?rest_route=\/wp\/v2\/media\/15984"}],"wp:attachment":[{"href":"https:\/\/radiorevelacionfm.cl\/index.php?rest_route=%2Fwp%2Fv2%2Fmedia&parent=15983"}],"wp:term":[{"taxonomy":"category","embeddable":true,"href":"https:\/\/radiorevelacionfm.cl\/index.php?rest_route=%2Fwp%2Fv2%2Fcategories&post=15983"},{"taxonomy":"post_tag","embeddable":true,"href":"https:\/\/radiorevelacionfm.cl\/index.php?rest_route=%2Fwp%2Fv2%2Ftags&post=15983"}],"curies":[{"name":"wp","href":"https:\/\/api.w.org\/{rel}","templated":true}]}}