{"id":15979,"date":"2022-04-18T20:55:27","date_gmt":"2022-04-18T23:55:27","guid":{"rendered":"https:\/\/radiorevelacionfm.cl\/?p=15979"},"modified":"2022-04-18T20:55:27","modified_gmt":"2022-04-18T23:55:27","slug":"sesiona-mesa-regional-elige-vivir-sin-drogas","status":"publish","type":"post","link":"https:\/\/radiorevelacionfm.cl\/?p=15979","title":{"rendered":"Sesiona Mesa Regional Elige Vivir Sin Drogas"},"content":{"rendered":"<div class=\"flex_column av_one_full  flex_column_div av-zero-column-padding first  avia-builder-el-0  el_before_av_one_full  avia-builder-el-first  \" style='border-radius:0px; '><div  class='avia-image-container  av-styling-    avia-builder-el-1  avia-builder-el-no-sibling  avia-align-center '  itemprop=\"image\" itemscope=\"itemscope\" itemtype=\"https:\/\/schema.org\/ImageObject\"  ><div class='avia-image-container-inner'><div class='avia-image-overlay-wrap'><img decoding=\"async\" class='wp-image-15980 avia-img-lazy-loading-not-15980 avia_image' src=\"https:\/\/radiorevelacionfm.cl\/wp-content\/uploads\/2022\/04\/1-25-1-1.jpeg\" alt='' title='1 (25) (1) (1)' height=\"600\" width=\"800\"  itemprop=\"thumbnailUrl\" srcset=\"https:\/\/radiorevelacionfm.cl\/wp-content\/uploads\/2022\/04\/1-25-1-1.jpeg 800w, https:\/\/radiorevelacionfm.cl\/wp-content\/uploads\/2022\/04\/1-25-1-1-300x225.jpeg 300w, https:\/\/radiorevelacionfm.cl\/wp-content\/uploads\/2022\/04\/1-25-1-1-768x576.jpeg 768w, https:\/\/radiorevelacionfm.cl\/wp-content\/uploads\/2022\/04\/1-25-1-1-705x529.jpeg 705w, https:\/\/radiorevelacionfm.cl\/wp-content\/uploads\/2022\/04\/1-25-1-1-600x450.jpeg 600w\" sizes=\"(max-width: 800px) 100vw, 800px\" \/><\/div><\/div><\/div><\/div><div class=\"flex_column av_one_full  flex_column_div av-zero-column-padding first  avia-builder-el-2  el_after_av_one_full  el_before_av_one_full  column-top-margin\" style='border-radius:0px; '><section class=\"av_textblock_section \"  itemscope=\"itemscope\" itemtype=\"https:\/\/schema.org\/BlogPosting\" itemprop=\"blogPost\" ><div class='avia_textblock  '   itemprop=\"text\" ><p style=\"text-align: center;\"><span style=\"font-size: 18pt;\"><strong>Sesiona Mesa Regional Elige Vivir Sin Drogas<\/strong><\/span><\/p>\n<div id=\"gtx-trans\" style=\"position: absolute; left: -50px; top: 4.31534px;\">\n<div class=\"gtx-trans-icon\"><\/div>\n<\/div>\n<\/div><\/section><\/div><div class=\"flex_column av_one_full  flex_column_div av-zero-column-padding first  avia-builder-el-4  el_after_av_one_full  el_before_av_hr  column-top-margin\" style='border-radius:0px; '><section class=\"av_textblock_section \"  itemscope=\"itemscope\" itemtype=\"https:\/\/schema.org\/BlogPosting\" itemprop=\"blogPost\" ><div class='avia_textblock  '   itemprop=\"text\" ><p style=\"text-align: justify;\">Este lunes 18 de Abril, en modalidad hibrida, sesion\u00f3 la Mesa Regional Elige Vivir Sin Drogas que lidera el Delegado Presidencial Regional Rodrigo Araya, oportunidad en que se cont\u00f3 con la participaci\u00f3n de los Seremis de Educaci\u00f3n, Salud, Gobierno, Desarrollo Social y Familia, Deportes, de las Culturas las Artes y el Patrimonio y los Directores de INJUV e IND, al igual que los profesionales de los programas comunales de Coyhaique y Ays\u00e9n; miembros permanentes de la instancia de trabajo<\/p>\n<p style=\"text-align: justify;\">La sesi\u00f3n tuvo por prop\u00f3sito dar el vamos al trabajo de implementaci\u00f3n del Elige Vivir Sin Drogas para este a\u00f1o 2022, bajo el impulso del Delegado Presidencial Regional y con el apoyo de las autoridades de las diferentes carteras y sus servicios dependientes quienes integran la mesa en forma permanente; se abordaron los aspectos principales del modelo de prevenci\u00f3n, se revisaron los resultados de la Encuesta Juventud y Bienestar en su segunda versi\u00f3n aplicada el a\u00f1o 2021 y se revis\u00f3, el trabajo proyectado para este a\u00f1o 2022, en t\u00e9rminos generales.<\/p>\n<p style=\"text-align: justify;\">Consultada sobre la sesi\u00f3n, la Directora Regional de Servicio Nacional para la Prevenci\u00f3n y Rehabilitaci\u00f3n del Consumo de Drogas y Alcohol, SENDA, Annie Katherine Hunter, que oficia la secretaria ejecutiva de la Mesa, coment\u00f3: \u201ctuvimos una gran participaci\u00f3n del intersector, pudimos concretar una reuni\u00f3n muy ejecutiva y provechosa, quedando mandatados para sesionar en el m\u00e1s corto plazo, de forma tal de gestionar oportunamente los compromisos asumidos en la planificaci\u00f3n\u201d.<\/p>\n<p style=\"text-align: justify;\">El Plan Elige Vivir Sin Drogas aborda la prevenci\u00f3n del consumo de drogas en ni\u00f1os, ni\u00f1as y adolescentes en base a fortalecer factores protectores y disminuir los factores de riesgo, en base a la gesti\u00f3n de planes preventivos que se sustentan en 4 pilares: Familia, Escuela, Uso Sano del Tiempo Libre y Grupo de Pares; contando en la regi\u00f3n con las comunas de Coyhaique y Ays\u00e9n con implementaci\u00f3n en fase 3 de implementaci\u00f3n y evaluaci\u00f3n de planes preventivos y, sumando nuevas comunas este a\u00f1o 2022 en fase 1 como lo son, hasta la fecha, las comunas de Chile Chico, Cisnes, Cochrane, O\u00b4Higgins y, a la espera de que se concrete la incorporaci\u00f3n de las comunas de Guaitecas y R\u00edo Ib\u00e1\u00f1ez.<\/p>\n<\/div><\/section><\/div><div  style='height:50px' class='hr hr-invisible   avia-builder-el-6  el_after_av_one_full  el_before_av_social_share '><span class='hr-inner ' ><span class='hr-inner-style'><\/span><\/span><\/div><\/p>\n<div  class='av-social-sharing-box  avia-builder-el-7  el_after_av_hr  el_before_av_hr  '><div class='av-share-box'><h5 class='av-share-link-description av-no-toc '>Compartir esta noticia<\/h5><ul class='av-share-box-list noLightbox'><li class='av-share-link av-social-link-facebook' ><a target=\"_blank\" aria-label=\"Compartir en Facebook\" href='https:\/\/www.facebook.com\/sharer.php?u=https:\/\/radiorevelacionfm.cl\/?p=15979&#038;t=Sesiona%20Mesa%20Regional%20Elige%20Vivir%20Sin%20Drogas' aria-hidden='false' data-av_icon='\ue8f3' data-av_iconfont='entypo-fontello' title='' data-avia-related-tooltip='Compartir en Facebook' rel=\"noopener\"><span class='avia_hidden_link_text'>Compartir en Facebook<\/span><\/a><\/li><li class='av-share-link av-social-link-twitter' ><a target=\"_blank\" aria-label=\"Compartir en Twitter\" href='https:\/\/twitter.com\/share?text=Sesiona%20Mesa%20Regional%20Elige%20Vivir%20Sin%20Drogas&#038;url=https:\/\/radiorevelacionfm.cl\/?p=15979' aria-hidden='false' data-av_icon='\ue8f1' data-av_iconfont='entypo-fontello' title='' data-avia-related-tooltip='Compartir en Twitter' rel=\"noopener\"><span class='avia_hidden_link_text'>Compartir en Twitter<\/span><\/a><\/li><li class='av-share-link av-social-link-whatsapp' ><a target=\"_blank\" aria-label=\"Compartir en Whatsapp\" href='https:\/\/api.whatsapp.com\/send?text=https:\/\/radiorevelacionfm.cl\/?p=15979' aria-hidden='false' data-av_icon='\uf232' data-av_iconfont='entypo-fontello' title='' data-avia-related-tooltip='Compartir en Whatsapp' rel=\"noopener\"><span class='avia_hidden_link_text'>Compartir en Whatsapp<\/span><\/a><\/li><li class='av-share-link av-social-link-linkedin' ><a target=\"_blank\" aria-label=\"Compartir en LinkedIn\" href='https:\/\/linkedin.com\/shareArticle?mini=true&#038;title=Sesiona%20Mesa%20Regional%20Elige%20Vivir%20Sin%20Drogas&#038;url=https:\/\/radiorevelacionfm.cl\/?p=15979' aria-hidden='false' data-av_icon='\ue8fc' data-av_iconfont='entypo-fontello' title='' data-avia-related-tooltip='Compartir en LinkedIn' rel=\"noopener\"><span class='avia_hidden_link_text'>Compartir en LinkedIn<\/span><\/a><\/li><li class='av-share-link av-social-link-mail' ><a  aria-label=\"Compartir por correo\" href='mailto:?subject=Sesiona%20Mesa%20Regional%20Elige%20Vivir%20Sin%20Drogas&#038;body=https:\/\/radiorevelacionfm.cl\/?p=15979' aria-hidden='false' data-av_icon='\ue805' data-av_iconfont='entypo-fontello' title='' data-avia-related-tooltip='Compartir por correo'><span class='avia_hidden_link_text'>Compartir por correo<\/span><\/a><\/li><\/ul><\/div><\/div>\n<div  style='height:50px' class='hr hr-invisible   avia-builder-el-8  el_after_av_social_share  el_before_av_comments_list '><span class='hr-inner ' ><span class='hr-inner-style'><\/span><\/span><\/div>\n<div  class='av-buildercomment  av-blog-meta-html-info-disabled av-blog-meta-tag-disabled  '><\/div>\n","protected":false},"excerpt":{"rendered":"","protected":false},"author":1,"featured_media":15980,"comment_status":"open","ping_status":"open","sticky":false,"template":"","format":"standard","meta":{"footnotes":""},"categories":[38],"tags":[],"class_list":["post-15979","post","type-post","status-publish","format-standard","has-post-thumbnail","hentry","category-regional"],"jetpack_featured_media_url":"https:\/\/radiorevelacionfm.cl\/wp-content\/uploads\/2022\/04\/1-25-1-1.jpeg","_links":{"self":[{"href":"https:\/\/radiorevelacionfm.cl\/index.php?rest_route=\/wp\/v2\/posts\/15979","targetHints":{"allow":["GET"]}}],"collection":[{"href":"https:\/\/radiorevelacionfm.cl\/index.php?rest_route=\/wp\/v2\/posts"}],"about":[{"href":"https:\/\/radiorevelacionfm.cl\/index.php?rest_route=\/wp\/v2\/types\/post"}],"author":[{"embeddable":true,"href":"https:\/\/radiorevelacionfm.cl\/index.php?rest_route=\/wp\/v2\/users\/1"}],"replies":[{"embeddable":true,"href":"https:\/\/radiorevelacionfm.cl\/index.php?rest_route=%2Fwp%2Fv2%2Fcomments&post=15979"}],"version-history":[{"count":2,"href":"https:\/\/radiorevelacionfm.cl\/index.php?rest_route=\/wp\/v2\/posts\/15979\/revisions"}],"predecessor-version":[{"id":15988,"href":"https:\/\/radiorevelacionfm.cl\/index.php?rest_route=\/wp\/v2\/posts\/15979\/revisions\/15988"}],"wp:featuredmedia":[{"embeddable":true,"href":"https:\/\/radiorevelacionfm.cl\/index.php?rest_route=\/wp\/v2\/media\/15980"}],"wp:attachment":[{"href":"https:\/\/radiorevelacionfm.cl\/index.php?rest_route=%2Fwp%2Fv2%2Fmedia&parent=15979"}],"wp:term":[{"taxonomy":"category","embeddable":true,"href":"https:\/\/radiorevelacionfm.cl\/index.php?rest_route=%2Fwp%2Fv2%2Fcategories&post=15979"},{"taxonomy":"post_tag","embeddable":true,"href":"https:\/\/radiorevelacionfm.cl\/index.php?rest_route=%2Fwp%2Fv2%2Ftags&post=15979"}],"curies":[{"name":"wp","href":"https:\/\/api.w.org\/{rel}","templated":true}]}}