{"id":15892,"date":"2022-04-16T12:10:08","date_gmt":"2022-04-16T15:10:08","guid":{"rendered":"https:\/\/radiorevelacionfm.cl\/?p=15892"},"modified":"2022-04-16T12:10:08","modified_gmt":"2022-04-16T15:10:08","slug":"consejero-abello-insta-a-la-gobernadora-a-generar-mas-dialogo-para-planificar-la-ejecucion-presupuestaria-ante-inestabilidad-economica","status":"publish","type":"post","link":"https:\/\/radiorevelacionfm.cl\/?p=15892","title":{"rendered":"Consejero Abello insta a la Gobernadora a generar m\u00e1s di\u00e1logo para planificar la ejecuci\u00f3n presupuestaria ante inestabilidad econ\u00f3mica"},"content":{"rendered":"<div class=\"flex_column av_one_full  flex_column_div av-zero-column-padding first  avia-builder-el-0  el_before_av_one_full  avia-builder-el-first  \" style='border-radius:0px; '><div  class='avia-image-container  av-styling-    avia-builder-el-1  avia-builder-el-no-sibling  avia-align-center '  itemprop=\"image\" itemscope=\"itemscope\" itemtype=\"https:\/\/schema.org\/ImageObject\"  ><div class='avia-image-container-inner'><div class='avia-image-overlay-wrap'><img decoding=\"async\" class='wp-image-15893 avia-img-lazy-loading-not-15893 avia_image' src=\"https:\/\/radiorevelacionfm.cl\/wp-content\/uploads\/2022\/04\/core-abello-2-1-1.jpg\" alt='' title='core abello 2 (1) (1)' height=\"600\" width=\"975\"  itemprop=\"thumbnailUrl\" srcset=\"https:\/\/radiorevelacionfm.cl\/wp-content\/uploads\/2022\/04\/core-abello-2-1-1.jpg 975w, https:\/\/radiorevelacionfm.cl\/wp-content\/uploads\/2022\/04\/core-abello-2-1-1-300x185.jpg 300w, https:\/\/radiorevelacionfm.cl\/wp-content\/uploads\/2022\/04\/core-abello-2-1-1-768x473.jpg 768w, https:\/\/radiorevelacionfm.cl\/wp-content\/uploads\/2022\/04\/core-abello-2-1-1-705x434.jpg 705w, https:\/\/radiorevelacionfm.cl\/wp-content\/uploads\/2022\/04\/core-abello-2-1-1-600x369.jpg 600w\" sizes=\"(max-width: 975px) 100vw, 975px\" \/><\/div><\/div><\/div><\/div><div class=\"flex_column av_one_full  flex_column_div av-zero-column-padding first  avia-builder-el-2  el_after_av_one_full  el_before_av_one_full  column-top-margin\" style='border-radius:0px; '><section class=\"av_textblock_section \"  itemscope=\"itemscope\" itemtype=\"https:\/\/schema.org\/BlogPosting\" itemprop=\"blogPost\" ><div class='avia_textblock  '   itemprop=\"text\" ><p style=\"text-align: center;\"><span style=\"font-size: 18pt;\"><strong>Consejero Abello insta a la Gobernadora a generar m\u00e1s di\u00e1logo para planificar la ejecuci\u00f3n presupuestaria ante inestabilidad econ\u00f3mica<\/strong><\/span><\/p>\n<div id=\"gtx-trans\" style=\"position: absolute; left: -50px; top: 4.31534px;\">\n<div class=\"gtx-trans-icon\"><\/div>\n<\/div>\n<\/div><\/section><\/div><div class=\"flex_column av_one_full  flex_column_div av-zero-column-padding first  avia-builder-el-4  el_after_av_one_full  el_before_av_hr  column-top-margin\" style='border-radius:0px; '><section class=\"av_textblock_section \"  itemscope=\"itemscope\" itemtype=\"https:\/\/schema.org\/BlogPosting\" itemprop=\"blogPost\" ><div class='avia_textblock  '   itemprop=\"text\" ><p style=\"text-align: justify;\">Ante el incierto panorama econ\u00f3mico que afecta a nuestro pa\u00eds, el Consejero Regional y miembro de la comisi\u00f3n de Presupuesto e Inversiones del Gobierno Regional, Jorge Abello, manifest\u00f3 su preocupaci\u00f3n por la ejecuci\u00f3n de diversos proyectos y se refiri\u00f3 a la importancia que exista m\u00e1s di\u00e1logo con la Gobernadora Regional, con la intenci\u00f3n de poder planificar una eficiente y eficaz ejecuci\u00f3n presupuestaria.<\/p>\n<p style=\"text-align: justify;\">Seg\u00fan el Core, \u201cla pandemia y la inflaci\u00f3n han generado serios problemas en la inversi\u00f3n p\u00fablica, a lo que se suma que los gobernadores regionales electos de forma democr\u00e1tica se enfrentaron en materia presupuestaria a problemas de arrastre en muchas regiones. El presente a\u00f1o 2022 el escenario es todav\u00eda incierto para asegurar una eficiente y sobre todo eficaz ejecuci\u00f3n presupuestaria, porque la inversi\u00f3n p\u00fablica busca no solo constituir un motor para la actividad econ\u00f3mica, por su efecto multiplicador especialmente en las econom\u00edas locales donde se desarrollan las obras, sino tambi\u00e9n contribuir a levantar el empleo\u201d, se\u00f1al\u00f3.<\/p>\n<p style=\"text-align: justify;\">\u00a0Abello enfatiz\u00f3 que \u201cvemos que este a\u00f1o persiste el problema de los proyectos, principalmente por el alza de los costos. Muchos no logran ser licitados en una o sucesivas licitaciones, otros deben ir a reevaluaci\u00f3n para ajustar costos y otros definitivamente deber\u00e1n ser reformulados. Incluso proyectos licitados, al momento de adjudicarlos, las empresas se desisten\u201d.<\/p>\n<p style=\"text-align: justify;\">Este escenario incierto puntualizo el Consejero Abello \u201csin duda nos afectar\u00e1 nuevamente en la ejecuci\u00f3n del proyecto presupuestario 2022 de nuestro Gobierno Regional. Proyectos relevantes en todos los territorios no tendr\u00e1n posibilidad a tener gasto, o este ser\u00e1 muy m\u00ednimo, como la Construcci\u00f3n del Centro Rehabilita del Club de Leones de Coyhaique, La Construcci\u00f3n de Centro de Gesti\u00f3n de Residuos S\u00f3lidos de Cochrane &#8211; Tortel , Infraestructura Uso P\u00fablico del Parque Nacional Queulat, Proyectos de Pavimentaci\u00f3n de la Ruta 7 Sur y Norte, Miradores Regi\u00f3n de Aysen, Ampliaci\u00f3n Servicios B\u00e1sicos y Alcantarillado sectores de Puerto Aysen\u00a0 \u00a0entre otros, todos con diversos inconvenientes que afectar\u00e1n \u00a0en la ejecuci\u00f3n presupuestaria\u201d.<\/p>\n<p style=\"text-align: justify;\">Finalmente, el Consejero Regional Jorge Abello expres\u00f3 \u201ces imperioso que desde la Comisi\u00f3n de Presupuesto e Inversiones\u00a0 \u00a0iniciemos un trabajo permanente de seguimiento y dialogo con la Gobernadora y su equipo, \u00a0primero para conocer el avance del primer trimestre, que ya se ve que no cumplir\u00e1 la expletivas esperadas puesto que hasta febrero seg\u00fan Dipres el avance presupuestario era tan s\u00f3lo de un \u00a01,2%, por tanto, se requiere de una estrategia modificada, incorporar a los actores regionales \u00a0relevantes en esta materia si se quiere obtener un mejor resultado de la inversi\u00f3n regional y cumplimiento del programa que valid\u00f3 la comunidad regional\u201d.<\/p>\n<\/div><\/section><\/div><div  style='height:50px' class='hr hr-invisible   avia-builder-el-6  el_after_av_one_full  el_before_av_social_share '><span class='hr-inner ' ><span class='hr-inner-style'><\/span><\/span><\/div><\/p>\n<div  class='av-social-sharing-box  avia-builder-el-7  el_after_av_hr  el_before_av_hr  '><div class='av-share-box'><h5 class='av-share-link-description av-no-toc '>Compartir esta noticia<\/h5><ul class='av-share-box-list noLightbox'><li class='av-share-link av-social-link-facebook' ><a target=\"_blank\" aria-label=\"Compartir en Facebook\" href='https:\/\/www.facebook.com\/sharer.php?u=https:\/\/radiorevelacionfm.cl\/?p=15892&#038;t=Consejero%20Abello%20insta%20a%20la%20Gobernadora%20a%20generar%20m%C3%A1s%20di%C3%A1logo%20para%20planificar%20la%20ejecuci%C3%B3n%20presupuestaria%20ante%20inestabilidad%20econ%C3%B3mica' aria-hidden='false' data-av_icon='\ue8f3' data-av_iconfont='entypo-fontello' title='' data-avia-related-tooltip='Compartir en Facebook' rel=\"noopener\"><span class='avia_hidden_link_text'>Compartir en Facebook<\/span><\/a><\/li><li class='av-share-link av-social-link-twitter' ><a target=\"_blank\" aria-label=\"Compartir en Twitter\" href='https:\/\/twitter.com\/share?text=Consejero%20Abello%20insta%20a%20la%20Gobernadora%20a%20generar%20m%C3%A1s%20di%C3%A1logo%20para%20planificar%20la%20ejecuci%C3%B3n%20presupuestaria%20ante%20inestabilidad%20econ%C3%B3mica&#038;url=https:\/\/radiorevelacionfm.cl\/?p=15892' aria-hidden='false' data-av_icon='\ue8f1' data-av_iconfont='entypo-fontello' title='' data-avia-related-tooltip='Compartir en Twitter' rel=\"noopener\"><span class='avia_hidden_link_text'>Compartir en Twitter<\/span><\/a><\/li><li class='av-share-link av-social-link-whatsapp' ><a target=\"_blank\" aria-label=\"Compartir en Whatsapp\" href='https:\/\/api.whatsapp.com\/send?text=https:\/\/radiorevelacionfm.cl\/?p=15892' aria-hidden='false' data-av_icon='\uf232' data-av_iconfont='entypo-fontello' title='' data-avia-related-tooltip='Compartir en Whatsapp' rel=\"noopener\"><span class='avia_hidden_link_text'>Compartir en Whatsapp<\/span><\/a><\/li><li class='av-share-link av-social-link-linkedin' ><a target=\"_blank\" aria-label=\"Compartir en LinkedIn\" href='https:\/\/linkedin.com\/shareArticle?mini=true&#038;title=Consejero%20Abello%20insta%20a%20la%20Gobernadora%20a%20generar%20m%C3%A1s%20di%C3%A1logo%20para%20planificar%20la%20ejecuci%C3%B3n%20presupuestaria%20ante%20inestabilidad%20econ%C3%B3mica&#038;url=https:\/\/radiorevelacionfm.cl\/?p=15892' aria-hidden='false' data-av_icon='\ue8fc' data-av_iconfont='entypo-fontello' title='' data-avia-related-tooltip='Compartir en LinkedIn' rel=\"noopener\"><span class='avia_hidden_link_text'>Compartir en LinkedIn<\/span><\/a><\/li><li class='av-share-link av-social-link-mail' ><a  aria-label=\"Compartir por correo\" href='mailto:?subject=Consejero%20Abello%20insta%20a%20la%20Gobernadora%20a%20generar%20m%C3%A1s%20di%C3%A1logo%20para%20planificar%20la%20ejecuci%C3%B3n%20presupuestaria%20ante%20inestabilidad%20econ%C3%B3mica&#038;body=https:\/\/radiorevelacionfm.cl\/?p=15892' aria-hidden='false' data-av_icon='\ue805' data-av_iconfont='entypo-fontello' title='' data-avia-related-tooltip='Compartir por correo'><span class='avia_hidden_link_text'>Compartir por correo<\/span><\/a><\/li><\/ul><\/div><\/div>\n<div  style='height:50px' class='hr hr-invisible   avia-builder-el-8  el_after_av_social_share  el_before_av_comments_list '><span class='hr-inner ' ><span class='hr-inner-style'><\/span><\/span><\/div>\n<div  class='av-buildercomment  av-blog-meta-html-info-disabled av-blog-meta-tag-disabled  '><\/div>\n","protected":false},"excerpt":{"rendered":"","protected":false},"author":1,"featured_media":15893,"comment_status":"open","ping_status":"open","sticky":false,"template":"","format":"standard","meta":{"footnotes":""},"categories":[38],"tags":[],"class_list":["post-15892","post","type-post","status-publish","format-standard","has-post-thumbnail","hentry","category-regional"],"jetpack_featured_media_url":"https:\/\/radiorevelacionfm.cl\/wp-content\/uploads\/2022\/04\/core-abello-2-1-1.jpg","_links":{"self":[{"href":"https:\/\/radiorevelacionfm.cl\/index.php?rest_route=\/wp\/v2\/posts\/15892","targetHints":{"allow":["GET"]}}],"collection":[{"href":"https:\/\/radiorevelacionfm.cl\/index.php?rest_route=\/wp\/v2\/posts"}],"about":[{"href":"https:\/\/radiorevelacionfm.cl\/index.php?rest_route=\/wp\/v2\/types\/post"}],"author":[{"embeddable":true,"href":"https:\/\/radiorevelacionfm.cl\/index.php?rest_route=\/wp\/v2\/users\/1"}],"replies":[{"embeddable":true,"href":"https:\/\/radiorevelacionfm.cl\/index.php?rest_route=%2Fwp%2Fv2%2Fcomments&post=15892"}],"version-history":[{"count":2,"href":"https:\/\/radiorevelacionfm.cl\/index.php?rest_route=\/wp\/v2\/posts\/15892\/revisions"}],"predecessor-version":[{"id":15918,"href":"https:\/\/radiorevelacionfm.cl\/index.php?rest_route=\/wp\/v2\/posts\/15892\/revisions\/15918"}],"wp:featuredmedia":[{"embeddable":true,"href":"https:\/\/radiorevelacionfm.cl\/index.php?rest_route=\/wp\/v2\/media\/15893"}],"wp:attachment":[{"href":"https:\/\/radiorevelacionfm.cl\/index.php?rest_route=%2Fwp%2Fv2%2Fmedia&parent=15892"}],"wp:term":[{"taxonomy":"category","embeddable":true,"href":"https:\/\/radiorevelacionfm.cl\/index.php?rest_route=%2Fwp%2Fv2%2Fcategories&post=15892"},{"taxonomy":"post_tag","embeddable":true,"href":"https:\/\/radiorevelacionfm.cl\/index.php?rest_route=%2Fwp%2Fv2%2Ftags&post=15892"}],"curies":[{"name":"wp","href":"https:\/\/api.w.org\/{rel}","templated":true}]}}