{"id":15889,"date":"2022-04-16T21:48:46","date_gmt":"2022-04-17T00:48:46","guid":{"rendered":"https:\/\/radiorevelacionfm.cl\/?p=15889"},"modified":"2022-04-16T21:48:46","modified_gmt":"2022-04-17T00:48:46","slug":"encuentro-de-amigos-nuevo-programa-de-la-pastoral-obrera","status":"publish","type":"post","link":"https:\/\/radiorevelacionfm.cl\/?p=15889","title":{"rendered":"\u201cEncuentro de Amigos\u201d: nuevo programa de la pastoral obrera"},"content":{"rendered":"<div class=\"flex_column av_one_full  flex_column_div av-zero-column-padding first  avia-builder-el-0  el_before_av_one_full  avia-builder-el-first  \" style='border-radius:0px; '><div  class='avia-image-container  av-styling-    avia-builder-el-1  avia-builder-el-no-sibling  avia-align-center '  itemprop=\"image\" itemscope=\"itemscope\" itemtype=\"https:\/\/schema.org\/ImageObject\"  ><div class='avia-image-container-inner'><div class='avia-image-overlay-wrap'><img decoding=\"async\" class='wp-image-15890 avia-img-lazy-loading-not-15890 avia_image' src=\"https:\/\/radiorevelacionfm.cl\/wp-content\/uploads\/2022\/04\/d-5-1_optimized.jpg\" alt='' title='d-(5)-(1)_optimized' height=\"600\" width=\"1070\"  itemprop=\"thumbnailUrl\" srcset=\"https:\/\/radiorevelacionfm.cl\/wp-content\/uploads\/2022\/04\/d-5-1_optimized.jpg 1070w, https:\/\/radiorevelacionfm.cl\/wp-content\/uploads\/2022\/04\/d-5-1_optimized-300x168.jpg 300w, https:\/\/radiorevelacionfm.cl\/wp-content\/uploads\/2022\/04\/d-5-1_optimized-1030x578.jpg 1030w, https:\/\/radiorevelacionfm.cl\/wp-content\/uploads\/2022\/04\/d-5-1_optimized-768x431.jpg 768w, https:\/\/radiorevelacionfm.cl\/wp-content\/uploads\/2022\/04\/d-5-1_optimized-705x395.jpg 705w, https:\/\/radiorevelacionfm.cl\/wp-content\/uploads\/2022\/04\/d-5-1_optimized-600x336.jpg 600w\" sizes=\"(max-width: 1070px) 100vw, 1070px\" \/><\/div><\/div><\/div><\/div><div class=\"flex_column av_one_full  flex_column_div av-zero-column-padding first  avia-builder-el-2  el_after_av_one_full  el_before_av_one_full  column-top-margin\" style='border-radius:0px; '><section class=\"av_textblock_section \"  itemscope=\"itemscope\" itemtype=\"https:\/\/schema.org\/BlogPosting\" itemprop=\"blogPost\" ><div class='avia_textblock  '   itemprop=\"text\" ><p style=\"text-align: center;\"><span style=\"font-size: 18pt;\"><b>\u201cEncuentro de Amigos\u201d: nuevo programa de la pastoral obrera<\/b><\/span><\/p>\n<div id=\"gtx-trans\" style=\"position: absolute; left: -50px; top: 4.31534px;\">\n<div class=\"gtx-trans-icon\"><\/div>\n<\/div>\n<\/div><\/section><\/div><div class=\"flex_column av_one_full  flex_column_div av-zero-column-padding first  avia-builder-el-4  el_after_av_one_full  el_before_av_hr  column-top-margin\" style='border-radius:0px; '><section class=\"av_textblock_section \"  itemscope=\"itemscope\" itemtype=\"https:\/\/schema.org\/BlogPosting\" itemprop=\"blogPost\" ><div class='avia_textblock  '   itemprop=\"text\" ><p style=\"font-weight: 400; text-align: justify;\">\u201cEncuentro con amigos\u201d, en su cortina de presentaci\u00f3n anuncia a \u201ctrabajadores, pobladores, estudiantes, mujeres, campesinos, emprendedores\u2026 que la pastoral obrera del Vicariato Apost\u00f3lico de Ays\u00e9n les invita a conversar sobre nuestros problemas y necesidades, pero tambi\u00e9n sobre nuestras esperanzas\u201d.<\/p>\n<p style=\"font-weight: 400; text-align: justify;\">El programa estreno, animado por Julio L\u00f3pez, cont\u00f3 un \u201ccontacto de actualidad\u201d a cargo de Camilo Guti\u00e9rrez; y la presencia de Margarita Sold\u00e1n, coordinadora de la pastoral obrera, y el pastor de Ays\u00e9n, el padre obispo Luis Infanti.<\/p>\n<p style=\"font-weight: 400; text-align: justify;\">Margarita, consultada por la actual reactivaci\u00f3n de la pastoral obrera a trav\u00e9s de un programa radial expres\u00f3 que \u201cno nos hab\u00edamos podido reunir por el tema de la pandemia que nos golpe\u00f3 muy fuerte\u2026 La pastoral obrera vuelve, pero siempre hemos estado a trav\u00e9s de muchas personas. Hoy queremos estar cercanos a la gente; sabemos la realidad que estamos viviendo; hay temas pendientes; hay mucho que escuchar y tenemos el deseo de ser un puente, un canal para o\u00edr a muchos que no tiene voz en un reencuentro despu\u00e9s de dos a\u00f1os de encierro\u201d.<\/p>\n<p style=\"font-weight: 400; text-align: justify;\">Ante la misma inquietud el pastor de Ays\u00e9n puntualiz\u00f3 que \u201cla pastoral obrera \u2014como indicaba Margarita\u2014 siempre ha estado presente. Es un espacio de la pastoral social de nuestra Iglesia; y creo, sobre todo en este tiempo, que los trabajadores son esenciales no solo como mano de obra sino como mentes para el conocimiento, corazones para querer, una fuerza para inventar y recrear nuestra actual sociedad\u201d.<\/p>\n<p style=\"font-weight: 400; text-align: justify;\">Este primer \u201cencuentro de amigos\u201d continu\u00f3 abordando el tema de las prioridades de una nueva constituci\u00f3n. Este programa radial se emite todos los mi\u00e9rcoles a las 19:30 horas por la se\u00f1al de radio Santa Mar\u00eda y su Facebook:\u00a0<a href=\"https:\/\/www.facebook.com\/radiosantamaria.cl\/\" data-saferedirecturl=\"https:\/\/www.google.com\/url?q=https:\/\/www.facebook.com\/radiosantamaria.cl\/&amp;source=gmail&amp;ust=1650062934616000&amp;usg=AOvVaw1XJq84ey_GqFZXqOczP3fH\">https:\/\/www.facebook.com\/radiosantamaria.cl\/<\/a><\/p>\n<\/div><\/section><\/div><div  style='height:50px' class='hr hr-invisible   avia-builder-el-6  el_after_av_one_full  el_before_av_social_share '><span class='hr-inner ' ><span class='hr-inner-style'><\/span><\/span><\/div><\/p>\n<div  class='av-social-sharing-box  avia-builder-el-7  el_after_av_hr  el_before_av_hr  '><div class='av-share-box'><h5 class='av-share-link-description av-no-toc '>Compartir esta noticia<\/h5><ul class='av-share-box-list noLightbox'><li class='av-share-link av-social-link-facebook' ><a target=\"_blank\" aria-label=\"Compartir en Facebook\" href='https:\/\/www.facebook.com\/sharer.php?u=https:\/\/radiorevelacionfm.cl\/?p=15889&#038;t=%E2%80%9CEncuentro%20de%20Amigos%E2%80%9D%3A%20nuevo%20programa%20de%20la%20pastoral%20obrera' aria-hidden='false' data-av_icon='\ue8f3' data-av_iconfont='entypo-fontello' title='' data-avia-related-tooltip='Compartir en Facebook' rel=\"noopener\"><span class='avia_hidden_link_text'>Compartir en Facebook<\/span><\/a><\/li><li class='av-share-link av-social-link-twitter' ><a target=\"_blank\" aria-label=\"Compartir en Twitter\" href='https:\/\/twitter.com\/share?text=%E2%80%9CEncuentro%20de%20Amigos%E2%80%9D%3A%20nuevo%20programa%20de%20la%20pastoral%20obrera&#038;url=https:\/\/radiorevelacionfm.cl\/?p=15889' aria-hidden='false' data-av_icon='\ue8f1' data-av_iconfont='entypo-fontello' title='' data-avia-related-tooltip='Compartir en Twitter' rel=\"noopener\"><span class='avia_hidden_link_text'>Compartir en Twitter<\/span><\/a><\/li><li class='av-share-link av-social-link-whatsapp' ><a target=\"_blank\" aria-label=\"Compartir en Whatsapp\" href='https:\/\/api.whatsapp.com\/send?text=https:\/\/radiorevelacionfm.cl\/?p=15889' aria-hidden='false' data-av_icon='\uf232' data-av_iconfont='entypo-fontello' title='' data-avia-related-tooltip='Compartir en Whatsapp' rel=\"noopener\"><span class='avia_hidden_link_text'>Compartir en Whatsapp<\/span><\/a><\/li><li class='av-share-link av-social-link-linkedin' ><a target=\"_blank\" aria-label=\"Compartir en LinkedIn\" href='https:\/\/linkedin.com\/shareArticle?mini=true&#038;title=%E2%80%9CEncuentro%20de%20Amigos%E2%80%9D%3A%20nuevo%20programa%20de%20la%20pastoral%20obrera&#038;url=https:\/\/radiorevelacionfm.cl\/?p=15889' aria-hidden='false' data-av_icon='\ue8fc' data-av_iconfont='entypo-fontello' title='' data-avia-related-tooltip='Compartir en LinkedIn' rel=\"noopener\"><span class='avia_hidden_link_text'>Compartir en LinkedIn<\/span><\/a><\/li><li class='av-share-link av-social-link-mail' ><a  aria-label=\"Compartir por correo\" href='mailto:?subject=%E2%80%9CEncuentro%20de%20Amigos%E2%80%9D%3A%20nuevo%20programa%20de%20la%20pastoral%20obrera&#038;body=https:\/\/radiorevelacionfm.cl\/?p=15889' aria-hidden='false' data-av_icon='\ue805' data-av_iconfont='entypo-fontello' title='' data-avia-related-tooltip='Compartir por correo'><span class='avia_hidden_link_text'>Compartir por correo<\/span><\/a><\/li><\/ul><\/div><\/div>\n<div  style='height:50px' class='hr hr-invisible   avia-builder-el-8  el_after_av_social_share  el_before_av_comments_list '><span class='hr-inner ' ><span class='hr-inner-style'><\/span><\/span><\/div>\n<div  class='av-buildercomment  av-blog-meta-html-info-disabled av-blog-meta-tag-disabled  '><\/div>\n<div  style='height:50px' class='hr hr-invisible   avia-builder-el-10  el_after_av_comments_list  el_before_av_hr '><span class='hr-inner ' ><span class='hr-inner-style'><\/span><\/span><\/div>\n<div  style='height:50px' class='hr hr-invisible   avia-builder-el-11  el_after_av_hr  avia-builder-el-last '><span class='hr-inner ' ><span class='hr-inner-style'><\/span><\/span><\/div>\n","protected":false},"excerpt":{"rendered":"","protected":false},"author":1,"featured_media":15890,"comment_status":"open","ping_status":"open","sticky":false,"template":"","format":"standard","meta":{"footnotes":""},"categories":[38],"tags":[],"class_list":["post-15889","post","type-post","status-publish","format-standard","has-post-thumbnail","hentry","category-regional"],"jetpack_featured_media_url":"https:\/\/radiorevelacionfm.cl\/wp-content\/uploads\/2022\/04\/d-5-1_optimized.jpg","_links":{"self":[{"href":"https:\/\/radiorevelacionfm.cl\/index.php?rest_route=\/wp\/v2\/posts\/15889","targetHints":{"allow":["GET"]}}],"collection":[{"href":"https:\/\/radiorevelacionfm.cl\/index.php?rest_route=\/wp\/v2\/posts"}],"about":[{"href":"https:\/\/radiorevelacionfm.cl\/index.php?rest_route=\/wp\/v2\/types\/post"}],"author":[{"embeddable":true,"href":"https:\/\/radiorevelacionfm.cl\/index.php?rest_route=\/wp\/v2\/users\/1"}],"replies":[{"embeddable":true,"href":"https:\/\/radiorevelacionfm.cl\/index.php?rest_route=%2Fwp%2Fv2%2Fcomments&post=15889"}],"version-history":[{"count":2,"href":"https:\/\/radiorevelacionfm.cl\/index.php?rest_route=\/wp\/v2\/posts\/15889\/revisions"}],"predecessor-version":[{"id":15921,"href":"https:\/\/radiorevelacionfm.cl\/index.php?rest_route=\/wp\/v2\/posts\/15889\/revisions\/15921"}],"wp:featuredmedia":[{"embeddable":true,"href":"https:\/\/radiorevelacionfm.cl\/index.php?rest_route=\/wp\/v2\/media\/15890"}],"wp:attachment":[{"href":"https:\/\/radiorevelacionfm.cl\/index.php?rest_route=%2Fwp%2Fv2%2Fmedia&parent=15889"}],"wp:term":[{"taxonomy":"category","embeddable":true,"href":"https:\/\/radiorevelacionfm.cl\/index.php?rest_route=%2Fwp%2Fv2%2Fcategories&post=15889"},{"taxonomy":"post_tag","embeddable":true,"href":"https:\/\/radiorevelacionfm.cl\/index.php?rest_route=%2Fwp%2Fv2%2Ftags&post=15889"}],"curies":[{"name":"wp","href":"https:\/\/api.w.org\/{rel}","templated":true}]}}