{"id":15886,"date":"2022-04-18T11:34:21","date_gmt":"2022-04-18T14:34:21","guid":{"rendered":"https:\/\/radiorevelacionfm.cl\/?p=15886"},"modified":"2022-04-18T11:34:21","modified_gmt":"2022-04-18T14:34:21","slug":"mineduc-invita-a-comunidades-educativas-a-participar-en-la-primera-jornada-nacional-hacia-una-educacion-no-sexista","status":"publish","type":"post","link":"https:\/\/radiorevelacionfm.cl\/?p=15886","title":{"rendered":"Mineduc invita a comunidades educativas a participar en la primera Jornada Nacional hacia una Educaci\u00f3n No Sexista"},"content":{"rendered":"<div class=\"flex_column av_one_full  flex_column_div av-zero-column-padding first  avia-builder-el-0  el_before_av_one_full  avia-builder-el-first  \" style='border-radius:0px; '><div  class='avia-image-container  av-styling-    avia-builder-el-1  avia-builder-el-no-sibling  avia-align-center '  itemprop=\"image\" itemscope=\"itemscope\" itemtype=\"https:\/\/schema.org\/ImageObject\"  ><div class='avia-image-container-inner'><div class='avia-image-overlay-wrap'><img decoding=\"async\" class='wp-image-15887 avia-img-lazy-loading-not-15887 avia_image' src=\"https:\/\/radiorevelacionfm.cl\/wp-content\/uploads\/2022\/04\/nosexista_optimized.jpg\" alt='' title='nosexista_optimized' height=\"590\" width=\"910\"  itemprop=\"thumbnailUrl\" srcset=\"https:\/\/radiorevelacionfm.cl\/wp-content\/uploads\/2022\/04\/nosexista_optimized.jpg 910w, https:\/\/radiorevelacionfm.cl\/wp-content\/uploads\/2022\/04\/nosexista_optimized-300x195.jpg 300w, https:\/\/radiorevelacionfm.cl\/wp-content\/uploads\/2022\/04\/nosexista_optimized-768x498.jpg 768w, https:\/\/radiorevelacionfm.cl\/wp-content\/uploads\/2022\/04\/nosexista_optimized-705x457.jpg 705w, https:\/\/radiorevelacionfm.cl\/wp-content\/uploads\/2022\/04\/nosexista_optimized-600x389.jpg 600w\" sizes=\"(max-width: 910px) 100vw, 910px\" \/><\/div><\/div><\/div><\/div><div class=\"flex_column av_one_full  flex_column_div av-zero-column-padding first  avia-builder-el-2  el_after_av_one_full  el_before_av_one_full  column-top-margin\" style='border-radius:0px; '><section class=\"av_textblock_section \"  itemscope=\"itemscope\" itemtype=\"https:\/\/schema.org\/BlogPosting\" itemprop=\"blogPost\" ><div class='avia_textblock  '   itemprop=\"text\" ><p style=\"text-align: center;\"><span style=\"font-size: 18pt;\"><b>Mineduc invita a comunidades educativas a participar en la primera Jornada Nacional hacia una Educaci\u00f3n No Sexista<\/b><\/span><\/p>\n<div id=\"gtx-trans\" style=\"position: absolute; left: -50px; top: 4.31534px;\">\n<div class=\"gtx-trans-icon\"><\/div>\n<\/div>\n<\/div><\/section><\/div><div class=\"flex_column av_one_full  flex_column_div av-zero-column-padding first  avia-builder-el-4  el_after_av_one_full  el_before_av_hr  column-top-margin\" style='border-radius:0px; '><section class=\"av_textblock_section \"  itemscope=\"itemscope\" itemtype=\"https:\/\/schema.org\/BlogPosting\" itemprop=\"blogPost\" ><div class='avia_textblock  '   itemprop=\"text\" ><p class=\"v1MsoNormal\" style=\"text-align: justify;\"><span style=\"font-size: 12pt;\">Con el objetivo de iniciar espacios de reflexi\u00f3n sobre la educaci\u00f3n con enfoque de g\u00e9nero, no sexista e inclusiva, el Ministerio de Educaci\u00f3n, junto al Ministerio de la Mujer y Equidad de G\u00e9nero, invita a equipos directivos, docentes, estudiantes y trabajadores y trabajadoras de la educaci\u00f3n, a ser parte de la primera Jornada Nacional hacia una Educaci\u00f3n No Sexista el pr\u00f3ximo martes 19 de abril. La iniciativa, de car\u00e1cter voluntario, busca generar una reconstrucci\u00f3n y reparaci\u00f3n de las confianzas, y as\u00ed lograr avanzar hacia escuelas y liceos inclusivos con la participaci\u00f3n de las y los estudiantes.<\/span><\/p>\n<p class=\"v1MsoNormal\" style=\"text-align: justify;\"><span style=\"font-size: 12pt;\">\u00bfPor qu\u00e9 realizar un encuentro sobre Educaci\u00f3n No Sexista?\u00a0<\/span><\/p>\n<p class=\"v1MsoNormal\" style=\"text-align: justify;\"><span style=\"font-size: 12pt;\">La actividad se enmarca en el trabajo que est\u00e1 implementando el Mineduc tras las denuncias de abuso y acoso levantadas por estudiantes de distintos liceos. Por ello, ambos ministerios han decidido impulsar esta primera de tres jornadas nacionales e invitar a las comunidades a trabajar en conjunto para que los establecimientos educativos sean comprendidos por toda la comunidad como espacios libres de violencias y discriminaciones.<\/span><\/p>\n<p class=\"v1MsoNormal\" style=\"text-align: justify;\"><span style=\"font-size: 12pt;\">Para participar en esta primera jornada, los establecimientos educacionales podr\u00e1n cambiar sus actividades habituales, lo cual debe ser informado a la Direcci\u00f3n Provincial de Educaci\u00f3n Respectiva, y desarrollar este espacio de participaci\u00f3n y di\u00e1logo con las y los estudiantes de 7\u00b0 b\u00e1sico a 4\u00b0 medio medio, en base a las\u00a0<a href=\"https:\/\/www.mineduc.cl\/primera-jornada-nacional-hacia-una-educacion-no-sexista\/\" target=\"_blank\" rel=\"noopener noreferrer\">orientaciones enviadas por el Ministerio de Educaci\u00f3n<\/a>, las que cuentan con actividades por niveles y un protocolo para la preparaci\u00f3n de la jornada.<\/span><\/p>\n<p class=\"v1MsoNormal\" style=\"text-align: justify;\"><span style=\"font-size: 12pt;\">La invitaci\u00f3n a todas las comunidades educativas del pa\u00eds es a realizar de manera voluntaria en estas jornadas, y tomarse el tiempo y la palabra para avanzar hacia una educaci\u00f3n no sexista e inclusiva al interior de las escuelas y liceos.<\/span><\/p>\n<\/div><\/section><\/div><div  style='height:50px' class='hr hr-invisible   avia-builder-el-6  el_after_av_one_full  el_before_av_social_share '><span class='hr-inner ' ><span class='hr-inner-style'><\/span><\/span><\/div><\/p>\n<div  class='av-social-sharing-box  avia-builder-el-7  el_after_av_hr  el_before_av_hr  '><div class='av-share-box'><h5 class='av-share-link-description av-no-toc '>Compartir esta noticia<\/h5><ul class='av-share-box-list noLightbox'><li class='av-share-link av-social-link-facebook' ><a target=\"_blank\" aria-label=\"Compartir en Facebook\" href='https:\/\/www.facebook.com\/sharer.php?u=https:\/\/radiorevelacionfm.cl\/?p=15886&#038;t=Mineduc%20invita%20a%20comunidades%20educativas%20a%20participar%20en%20la%20primera%20Jornada%20Nacional%20hacia%20una%20Educaci%C3%B3n%20No%20Sexista' aria-hidden='false' data-av_icon='\ue8f3' data-av_iconfont='entypo-fontello' title='' data-avia-related-tooltip='Compartir en Facebook' rel=\"noopener\"><span class='avia_hidden_link_text'>Compartir en Facebook<\/span><\/a><\/li><li class='av-share-link av-social-link-twitter' ><a target=\"_blank\" aria-label=\"Compartir en Twitter\" href='https:\/\/twitter.com\/share?text=Mineduc%20invita%20a%20comunidades%20educativas%20a%20participar%20en%20la%20primera%20Jornada%20Nacional%20hacia%20una%20Educaci%C3%B3n%20No%20Sexista&#038;url=https:\/\/radiorevelacionfm.cl\/?p=15886' aria-hidden='false' data-av_icon='\ue8f1' data-av_iconfont='entypo-fontello' title='' data-avia-related-tooltip='Compartir en Twitter' rel=\"noopener\"><span class='avia_hidden_link_text'>Compartir en Twitter<\/span><\/a><\/li><li class='av-share-link av-social-link-whatsapp' ><a target=\"_blank\" aria-label=\"Compartir en Whatsapp\" href='https:\/\/api.whatsapp.com\/send?text=https:\/\/radiorevelacionfm.cl\/?p=15886' aria-hidden='false' data-av_icon='\uf232' data-av_iconfont='entypo-fontello' title='' data-avia-related-tooltip='Compartir en Whatsapp' rel=\"noopener\"><span class='avia_hidden_link_text'>Compartir en Whatsapp<\/span><\/a><\/li><li class='av-share-link av-social-link-linkedin' ><a target=\"_blank\" aria-label=\"Compartir en LinkedIn\" href='https:\/\/linkedin.com\/shareArticle?mini=true&#038;title=Mineduc%20invita%20a%20comunidades%20educativas%20a%20participar%20en%20la%20primera%20Jornada%20Nacional%20hacia%20una%20Educaci%C3%B3n%20No%20Sexista&#038;url=https:\/\/radiorevelacionfm.cl\/?p=15886' aria-hidden='false' data-av_icon='\ue8fc' data-av_iconfont='entypo-fontello' title='' data-avia-related-tooltip='Compartir en LinkedIn' rel=\"noopener\"><span class='avia_hidden_link_text'>Compartir en LinkedIn<\/span><\/a><\/li><li class='av-share-link av-social-link-mail' ><a  aria-label=\"Compartir por correo\" href='mailto:?subject=Mineduc%20invita%20a%20comunidades%20educativas%20a%20participar%20en%20la%20primera%20Jornada%20Nacional%20hacia%20una%20Educaci%C3%B3n%20No%20Sexista&#038;body=https:\/\/radiorevelacionfm.cl\/?p=15886' aria-hidden='false' data-av_icon='\ue805' data-av_iconfont='entypo-fontello' title='' data-avia-related-tooltip='Compartir por correo'><span class='avia_hidden_link_text'>Compartir por correo<\/span><\/a><\/li><\/ul><\/div><\/div>\n<div  style='height:50px' class='hr hr-invisible   avia-builder-el-8  el_after_av_social_share  el_before_av_comments_list '><span class='hr-inner ' ><span class='hr-inner-style'><\/span><\/span><\/div>\n<div  class='av-buildercomment  av-blog-meta-html-info-disabled av-blog-meta-tag-disabled  '><\/div>\n","protected":false},"excerpt":{"rendered":"","protected":false},"author":1,"featured_media":15887,"comment_status":"open","ping_status":"open","sticky":false,"template":"","format":"standard","meta":{"footnotes":""},"categories":[49],"tags":[],"class_list":["post-15886","post","type-post","status-publish","format-standard","has-post-thumbnail","hentry","category-educacion"],"jetpack_featured_media_url":"https:\/\/radiorevelacionfm.cl\/wp-content\/uploads\/2022\/04\/nosexista_optimized.jpg","_links":{"self":[{"href":"https:\/\/radiorevelacionfm.cl\/index.php?rest_route=\/wp\/v2\/posts\/15886","targetHints":{"allow":["GET"]}}],"collection":[{"href":"https:\/\/radiorevelacionfm.cl\/index.php?rest_route=\/wp\/v2\/posts"}],"about":[{"href":"https:\/\/radiorevelacionfm.cl\/index.php?rest_route=\/wp\/v2\/types\/post"}],"author":[{"embeddable":true,"href":"https:\/\/radiorevelacionfm.cl\/index.php?rest_route=\/wp\/v2\/users\/1"}],"replies":[{"embeddable":true,"href":"https:\/\/radiorevelacionfm.cl\/index.php?rest_route=%2Fwp%2Fv2%2Fcomments&post=15886"}],"version-history":[{"count":2,"href":"https:\/\/radiorevelacionfm.cl\/index.php?rest_route=\/wp\/v2\/posts\/15886\/revisions"}],"predecessor-version":[{"id":15951,"href":"https:\/\/radiorevelacionfm.cl\/index.php?rest_route=\/wp\/v2\/posts\/15886\/revisions\/15951"}],"wp:featuredmedia":[{"embeddable":true,"href":"https:\/\/radiorevelacionfm.cl\/index.php?rest_route=\/wp\/v2\/media\/15887"}],"wp:attachment":[{"href":"https:\/\/radiorevelacionfm.cl\/index.php?rest_route=%2Fwp%2Fv2%2Fmedia&parent=15886"}],"wp:term":[{"taxonomy":"category","embeddable":true,"href":"https:\/\/radiorevelacionfm.cl\/index.php?rest_route=%2Fwp%2Fv2%2Fcategories&post=15886"},{"taxonomy":"post_tag","embeddable":true,"href":"https:\/\/radiorevelacionfm.cl\/index.php?rest_route=%2Fwp%2Fv2%2Ftags&post=15886"}],"curies":[{"name":"wp","href":"https:\/\/api.w.org\/{rel}","templated":true}]}}