{"id":15803,"date":"2022-04-13T13:50:13","date_gmt":"2022-04-13T16:50:13","guid":{"rendered":"https:\/\/radiorevelacionfm.cl\/?p=15803"},"modified":"2022-04-13T13:50:13","modified_gmt":"2022-04-13T16:50:13","slug":"sandoval-asume-presidencia-de-la-comision-del-adulto-mayor-son-muchos-los-desafios-y-vamos-a-tener-un-dialogo-permanente-con-las-diferentes-organizaciones-de-la-region","status":"publish","type":"post","link":"https:\/\/radiorevelacionfm.cl\/?p=15803","title":{"rendered":"Sandoval asume presidencia de la comisi\u00f3n del Adulto Mayor: \u201cSon muchos los desaf\u00edos y vamos a tener un di\u00e1logo permanente con las diferentes organizaciones de la regi\u00f3n\u201d"},"content":{"rendered":"<div class=\"flex_column av_one_full  flex_column_div av-zero-column-padding first  avia-builder-el-0  el_before_av_one_full  avia-builder-el-first  \" style='border-radius:0px; '><div  class='avia-image-container  av-styling-    avia-builder-el-1  avia-builder-el-no-sibling  avia-align-center '  itemprop=\"image\" itemscope=\"itemscope\" itemtype=\"https:\/\/schema.org\/ImageObject\"  ><div class='avia-image-container-inner'><div class='avia-image-overlay-wrap'><img decoding=\"async\" class='wp-image-15804 avia-img-lazy-loading-not-15804 avia_image' src=\"https:\/\/radiorevelacionfm.cl\/wp-content\/uploads\/2022\/04\/senador-sandoval-asume-presidencia-comision-adulto-mayor1-1_optimized.jpg\" alt='' title='senador-sandoval-asume-presidencia-comisi\u00f3n-adulto-mayor1-(1)_optimized' height=\"600\" width=\"1050\"  itemprop=\"thumbnailUrl\" srcset=\"https:\/\/radiorevelacionfm.cl\/wp-content\/uploads\/2022\/04\/senador-sandoval-asume-presidencia-comision-adulto-mayor1-1_optimized.jpg 1050w, https:\/\/radiorevelacionfm.cl\/wp-content\/uploads\/2022\/04\/senador-sandoval-asume-presidencia-comision-adulto-mayor1-1_optimized-300x171.jpg 300w, https:\/\/radiorevelacionfm.cl\/wp-content\/uploads\/2022\/04\/senador-sandoval-asume-presidencia-comision-adulto-mayor1-1_optimized-1030x589.jpg 1030w, https:\/\/radiorevelacionfm.cl\/wp-content\/uploads\/2022\/04\/senador-sandoval-asume-presidencia-comision-adulto-mayor1-1_optimized-768x439.jpg 768w, https:\/\/radiorevelacionfm.cl\/wp-content\/uploads\/2022\/04\/senador-sandoval-asume-presidencia-comision-adulto-mayor1-1_optimized-705x403.jpg 705w, https:\/\/radiorevelacionfm.cl\/wp-content\/uploads\/2022\/04\/senador-sandoval-asume-presidencia-comision-adulto-mayor1-1_optimized-600x343.jpg 600w\" sizes=\"(max-width: 1050px) 100vw, 1050px\" \/><\/div><\/div><\/div><\/div><div class=\"flex_column av_one_full  flex_column_div av-zero-column-padding first  avia-builder-el-2  el_after_av_one_full  el_before_av_one_full  column-top-margin\" style='border-radius:0px; '><section class=\"av_textblock_section \"  itemscope=\"itemscope\" itemtype=\"https:\/\/schema.org\/BlogPosting\" itemprop=\"blogPost\" ><div class='avia_textblock  '   itemprop=\"text\" ><p style=\"text-align: center;\"><strong><span style=\"font-size: 18pt;\">Sandoval asume presidencia de la comisi\u00f3n del Adulto Mayor: \u201cSon muchos los desaf\u00edos y vamos a tener un di\u00e1logo permanente con las diferentes organizaciones de la regi\u00f3n\u201d<\/span><\/strong><\/p>\n<div id=\"gtx-trans\" style=\"position: absolute; left: -50px; top: 4.31534px;\">\n<div class=\"gtx-trans-icon\"><\/div>\n<\/div>\n<\/div><\/section><\/div><div class=\"flex_column av_one_full  flex_column_div av-zero-column-padding first  avia-builder-el-4  el_after_av_one_full  el_before_av_hr  column-top-margin\" style='border-radius:0px; '><section class=\"av_textblock_section \"  itemscope=\"itemscope\" itemtype=\"https:\/\/schema.org\/BlogPosting\" itemprop=\"blogPost\" ><div class='avia_textblock  '   itemprop=\"text\" ><p style=\"text-align: justify;\">Respaldo pol\u00edtico transversal le permite al parlamentario encabezar la comisi\u00f3n durante 2022.<\/p>\n<p style=\"text-align: justify;\">\u201cEs un honor poder representar los sue\u00f1os de los adultos mayores del pa\u00eds y de nuestra regi\u00f3n de Ays\u00e9n\u201d. As\u00ed lo se\u00f1al\u00f3 el senador David Sandoval, luego de que esta semana asumiera la presidencia de la comisi\u00f3n de Adulto Mayor en el Senado.<\/p>\n<p style=\"text-align: justify;\">En ese sentido, Sandoval agradeci\u00f3 el respaldo transversal que le permite encabezar por un a\u00f1o la instancia parlamentaria, se\u00f1alando que se da justo en momentos donde se requiere avanzar en la concreci\u00f3n de la Ley de Envejecimiento Positivo. \u201cEsta ley busca que muchos de los programas que se realizan a trav\u00e9s de iniciativas de gobierno, se transformen en pol\u00edticas de Estado. Y para ello, \u00e9sta reconoce la enorme cantidad de desaf\u00edos que tenemos para darle a las personas mayores el papel que se merecen en la sociedad\u201d, se\u00f1al\u00f3.<\/p>\n<p style=\"text-align: justify;\">\u201cEn nuestra regi\u00f3n y el pa\u00eds, los adultos mayores reclaman por m\u00e1s oportunidades, por trabajo incluso, y tambi\u00e9n por un descanso adecuado; pensiones suficientes, una salud digna, adem\u00e1s de programas en distintos \u00e1mbitos\u201d, puntualiz\u00f3.<\/p>\n<p style=\"text-align: justify;\">Y por lo mismo es que destac\u00f3 tambi\u00e9n el trabajo que realizan los municipios de la regi\u00f3n, que tienen una especial atenci\u00f3n en el desarrollo de programas y de apoyos en beneficio de las personas mayores, por ejemplo, a trav\u00e9s de los centros de d\u00eda. \u201cPor cierto, tambi\u00e9n la regi\u00f3n tendr\u00e1 el gran sue\u00f1o del Establecimiento de Larga Estad\u00eda (ELEAM), que tal como se ha se\u00f1alado por el propio sector esperamos que antes de fin de a\u00f1o entre en pleno servicio, para atender las necesidades de aquellos adultos mayores que, no teniendo redes, necesitan una institucionalizaci\u00f3n\u201d, subray\u00f3.<\/p>\n<p style=\"text-align: justify;\">\u201cSon muchos los desaf\u00edos y vamos a tener un di\u00e1logo permanente con las diferentes organizaciones de la regi\u00f3n\u201d, indic\u00f3 el senador Sandoval, quien recalc\u00f3 que el objetivo es que las ideas y preocupaciones de las personas mayores \u201ctambi\u00e9n sean parte de la discusi\u00f3n de lo que realice la comisi\u00f3n en el Senado\u201d.<\/p>\n<p style=\"text-align: justify;\">Cabe se\u00f1alar que durante las pr\u00f3ximas sesiones, la comisi\u00f3n se abocar\u00e1 al estudio en particular del proyecto de Ley de Envejecimiento Positivo, considerando que se recibir\u00e1n indicaciones al mismo, hasta el 5 de mayo pr\u00f3ximo.<\/p>\n<\/div><\/section><\/div><div  style='height:50px' class='hr hr-invisible   avia-builder-el-6  el_after_av_one_full  el_before_av_social_share '><span class='hr-inner ' ><span class='hr-inner-style'><\/span><\/span><\/div><\/p>\n<div  class='av-social-sharing-box  avia-builder-el-7  el_after_av_hr  el_before_av_hr  '><div class='av-share-box'><h5 class='av-share-link-description av-no-toc '>Compartir esta noticia<\/h5><ul class='av-share-box-list noLightbox'><li class='av-share-link av-social-link-facebook' ><a target=\"_blank\" aria-label=\"Compartir en Facebook\" href='https:\/\/www.facebook.com\/sharer.php?u=https:\/\/radiorevelacionfm.cl\/?p=15803&#038;t=Sandoval%20asume%20presidencia%20de%20la%20comisi%C3%B3n%20del%20Adulto%20Mayor%3A%20%E2%80%9CSon%20muchos%20los%20desaf%C3%ADos%20y%20vamos%20a%20tener%20un%20di%C3%A1logo%20permanente%20con%20las%20diferentes%20organizaciones%20de%20la%20regi%C3%B3n%E2%80%9D' aria-hidden='false' data-av_icon='\ue8f3' data-av_iconfont='entypo-fontello' title='' data-avia-related-tooltip='Compartir en Facebook' rel=\"noopener\"><span class='avia_hidden_link_text'>Compartir en Facebook<\/span><\/a><\/li><li class='av-share-link av-social-link-twitter' ><a target=\"_blank\" aria-label=\"Compartir en Twitter\" href='https:\/\/twitter.com\/share?text=Sandoval%20asume%20presidencia%20de%20la%20comisi%C3%B3n%20del%20Adulto%20Mayor%3A%20%E2%80%9CSon%20muchos%20los%20desaf%C3%ADos%20y%20vamos%20a%20tener%20un%20di%C3%A1logo%20permanente%20con%20las%20diferentes%20organizaciones%20de%20la%20regi%C3%B3n%E2%80%9D&#038;url=https:\/\/radiorevelacionfm.cl\/?p=15803' aria-hidden='false' data-av_icon='\ue8f1' data-av_iconfont='entypo-fontello' title='' data-avia-related-tooltip='Compartir en Twitter' rel=\"noopener\"><span class='avia_hidden_link_text'>Compartir en Twitter<\/span><\/a><\/li><li class='av-share-link av-social-link-whatsapp' ><a target=\"_blank\" aria-label=\"Compartir en Whatsapp\" href='https:\/\/api.whatsapp.com\/send?text=https:\/\/radiorevelacionfm.cl\/?p=15803' aria-hidden='false' data-av_icon='\uf232' data-av_iconfont='entypo-fontello' title='' data-avia-related-tooltip='Compartir en Whatsapp' rel=\"noopener\"><span class='avia_hidden_link_text'>Compartir en Whatsapp<\/span><\/a><\/li><li class='av-share-link av-social-link-linkedin' ><a target=\"_blank\" aria-label=\"Compartir en LinkedIn\" href='https:\/\/linkedin.com\/shareArticle?mini=true&#038;title=Sandoval%20asume%20presidencia%20de%20la%20comisi%C3%B3n%20del%20Adulto%20Mayor%3A%20%E2%80%9CSon%20muchos%20los%20desaf%C3%ADos%20y%20vamos%20a%20tener%20un%20di%C3%A1logo%20permanente%20con%20las%20diferentes%20organizaciones%20de%20la%20regi%C3%B3n%E2%80%9D&#038;url=https:\/\/radiorevelacionfm.cl\/?p=15803' aria-hidden='false' data-av_icon='\ue8fc' data-av_iconfont='entypo-fontello' title='' data-avia-related-tooltip='Compartir en LinkedIn' rel=\"noopener\"><span class='avia_hidden_link_text'>Compartir en LinkedIn<\/span><\/a><\/li><li class='av-share-link av-social-link-mail' ><a  aria-label=\"Compartir por correo\" href='mailto:?subject=Sandoval%20asume%20presidencia%20de%20la%20comisi%C3%B3n%20del%20Adulto%20Mayor%3A%20%E2%80%9CSon%20muchos%20los%20desaf%C3%ADos%20y%20vamos%20a%20tener%20un%20di%C3%A1logo%20permanente%20con%20las%20diferentes%20organizaciones%20de%20la%20regi%C3%B3n%E2%80%9D&#038;body=https:\/\/radiorevelacionfm.cl\/?p=15803' aria-hidden='false' data-av_icon='\ue805' data-av_iconfont='entypo-fontello' title='' data-avia-related-tooltip='Compartir por correo'><span class='avia_hidden_link_text'>Compartir por correo<\/span><\/a><\/li><\/ul><\/div><\/div>\n<div  style='height:50px' class='hr hr-invisible   avia-builder-el-8  el_after_av_social_share  el_before_av_comments_list '><span class='hr-inner ' ><span class='hr-inner-style'><\/span><\/span><\/div>\n<div  class='av-buildercomment  av-blog-meta-html-info-disabled av-blog-meta-tag-disabled  '><\/div>\n","protected":false},"excerpt":{"rendered":"","protected":false},"author":1,"featured_media":15804,"comment_status":"open","ping_status":"open","sticky":false,"template":"","format":"standard","meta":{"footnotes":""},"categories":[35],"tags":[],"class_list":["post-15803","post","type-post","status-publish","format-standard","has-post-thumbnail","hentry","category-politica"],"jetpack_featured_media_url":"https:\/\/radiorevelacionfm.cl\/wp-content\/uploads\/2022\/04\/senador-sandoval-asume-presidencia-comision-adulto-mayor1-1_optimized.jpg","_links":{"self":[{"href":"https:\/\/radiorevelacionfm.cl\/index.php?rest_route=\/wp\/v2\/posts\/15803","targetHints":{"allow":["GET"]}}],"collection":[{"href":"https:\/\/radiorevelacionfm.cl\/index.php?rest_route=\/wp\/v2\/posts"}],"about":[{"href":"https:\/\/radiorevelacionfm.cl\/index.php?rest_route=\/wp\/v2\/types\/post"}],"author":[{"embeddable":true,"href":"https:\/\/radiorevelacionfm.cl\/index.php?rest_route=\/wp\/v2\/users\/1"}],"replies":[{"embeddable":true,"href":"https:\/\/radiorevelacionfm.cl\/index.php?rest_route=%2Fwp%2Fv2%2Fcomments&post=15803"}],"version-history":[{"count":2,"href":"https:\/\/radiorevelacionfm.cl\/index.php?rest_route=\/wp\/v2\/posts\/15803\/revisions"}],"predecessor-version":[{"id":15806,"href":"https:\/\/radiorevelacionfm.cl\/index.php?rest_route=\/wp\/v2\/posts\/15803\/revisions\/15806"}],"wp:featuredmedia":[{"embeddable":true,"href":"https:\/\/radiorevelacionfm.cl\/index.php?rest_route=\/wp\/v2\/media\/15804"}],"wp:attachment":[{"href":"https:\/\/radiorevelacionfm.cl\/index.php?rest_route=%2Fwp%2Fv2%2Fmedia&parent=15803"}],"wp:term":[{"taxonomy":"category","embeddable":true,"href":"https:\/\/radiorevelacionfm.cl\/index.php?rest_route=%2Fwp%2Fv2%2Fcategories&post=15803"},{"taxonomy":"post_tag","embeddable":true,"href":"https:\/\/radiorevelacionfm.cl\/index.php?rest_route=%2Fwp%2Fv2%2Ftags&post=15803"}],"curies":[{"name":"wp","href":"https:\/\/api.w.org\/{rel}","templated":true}]}}