{"id":15792,"date":"2022-04-13T10:35:15","date_gmt":"2022-04-13T13:35:15","guid":{"rendered":"https:\/\/radiorevelacionfm.cl\/?p=15792"},"modified":"2022-04-13T11:00:32","modified_gmt":"2022-04-13T14:00:32","slug":"ministro-de-energia-encabeza-intensa-agenda-en-su-primer-dia-de-visita-a-aysen","status":"publish","type":"post","link":"https:\/\/radiorevelacionfm.cl\/?p=15792","title":{"rendered":"Ministro de Energ\u00eda encabeza intensa agenda en su primer d\u00eda de visita en Ays\u00e9n"},"content":{"rendered":"<div class=\"flex_column av_one_full  flex_column_div av-zero-column-padding first  avia-builder-el-0  el_before_av_one_full  avia-builder-el-first  \" style='border-radius:0px; '><div  class='avia-image-container  av-styling-    avia-builder-el-1  avia-builder-el-no-sibling  avia-align-center '  itemprop=\"image\" itemscope=\"itemscope\" itemtype=\"https:\/\/schema.org\/ImageObject\"  ><div class='avia-image-container-inner'><div class='avia-image-overlay-wrap'><img decoding=\"async\" class='wp-image-15793 avia-img-lazy-loading-not-15793 avia_image' src=\"https:\/\/radiorevelacionfm.cl\/wp-content\/uploads\/2022\/04\/energia-image-2022-04-12-at-9_optimized.25.06-pm.jpeg\" alt='' title='energia-image-2022-04-12-at-9_optimized.25.06-pm' height=\"617\" width=\"1018\"  itemprop=\"thumbnailUrl\" srcset=\"https:\/\/radiorevelacionfm.cl\/wp-content\/uploads\/2022\/04\/energia-image-2022-04-12-at-9_optimized.25.06-pm.jpeg 1018w, https:\/\/radiorevelacionfm.cl\/wp-content\/uploads\/2022\/04\/energia-image-2022-04-12-at-9_optimized.25.06-pm-300x182.jpeg 300w, https:\/\/radiorevelacionfm.cl\/wp-content\/uploads\/2022\/04\/energia-image-2022-04-12-at-9_optimized.25.06-pm-768x465.jpeg 768w, https:\/\/radiorevelacionfm.cl\/wp-content\/uploads\/2022\/04\/energia-image-2022-04-12-at-9_optimized.25.06-pm-705x427.jpeg 705w, https:\/\/radiorevelacionfm.cl\/wp-content\/uploads\/2022\/04\/energia-image-2022-04-12-at-9_optimized.25.06-pm-600x364.jpeg 600w\" sizes=\"(max-width: 1018px) 100vw, 1018px\" \/><\/div><\/div><\/div><\/div>\n<div class=\"flex_column av_one_full  flex_column_div av-zero-column-padding first  avia-builder-el-2  el_after_av_one_full  el_before_av_one_full  column-top-margin\" style='border-radius:0px; '><section class=\"av_textblock_section \"  itemscope=\"itemscope\" itemtype=\"https:\/\/schema.org\/BlogPosting\" itemprop=\"blogPost\" ><div class='avia_textblock  '   itemprop=\"text\" ><p style=\"text-align: center;\"><strong><span style=\"font-size: 18pt;\">Ministro de Energ\u00eda encabeza intensa agenda en su primer d\u00eda de visita en Ays\u00e9n<\/span><\/strong><\/p>\n<div id=\"gtx-trans\" style=\"position: absolute; left: -50px; top: 4.31534px;\">\n<div class=\"gtx-trans-icon\"><\/div>\n<\/div>\n<\/div><\/section><\/div><div class=\"flex_column av_one_full  flex_column_div av-zero-column-padding first  avia-builder-el-4  el_after_av_one_full  el_before_av_hr  column-top-margin\" style='border-radius:0px; '><section class=\"av_textblock_section \"  itemscope=\"itemscope\" itemtype=\"https:\/\/schema.org\/BlogPosting\" itemprop=\"blogPost\" ><div class='avia_textblock  '   itemprop=\"text\" ><p style=\"text-align: justify;\">En su primera jornada en la regi\u00f3n de Ays\u00e9n, el ministro de Energ\u00eda Claudio Huepe desarroll\u00f3 una intensa agenda en terreno, marcada por el desarrollo de distintas actividades de di\u00e1logo con la comunidad.<\/p>\n<p style=\"text-align: justify;\">Tras reunirse con autoridades regionales y con los y las funcionarios y funcionarias de la Secretar\u00eda Regional Ministerial de Energ\u00eda de Ays\u00e9n, encabezada por el Seremi de Energ\u00eda Carlos D\u00edaz, el ministro Huepe se dirigi\u00f3 al centro de la ciudad donde visit\u00f3 la emblem\u00e1tica f\u00e1brica Cecinas Don Pepe beneficiaria del programa \u201cPonle Energ\u00eda a Tu Pyme\u201d.<\/p>\n<p style=\"text-align: justify;\">\u201cEstamos muy contentos de poder visitar la regi\u00f3n de Ays\u00e9n y de haber compartido con don Jos\u00e9 Guzm\u00e1n, un empresario local que ha apostado por las energ\u00edas limpias, que hoy cuenta con un sistema de generaci\u00f3n distribuida de 10KW de potencia\u201d, se\u00f1al\u00f3 el secretario de Estado. El sistema contribuir\u00e1 un 35% de la energ\u00eda consumida anualmente por la f\u00e1brica, permitiendo la reducci\u00f3n de 5,5 toneladas de CO2 equivalentes.<\/p>\n<p style=\"text-align: justify;\">Por su parte el Seremi D\u00edaz dijo que \u201ces un orgullo que Cecinas Don Pepe se encuentre en la etapa de implementaci\u00f3n de una soluci\u00f3n fotovoltaica, porque don Jos\u00e9 particip\u00f3 en el programa Gestiona Energ\u00eda MiPyMEs, luego implement\u00f3 un sistema de gesti\u00f3n de la energ\u00eda, se capacit\u00f3 como gestor energ\u00e9tico y hoy est\u00e1 culminando el ciclo al inaugurar junto al ministro Huepe su proyecto\u201d.<\/p>\n<p style=\"text-align: justify;\">\u00a0El beneficiario Jos\u00e9 Guzm\u00e1n indic\u00f3 que \u201c yo me motiv\u00e9 a participar en el programa Ponle Energ\u00eda a Tu PyMEs cuando particip\u00e9 en una capacitaci\u00f3n que realiz\u00f3 la Seremi de Energ\u00eda sobre gesti\u00f3n energ\u00e9tica. Eso me incentiv\u00f3 a participar para poder ayudar al medio ambiente y a la descontaminaci\u00f3n y\u00a0 a su vez poder generar ahorros en mis consumos de energ\u00eda\u201d.<\/p>\n<p style=\"text-align: justify;\">\u00a0Posteriormente, la autoridad nacional de energ\u00eda visit\u00f3 a Patricio Valenzuela beneficiario del programa \u201cCasa Solar\u201d, donde pudo conocer el estado de avance del sistema de generaci\u00f3n distribuida fotovoltaica, que est\u00e1 instalado en dicha vivienda. \u201cEsta casa forma parte de los 60 hogares beneficiados con la primera versi\u00f3n del programa Casa Solar, que se est\u00e1 desarrollando en la comuna de Coyhaique. Ejemplos como \u00e9ste refuerzan nuestro compromiso de avanzar hacia un nuevo modelo energ\u00e9tico sostenible, descarbonizado, descentralizado, solidario y con foco en los hogares\u201d, recalc\u00f3 el ministro.<\/p>\n<p style=\"text-align: justify;\">El beneficiario Patricio Valenzuela indic\u00f3 que \u201ccomo familia estamos s\u00faper contentos con la existencia de este programa, la verdad es que una vez que nos enteramos de Casa Solar, supimos de inmediato que era una opci\u00f3n para nosotros, siempre hemos pensado en la riqueza de nuestro sol, vientos y mares, entonces entendimos que era una s\u00faper buena oportunidad para acceder a los paneles solares. Estamos muy contentos y esperamos pronto poder aportar con un granito de arena en lo que respecta a la diversificaci\u00f3n de la matriz energ\u00e9tica regional\u201d.<\/p>\n<p style=\"text-align: justify;\">Para cerrar la jornada el ministro Huepe se traslad\u00f3 hasta la sede vecinal de El Bosque, donde se reuni\u00f3 con diversos representantes de organizaciones comunitarias para conocer de cerca sus inquietudes y expectativas en materia energ\u00e9tica. \u201cEl esp\u00edritu del Gobierno del presidente Gabriel Boric se basa en escuchar a las comunidades y promover la participaci\u00f3n y el di\u00e1logo ciudadano. Tenemos la convicci\u00f3n de que son pilares fundamentales para lograr un desarrollo sostenible, con \u00e9nfasis en una transici\u00f3n energ\u00e9tica justa; terminar con la vulnerabilidad y pobreza energ\u00e9tica, promover una mayor inclusi\u00f3n y participaci\u00f3n de mujeres en la industria energ\u00e9tica e impulsar la descentralizaci\u00f3n\u201d, se\u00f1al\u00f3 Huepe.<\/p>\n<p style=\"text-align: justify;\">Durante la jornada del mi\u00e9rcoles, el representante nacional de la cartera de Energ\u00eda participar\u00e1 en un encuentro ciudadano que busca recoger las prioridades y necesidades de las distintas regiones para armar la Agenda de Energ\u00eda 2022-2026, que orientar\u00e1 el trabajo que tendr\u00e1 el sector en el Gobierno del presidente Gabriel Boric.<\/p>\n<\/div><\/section><\/div><\/p>\n<div  style='height:50px' class='hr hr-invisible   avia-builder-el-6  el_after_av_one_full  el_before_av_social_share '><span class='hr-inner ' ><span class='hr-inner-style'><\/span><\/span><\/div>\n<div  class='av-social-sharing-box  avia-builder-el-7  el_after_av_hr  el_before_av_hr  '><div class='av-share-box'><h5 class='av-share-link-description av-no-toc '>Compartir esta noticia<\/h5><ul class='av-share-box-list noLightbox'><li class='av-share-link av-social-link-facebook' ><a target=\"_blank\" aria-label=\"Compartir en Facebook\" href='https:\/\/www.facebook.com\/sharer.php?u=https:\/\/radiorevelacionfm.cl\/?p=15792&#038;t=Ministro%20de%20Energ%C3%ADa%20encabeza%20intensa%20agenda%20en%20su%20primer%20d%C3%ADa%20de%20visita%20en%20Ays%C3%A9n' aria-hidden='false' data-av_icon='\ue8f3' data-av_iconfont='entypo-fontello' title='' data-avia-related-tooltip='Compartir en Facebook' rel=\"noopener\"><span class='avia_hidden_link_text'>Compartir en Facebook<\/span><\/a><\/li><li class='av-share-link av-social-link-twitter' ><a target=\"_blank\" aria-label=\"Compartir en Twitter\" href='https:\/\/twitter.com\/share?text=Ministro%20de%20Energ%C3%ADa%20encabeza%20intensa%20agenda%20en%20su%20primer%20d%C3%ADa%20de%20visita%20en%20Ays%C3%A9n&#038;url=https:\/\/radiorevelacionfm.cl\/?p=15792' aria-hidden='false' data-av_icon='\ue8f1' data-av_iconfont='entypo-fontello' title='' data-avia-related-tooltip='Compartir en Twitter' rel=\"noopener\"><span class='avia_hidden_link_text'>Compartir en Twitter<\/span><\/a><\/li><li class='av-share-link av-social-link-whatsapp' ><a target=\"_blank\" aria-label=\"Compartir en Whatsapp\" href='https:\/\/api.whatsapp.com\/send?text=https:\/\/radiorevelacionfm.cl\/?p=15792' aria-hidden='false' data-av_icon='\uf232' data-av_iconfont='entypo-fontello' title='' data-avia-related-tooltip='Compartir en Whatsapp' rel=\"noopener\"><span class='avia_hidden_link_text'>Compartir en Whatsapp<\/span><\/a><\/li><li class='av-share-link av-social-link-linkedin' ><a target=\"_blank\" aria-label=\"Compartir en LinkedIn\" href='https:\/\/linkedin.com\/shareArticle?mini=true&#038;title=Ministro%20de%20Energ%C3%ADa%20encabeza%20intensa%20agenda%20en%20su%20primer%20d%C3%ADa%20de%20visita%20en%20Ays%C3%A9n&#038;url=https:\/\/radiorevelacionfm.cl\/?p=15792' aria-hidden='false' data-av_icon='\ue8fc' data-av_iconfont='entypo-fontello' title='' data-avia-related-tooltip='Compartir en LinkedIn' rel=\"noopener\"><span class='avia_hidden_link_text'>Compartir en LinkedIn<\/span><\/a><\/li><li class='av-share-link av-social-link-mail' ><a  aria-label=\"Compartir por correo\" href='mailto:?subject=Ministro%20de%20Energ%C3%ADa%20encabeza%20intensa%20agenda%20en%20su%20primer%20d%C3%ADa%20de%20visita%20en%20Ays%C3%A9n&#038;body=https:\/\/radiorevelacionfm.cl\/?p=15792' aria-hidden='false' data-av_icon='\ue805' data-av_iconfont='entypo-fontello' title='' data-avia-related-tooltip='Compartir por correo'><span class='avia_hidden_link_text'>Compartir por correo<\/span><\/a><\/li><\/ul><\/div><\/div>\n<div  style='height:50px' class='hr hr-invisible   avia-builder-el-8  el_after_av_social_share  el_before_av_comments_list '><span class='hr-inner ' ><span class='hr-inner-style'><\/span><\/span><\/div>\n<div  class='av-buildercomment  av-blog-meta-html-info-disabled av-blog-meta-tag-disabled  '><\/div>\n","protected":false},"excerpt":{"rendered":"","protected":false},"author":1,"featured_media":15793,"comment_status":"open","ping_status":"open","sticky":false,"template":"","format":"standard","meta":{"footnotes":""},"categories":[38],"tags":[],"class_list":["post-15792","post","type-post","status-publish","format-standard","has-post-thumbnail","hentry","category-regional"],"jetpack_featured_media_url":"https:\/\/radiorevelacionfm.cl\/wp-content\/uploads\/2022\/04\/energia-image-2022-04-12-at-9_optimized.25.06-pm.jpeg","_links":{"self":[{"href":"https:\/\/radiorevelacionfm.cl\/index.php?rest_route=\/wp\/v2\/posts\/15792","targetHints":{"allow":["GET"]}}],"collection":[{"href":"https:\/\/radiorevelacionfm.cl\/index.php?rest_route=\/wp\/v2\/posts"}],"about":[{"href":"https:\/\/radiorevelacionfm.cl\/index.php?rest_route=\/wp\/v2\/types\/post"}],"author":[{"embeddable":true,"href":"https:\/\/radiorevelacionfm.cl\/index.php?rest_route=\/wp\/v2\/users\/1"}],"replies":[{"embeddable":true,"href":"https:\/\/radiorevelacionfm.cl\/index.php?rest_route=%2Fwp%2Fv2%2Fcomments&post=15792"}],"version-history":[{"count":3,"href":"https:\/\/radiorevelacionfm.cl\/index.php?rest_route=\/wp\/v2\/posts\/15792\/revisions"}],"predecessor-version":[{"id":15799,"href":"https:\/\/radiorevelacionfm.cl\/index.php?rest_route=\/wp\/v2\/posts\/15792\/revisions\/15799"}],"wp:featuredmedia":[{"embeddable":true,"href":"https:\/\/radiorevelacionfm.cl\/index.php?rest_route=\/wp\/v2\/media\/15793"}],"wp:attachment":[{"href":"https:\/\/radiorevelacionfm.cl\/index.php?rest_route=%2Fwp%2Fv2%2Fmedia&parent=15792"}],"wp:term":[{"taxonomy":"category","embeddable":true,"href":"https:\/\/radiorevelacionfm.cl\/index.php?rest_route=%2Fwp%2Fv2%2Fcategories&post=15792"},{"taxonomy":"post_tag","embeddable":true,"href":"https:\/\/radiorevelacionfm.cl\/index.php?rest_route=%2Fwp%2Fv2%2Ftags&post=15792"}],"curies":[{"name":"wp","href":"https:\/\/api.w.org\/{rel}","templated":true}]}}