{"id":15789,"date":"2022-04-13T11:12:52","date_gmt":"2022-04-13T14:12:52","guid":{"rendered":"https:\/\/radiorevelacionfm.cl\/?p=15789"},"modified":"2022-04-13T11:12:52","modified_gmt":"2022-04-13T14:12:52","slug":"cft-estatal-de-aysen-inaugura-ano-academico-2022","status":"publish","type":"post","link":"https:\/\/radiorevelacionfm.cl\/?p=15789","title":{"rendered":"CFT Estatal de Ays\u00e9n inaugura a\u00f1o acad\u00e9mico 2022"},"content":{"rendered":"<div class=\"flex_column av_one_full  flex_column_div av-zero-column-padding first  avia-builder-el-0  el_before_av_one_full  avia-builder-el-first  \" style='border-radius:0px; '><div  class='avia-image-container  av-styling-    avia-builder-el-1  avia-builder-el-no-sibling  avia-align-center '  itemprop=\"image\" itemscope=\"itemscope\" itemtype=\"https:\/\/schema.org\/ImageObject\"  ><div class='avia-image-container-inner'><div class='avia-image-overlay-wrap'><img decoding=\"async\" class='wp-image-15790 avia-img-lazy-loading-not-15790 avia_image' src=\"https:\/\/radiorevelacionfm.cl\/wp-content\/uploads\/2022\/04\/4-18_optimized.jpeg\" alt='' title='4-(18)_optimized' height=\"600\" width=\"800\"  itemprop=\"thumbnailUrl\" srcset=\"https:\/\/radiorevelacionfm.cl\/wp-content\/uploads\/2022\/04\/4-18_optimized.jpeg 800w, https:\/\/radiorevelacionfm.cl\/wp-content\/uploads\/2022\/04\/4-18_optimized-300x225.jpeg 300w, https:\/\/radiorevelacionfm.cl\/wp-content\/uploads\/2022\/04\/4-18_optimized-768x576.jpeg 768w, https:\/\/radiorevelacionfm.cl\/wp-content\/uploads\/2022\/04\/4-18_optimized-705x529.jpeg 705w, https:\/\/radiorevelacionfm.cl\/wp-content\/uploads\/2022\/04\/4-18_optimized-600x450.jpeg 600w\" sizes=\"(max-width: 800px) 100vw, 800px\" \/><\/div><\/div><\/div><\/div><div class=\"flex_column av_one_full  flex_column_div av-zero-column-padding first  avia-builder-el-2  el_after_av_one_full  el_before_av_one_full  column-top-margin\" style='border-radius:0px; '><section class=\"av_textblock_section \"  itemscope=\"itemscope\" itemtype=\"https:\/\/schema.org\/BlogPosting\" itemprop=\"blogPost\" ><div class='avia_textblock  '   itemprop=\"text\" ><p style=\"text-align: center;\"><strong><span style=\"font-size: 18pt;\">CFT Estatal de Ays\u00e9n inaugura a\u00f1o acad\u00e9mico 2022<\/span><\/strong><\/p>\n<div id=\"gtx-trans\" style=\"position: absolute; left: -50px; top: 4.31534px;\">\n<div class=\"gtx-trans-icon\"><\/div>\n<\/div>\n<\/div><\/section><\/div><div class=\"flex_column av_one_full  flex_column_div av-zero-column-padding first  avia-builder-el-4  el_after_av_one_full  el_before_av_hr  column-top-margin\" style='border-radius:0px; '><section class=\"av_textblock_section \"  itemscope=\"itemscope\" itemtype=\"https:\/\/schema.org\/BlogPosting\" itemprop=\"blogPost\" ><div class='avia_textblock  '   itemprop=\"text\" ><p style=\"text-align: justify;\">Con la presencia de la Subsecretaria de Educaci\u00f3n Superior, Sra. Ver\u00f3nica Figueroa Huencho, y la Jefa de la Divisi\u00f3n T\u00e9cnico Profesional del Ministerio de Educaci\u00f3n, Sra. Miski Peralta Rojas y diversas autoridades regionales y provinciales, el viernes 8 de abril se inaugur\u00f3 el A\u00f1o Acad\u00e9mico 2022 del Centro de Formaci\u00f3n T\u00e9cnica Estatal (CFT) de la Regi\u00f3n de Ays\u00e9n, instancia que formar\u00e1 especialistas de nivel t\u00e9cnico superior en la zona, para desempe\u00f1arse tanto en el sector privado como p\u00fablico.<\/p>\n<p style=\"text-align: justify;\">Para V\u00edctor Hugo \u00c1lvarez Vel\u00e1squez, Rector de la nueva casa de estudios superiores de Ays\u00e9n, \u201cla puesta en marcha del CTF Estatal de Ays\u00e9n representa un hito muy relevante para la comunidad aysenina y, a la vez, un potente desaf\u00edo, que estamos asumiendo de la mano de la gente de Ays\u00e9n y de sus autoridades. Queremos que, este espacio, sea un lugar de encuentro entre las empresas regionales, los acad\u00e9micos y nuestros estudiantes, para trabajar juntos por el desarrollo de Ays\u00e9n\u201d.<\/p>\n<p style=\"text-align: justify;\">El nuevo CFT Estatal de Ays\u00e9n forma parte del programa de educaci\u00f3n t\u00e9cnico profesional de nivel superior, impulsado por la ex Presidenta Michelle Bachelet, que contempl\u00f3 la Universidad Estatal de Ays\u00e9n y este nuevo CFT Estatal, a trav\u00e9s de la Ley 20.910. Ambas instituciones p\u00fablicas tienen el objetivo de aumentar la formaci\u00f3n de profesionales locales y con sentido territorial del desarrollo para desenvolverse en la empresa privada o servicios del \u00e1mbito p\u00fablico.<\/p>\n<p style=\"text-align: justify;\">En lo acad\u00e9mico, el CFT Ays\u00e9n impartir\u00e1 las carreras de T\u00e9cnico de nivel superior en Administraci\u00f3n de Sistemas Log\u00edsticos, y T\u00e9cnico de nivel superior en Administraci\u00f3n P\u00fablica.<\/p>\n<p style=\"text-align: justify;\">La ceremonia de inicio del A\u00f1o Acad\u00e9mico 2022, se realiz\u00f3 -por razones de aforo- en el Polideportivo de Ays\u00e9n, ubicado en el sector ribera sur, calle Benigno D\u00edaz N\u00b0 15, en la ciudad de Puerto Ays\u00e9n.<\/p>\n<\/div><\/section><\/div><div  style='height:50px' class='hr hr-invisible   avia-builder-el-6  el_after_av_one_full  el_before_av_social_share '><span class='hr-inner ' ><span class='hr-inner-style'><\/span><\/span><\/div><\/p>\n<div  class='av-social-sharing-box  avia-builder-el-7  el_after_av_hr  el_before_av_hr  '><div class='av-share-box'><h5 class='av-share-link-description av-no-toc '>Compartir esta noticia<\/h5><ul class='av-share-box-list noLightbox'><li class='av-share-link av-social-link-facebook' ><a target=\"_blank\" aria-label=\"Compartir en Facebook\" href='https:\/\/www.facebook.com\/sharer.php?u=https:\/\/radiorevelacionfm.cl\/?p=15789&#038;t=CFT%20Estatal%20de%20Ays%C3%A9n%20inaugura%20a%C3%B1o%20acad%C3%A9mico%202022' aria-hidden='false' data-av_icon='\ue8f3' data-av_iconfont='entypo-fontello' title='' data-avia-related-tooltip='Compartir en Facebook' rel=\"noopener\"><span class='avia_hidden_link_text'>Compartir en Facebook<\/span><\/a><\/li><li class='av-share-link av-social-link-twitter' ><a target=\"_blank\" aria-label=\"Compartir en Twitter\" href='https:\/\/twitter.com\/share?text=CFT%20Estatal%20de%20Ays%C3%A9n%20inaugura%20a%C3%B1o%20acad%C3%A9mico%202022&#038;url=https:\/\/radiorevelacionfm.cl\/?p=15789' aria-hidden='false' data-av_icon='\ue8f1' data-av_iconfont='entypo-fontello' title='' data-avia-related-tooltip='Compartir en Twitter' rel=\"noopener\"><span class='avia_hidden_link_text'>Compartir en Twitter<\/span><\/a><\/li><li class='av-share-link av-social-link-whatsapp' ><a target=\"_blank\" aria-label=\"Compartir en Whatsapp\" href='https:\/\/api.whatsapp.com\/send?text=https:\/\/radiorevelacionfm.cl\/?p=15789' aria-hidden='false' data-av_icon='\uf232' data-av_iconfont='entypo-fontello' title='' data-avia-related-tooltip='Compartir en Whatsapp' rel=\"noopener\"><span class='avia_hidden_link_text'>Compartir en Whatsapp<\/span><\/a><\/li><li class='av-share-link av-social-link-linkedin' ><a target=\"_blank\" aria-label=\"Compartir en LinkedIn\" href='https:\/\/linkedin.com\/shareArticle?mini=true&#038;title=CFT%20Estatal%20de%20Ays%C3%A9n%20inaugura%20a%C3%B1o%20acad%C3%A9mico%202022&#038;url=https:\/\/radiorevelacionfm.cl\/?p=15789' aria-hidden='false' data-av_icon='\ue8fc' data-av_iconfont='entypo-fontello' title='' data-avia-related-tooltip='Compartir en LinkedIn' rel=\"noopener\"><span class='avia_hidden_link_text'>Compartir en LinkedIn<\/span><\/a><\/li><li class='av-share-link av-social-link-mail' ><a  aria-label=\"Compartir por correo\" href='mailto:?subject=CFT%20Estatal%20de%20Ays%C3%A9n%20inaugura%20a%C3%B1o%20acad%C3%A9mico%202022&#038;body=https:\/\/radiorevelacionfm.cl\/?p=15789' aria-hidden='false' data-av_icon='\ue805' data-av_iconfont='entypo-fontello' title='' data-avia-related-tooltip='Compartir por correo'><span class='avia_hidden_link_text'>Compartir por correo<\/span><\/a><\/li><\/ul><\/div><\/div>\n<div  style='height:50px' class='hr hr-invisible   avia-builder-el-8  el_after_av_social_share  el_before_av_comments_list '><span class='hr-inner ' ><span class='hr-inner-style'><\/span><\/span><\/div>\n<div  class='av-buildercomment  av-blog-meta-html-info-disabled av-blog-meta-tag-disabled  '><\/div>\n","protected":false},"excerpt":{"rendered":"","protected":false},"author":1,"featured_media":15790,"comment_status":"open","ping_status":"open","sticky":false,"template":"","format":"standard","meta":{"footnotes":""},"categories":[49],"tags":[],"class_list":["post-15789","post","type-post","status-publish","format-standard","has-post-thumbnail","hentry","category-educacion"],"jetpack_featured_media_url":"https:\/\/radiorevelacionfm.cl\/wp-content\/uploads\/2022\/04\/4-18_optimized.jpeg","_links":{"self":[{"href":"https:\/\/radiorevelacionfm.cl\/index.php?rest_route=\/wp\/v2\/posts\/15789","targetHints":{"allow":["GET"]}}],"collection":[{"href":"https:\/\/radiorevelacionfm.cl\/index.php?rest_route=\/wp\/v2\/posts"}],"about":[{"href":"https:\/\/radiorevelacionfm.cl\/index.php?rest_route=\/wp\/v2\/types\/post"}],"author":[{"embeddable":true,"href":"https:\/\/radiorevelacionfm.cl\/index.php?rest_route=\/wp\/v2\/users\/1"}],"replies":[{"embeddable":true,"href":"https:\/\/radiorevelacionfm.cl\/index.php?rest_route=%2Fwp%2Fv2%2Fcomments&post=15789"}],"version-history":[{"count":2,"href":"https:\/\/radiorevelacionfm.cl\/index.php?rest_route=\/wp\/v2\/posts\/15789\/revisions"}],"predecessor-version":[{"id":15802,"href":"https:\/\/radiorevelacionfm.cl\/index.php?rest_route=\/wp\/v2\/posts\/15789\/revisions\/15802"}],"wp:featuredmedia":[{"embeddable":true,"href":"https:\/\/radiorevelacionfm.cl\/index.php?rest_route=\/wp\/v2\/media\/15790"}],"wp:attachment":[{"href":"https:\/\/radiorevelacionfm.cl\/index.php?rest_route=%2Fwp%2Fv2%2Fmedia&parent=15789"}],"wp:term":[{"taxonomy":"category","embeddable":true,"href":"https:\/\/radiorevelacionfm.cl\/index.php?rest_route=%2Fwp%2Fv2%2Fcategories&post=15789"},{"taxonomy":"post_tag","embeddable":true,"href":"https:\/\/radiorevelacionfm.cl\/index.php?rest_route=%2Fwp%2Fv2%2Ftags&post=15789"}],"curies":[{"name":"wp","href":"https:\/\/api.w.org\/{rel}","templated":true}]}}