{"id":15782,"date":"2022-04-12T20:59:59","date_gmt":"2022-04-12T23:59:59","guid":{"rendered":"https:\/\/radiorevelacionfm.cl\/?p=15782"},"modified":"2022-04-12T21:03:33","modified_gmt":"2022-04-13T00:03:33","slug":"gobierno-aplica-conjunto-de-medidas-para-apoyar-a-trabajadores-de-constructora-santa-fe","status":"publish","type":"post","link":"https:\/\/radiorevelacionfm.cl\/?p=15782","title":{"rendered":"Gobierno aplica conjunto de medidas para apoyar a trabajadores de Constructora Santa Fe"},"content":{"rendered":"<div class=\"flex_column av_one_full  flex_column_div av-zero-column-padding first  avia-builder-el-0  el_before_av_one_full  avia-builder-el-first  \" style='border-radius:0px; '><div  class='avia-image-container  av-styling-    avia-builder-el-1  avia-builder-el-no-sibling  avia-align-center '  itemprop=\"image\" itemscope=\"itemscope\" itemtype=\"https:\/\/schema.org\/ImageObject\"  ><div class='avia-image-container-inner'><div class='avia-image-overlay-wrap'><img decoding=\"async\" class='wp-image-15786 avia-img-lazy-loading-not-15786 avia_image' src=\"https:\/\/radiorevelacionfm.cl\/wp-content\/uploads\/2022\/04\/img-20220412-wa0019-1_optimized.jpg\" alt='' title='img-20220412-wa0019-(1)_optimized' height=\"600\" width=\"976\"  itemprop=\"thumbnailUrl\" srcset=\"https:\/\/radiorevelacionfm.cl\/wp-content\/uploads\/2022\/04\/img-20220412-wa0019-1_optimized.jpg 976w, https:\/\/radiorevelacionfm.cl\/wp-content\/uploads\/2022\/04\/img-20220412-wa0019-1_optimized-300x184.jpg 300w, https:\/\/radiorevelacionfm.cl\/wp-content\/uploads\/2022\/04\/img-20220412-wa0019-1_optimized-768x472.jpg 768w, https:\/\/radiorevelacionfm.cl\/wp-content\/uploads\/2022\/04\/img-20220412-wa0019-1_optimized-705x433.jpg 705w, https:\/\/radiorevelacionfm.cl\/wp-content\/uploads\/2022\/04\/img-20220412-wa0019-1_optimized-600x369.jpg 600w\" sizes=\"(max-width: 976px) 100vw, 976px\" \/><\/div><\/div><\/div><\/div><div class=\"flex_column av_one_full  flex_column_div av-zero-column-padding first  avia-builder-el-2  el_after_av_one_full  el_before_av_one_full  column-top-margin\" style='border-radius:0px; '><section class=\"av_textblock_section \"  itemscope=\"itemscope\" itemtype=\"https:\/\/schema.org\/BlogPosting\" itemprop=\"blogPost\" ><div class='avia_textblock  '   itemprop=\"text\" ><p style=\"text-align: center;\"><span style=\"font-size: 18pt;\"><strong>Gobierno aplica conjunto de medidas para apoyar a trabajadores de Constructora Santa Fe<\/strong><\/span><\/p>\n<div id=\"gtx-trans\" style=\"position: absolute; left: -50px; top: 4.31534px;\">\n<div class=\"gtx-trans-icon\"><\/div>\n<\/div>\n<\/div><\/section><\/div><\/p>\n<div class=\"flex_column av_one_full  flex_column_div av-zero-column-padding first  avia-builder-el-4  el_after_av_one_full  el_before_av_hr  column-top-margin\" style='border-radius:0px; '><section class=\"av_textblock_section \"  itemscope=\"itemscope\" itemtype=\"https:\/\/schema.org\/BlogPosting\" itemprop=\"blogPost\" ><div class='avia_textblock  '   itemprop=\"text\" ><p style=\"text-align: justify;\">El Secretario Regional Ministerial de Obras P\u00fablicas, Patricio Sanhueza Ulloa, inform\u00f3 hoy que trabajadores que prestan servicio a la Empresa Constructora Santa Fe, a cargo de la pavimentaci\u00f3n de la Ruta 7 Norte en el tramo Fiordo Queulat-puente Chucao, realizaron una manifestaci\u00f3n e interrupci\u00f3n de la transitabilidad en la Ruta 7 Norte con el fin de lograr que la empresa constructora realice el pago de sus remuneraciones y previsiones.<\/p>\n<p style=\"text-align: justify;\">En una primera instancia la empresa constructora lleg\u00f3 a un acuerdo con los trabajadores, pero \u00e9ste finalmente no fue concretado y hasta este momento cuando son las 17:55 horas de hoy martes 12 de abril, a\u00fan se mantiene la movilizaci\u00f3n en este sector de la zona norte de la regi\u00f3n de Ays\u00e9n, con interrupciones en el tr\u00e1nsito durante 30 a 40 minutos aproximadamente y posteriormente los trabajadores dan continuidad al tr\u00e1nsito vial.<\/p>\n<p style=\"text-align: justify;\">Por su parte, el Gobierno a trav\u00e9s de los Secretarios Regionales Ministerial de Obras P\u00fablicas, de Trabajo y Previsi\u00f3n Social y de Econom\u00eda, Fomento y Turismo se encuentran trabajando en varias l\u00edneas de acci\u00f3n con el fin de apoyar a los trabajadores que hoy se encuentran afectados por esta situaci\u00f3n desde diversos frentes.<\/p>\n<p style=\"text-align: justify;\">Al respecto, el SEREMI del MOP Patricio Sanhueza se\u00f1al\u00f3 \u201cComo Ministerio de Obras P\u00fablicas y por mandato del Delegado Regional Rodrigo Araya y de la Gobernadora Regional Andrea Mac\u00edas, junto a la Secretar\u00eda Regional Ministerial del Trabajo y Previsi\u00f3n Social y de Econom\u00eda, Fomento y Turismo estamos realizando todas las gestiones inmediatas posibles para lograr que la empresa pague las remuneraciones a sus trabajadores, as\u00ed como tambi\u00e9n analizar futuros escenarios para apoyar a los afectados, que no solamente son los trabajadores, sino tambi\u00e9n son quienes prestan servicios y\/o proveedores de la empresa. En esta misma l\u00ednea, tambi\u00e9n como Ministerio de Obras P\u00fablicas estamos tomando un conjunto de medidas para resolver esta situaci\u00f3n que aqueja a los trabajadores y hoy tenemos a nuestro Inspector Fiscal del contrato en el sector, quien se encuentra escuchando a los trabajadores e inform\u00e1ndoles las gestiones que como Ministerio de Obras P\u00fablicas nos encontramos realizando y est\u00e1 acelerando la documentaci\u00f3n de pago; tambi\u00e9n, nos hemos estado contactando con directivos de la empresa para que \u00e9sta realice el pago a sus trabajadores. Adem\u00e1s, la pr\u00f3xima semana y de acuerdo a las facultades que nos entrega el Reglamento de Obras P\u00fablicas, vamos a proceder a solicitar los fondos de la empresa como otra medida para asegurar el pago de sueldos e imposiciones a los trabajadores, as\u00ed que instamos a la empresa constructora Santa Fe a que de cumplimiento a sus obligaciones laborales en este contrato, as\u00ed como tambi\u00e9n en otros dos contratos que tiene a su cargo y que se encuentran ubicados en la zona sur de la regi\u00f3n de Ays\u00e9n, en los que hoy tambi\u00e9n tenemos trabajadores que han decidido parar sus faenas, lo que es leg\u00edtimo porque todos y todas las trabajadoras del pa\u00eds deben poder recibir sus sueldos por los trabajos y\/o labores que realizan\u201d.<\/p>\n<p style=\"text-align: justify;\">A su vez, el Seremi de Trabajo y Previsi\u00f3n Social, Humberto Mar\u00edn Leiva, se refiri\u00f3 a la realizaci\u00f3n de una fiscalizaci\u00f3n el d\u00eda lunes, por parte de la Inspecci\u00f3n del Trabajo de Cisnes, quien se traslad\u00f3 y se constituy\u00f3 en el lugar de la paralizaci\u00f3n. \u201cComo sector trabajo, concurrimos el d\u00eda de ayer con nuestros fiscalizadores a fiscalizar la obra y particularmente, la deuda de remuneraciones que tiene la empresa con los trabajadores, logrando constatar que existe una deuda del mes de marzo de remuneraciones y dos meses impagos de deudas previsionales, curs\u00e1ndose las multas correspondientes. Lo que hoy d\u00eda nos convoca es, precisamente, c\u00f3mo somos capaces de avanzar en el pago de los sueldos, de las remuneraciones. Destacar que esta es una deuda que tiene la empresa con los trabajadores, sin embargo, por instrucci\u00f3n del Delegado Regional, estamos viendo la forma de poder hacer uso de este mandato que tiene Obras P\u00fablicas para descontar de alg\u00fan estado de pago, como bien lo plantea el SEREMI de Obras P\u00fablicas, y poder as\u00ed hacer pago de las remuneraciones adeudadas\u201d, detall\u00f3.<\/p>\n<\/div><\/section><\/div>\n<div  style='height:50px' class='hr hr-invisible   avia-builder-el-6  el_after_av_one_full  el_before_av_social_share '><span class='hr-inner ' ><span class='hr-inner-style'><\/span><\/span><\/div>\n<div  class='av-social-sharing-box  avia-builder-el-7  el_after_av_hr  el_before_av_hr  '><div class='av-share-box'><h5 class='av-share-link-description av-no-toc '>Compartir esta noticia<\/h5><ul class='av-share-box-list noLightbox'><li class='av-share-link av-social-link-facebook' ><a target=\"_blank\" aria-label=\"Compartir en Facebook\" href='https:\/\/www.facebook.com\/sharer.php?u=https:\/\/radiorevelacionfm.cl\/?p=15782&#038;t=Gobierno%20aplica%20conjunto%20de%20medidas%20para%20apoyar%20a%20trabajadores%20de%20Constructora%20Santa%20Fe' aria-hidden='false' data-av_icon='\ue8f3' data-av_iconfont='entypo-fontello' title='' data-avia-related-tooltip='Compartir en Facebook' rel=\"noopener\"><span class='avia_hidden_link_text'>Compartir en Facebook<\/span><\/a><\/li><li class='av-share-link av-social-link-twitter' ><a target=\"_blank\" aria-label=\"Compartir en Twitter\" href='https:\/\/twitter.com\/share?text=Gobierno%20aplica%20conjunto%20de%20medidas%20para%20apoyar%20a%20trabajadores%20de%20Constructora%20Santa%20Fe&#038;url=https:\/\/radiorevelacionfm.cl\/?p=15782' aria-hidden='false' data-av_icon='\ue8f1' data-av_iconfont='entypo-fontello' title='' data-avia-related-tooltip='Compartir en Twitter' rel=\"noopener\"><span class='avia_hidden_link_text'>Compartir en Twitter<\/span><\/a><\/li><li class='av-share-link av-social-link-whatsapp' ><a target=\"_blank\" aria-label=\"Compartir en Whatsapp\" href='https:\/\/api.whatsapp.com\/send?text=https:\/\/radiorevelacionfm.cl\/?p=15782' aria-hidden='false' data-av_icon='\uf232' data-av_iconfont='entypo-fontello' title='' data-avia-related-tooltip='Compartir en Whatsapp' rel=\"noopener\"><span class='avia_hidden_link_text'>Compartir en Whatsapp<\/span><\/a><\/li><li class='av-share-link av-social-link-linkedin' ><a target=\"_blank\" aria-label=\"Compartir en LinkedIn\" href='https:\/\/linkedin.com\/shareArticle?mini=true&#038;title=Gobierno%20aplica%20conjunto%20de%20medidas%20para%20apoyar%20a%20trabajadores%20de%20Constructora%20Santa%20Fe&#038;url=https:\/\/radiorevelacionfm.cl\/?p=15782' aria-hidden='false' data-av_icon='\ue8fc' data-av_iconfont='entypo-fontello' title='' data-avia-related-tooltip='Compartir en LinkedIn' rel=\"noopener\"><span class='avia_hidden_link_text'>Compartir en LinkedIn<\/span><\/a><\/li><li class='av-share-link av-social-link-mail' ><a  aria-label=\"Compartir por correo\" href='mailto:?subject=Gobierno%20aplica%20conjunto%20de%20medidas%20para%20apoyar%20a%20trabajadores%20de%20Constructora%20Santa%20Fe&#038;body=https:\/\/radiorevelacionfm.cl\/?p=15782' aria-hidden='false' data-av_icon='\ue805' data-av_iconfont='entypo-fontello' title='' data-avia-related-tooltip='Compartir por correo'><span class='avia_hidden_link_text'>Compartir por correo<\/span><\/a><\/li><\/ul><\/div><\/div>\n<div  style='height:50px' class='hr hr-invisible   avia-builder-el-8  el_after_av_social_share  el_before_av_comments_list '><span class='hr-inner ' ><span class='hr-inner-style'><\/span><\/span><\/div>\n<div  class='av-buildercomment  av-blog-meta-html-info-disabled av-blog-meta-tag-disabled  '><\/div>\n","protected":false},"excerpt":{"rendered":"","protected":false},"author":1,"featured_media":15786,"comment_status":"open","ping_status":"open","sticky":false,"template":"","format":"standard","meta":{"footnotes":""},"categories":[38],"tags":[],"class_list":["post-15782","post","type-post","status-publish","format-standard","has-post-thumbnail","hentry","category-regional"],"jetpack_featured_media_url":"https:\/\/radiorevelacionfm.cl\/wp-content\/uploads\/2022\/04\/img-20220412-wa0019-1_optimized.jpg","_links":{"self":[{"href":"https:\/\/radiorevelacionfm.cl\/index.php?rest_route=\/wp\/v2\/posts\/15782","targetHints":{"allow":["GET"]}}],"collection":[{"href":"https:\/\/radiorevelacionfm.cl\/index.php?rest_route=\/wp\/v2\/posts"}],"about":[{"href":"https:\/\/radiorevelacionfm.cl\/index.php?rest_route=\/wp\/v2\/types\/post"}],"author":[{"embeddable":true,"href":"https:\/\/radiorevelacionfm.cl\/index.php?rest_route=\/wp\/v2\/users\/1"}],"replies":[{"embeddable":true,"href":"https:\/\/radiorevelacionfm.cl\/index.php?rest_route=%2Fwp%2Fv2%2Fcomments&post=15782"}],"version-history":[{"count":3,"href":"https:\/\/radiorevelacionfm.cl\/index.php?rest_route=\/wp\/v2\/posts\/15782\/revisions"}],"predecessor-version":[{"id":15785,"href":"https:\/\/radiorevelacionfm.cl\/index.php?rest_route=\/wp\/v2\/posts\/15782\/revisions\/15785"}],"wp:featuredmedia":[{"embeddable":true,"href":"https:\/\/radiorevelacionfm.cl\/index.php?rest_route=\/wp\/v2\/media\/15786"}],"wp:attachment":[{"href":"https:\/\/radiorevelacionfm.cl\/index.php?rest_route=%2Fwp%2Fv2%2Fmedia&parent=15782"}],"wp:term":[{"taxonomy":"category","embeddable":true,"href":"https:\/\/radiorevelacionfm.cl\/index.php?rest_route=%2Fwp%2Fv2%2Fcategories&post=15782"},{"taxonomy":"post_tag","embeddable":true,"href":"https:\/\/radiorevelacionfm.cl\/index.php?rest_route=%2Fwp%2Fv2%2Ftags&post=15782"}],"curies":[{"name":"wp","href":"https:\/\/api.w.org\/{rel}","templated":true}]}}