{"id":15779,"date":"2022-04-13T10:14:12","date_gmt":"2022-04-13T13:14:12","guid":{"rendered":"https:\/\/radiorevelacionfm.cl\/?p=15779"},"modified":"2022-04-13T10:27:05","modified_gmt":"2022-04-13T13:27:05","slug":"aprueban-proyecto-de-ley-de-inclusion-para-personas-con-condicion-del-espectro-autista","status":"publish","type":"post","link":"https:\/\/radiorevelacionfm.cl\/?p=15779","title":{"rendered":"Aprueban proyecto de ley de inclusi\u00f3n para personas con condici\u00f3n del espectro autista"},"content":{"rendered":"<div class=\"flex_column av_one_full  flex_column_div av-zero-column-padding first  avia-builder-el-0  el_before_av_one_full  avia-builder-el-first  \" style='border-radius:0px; '><div  class='avia-image-container  av-styling-    avia-builder-el-1  avia-builder-el-no-sibling  avia-align-center '  itemprop=\"image\" itemscope=\"itemscope\" itemtype=\"https:\/\/schema.org\/ImageObject\"  ><div class='avia-image-container-inner'><div class='avia-image-overlay-wrap'><img decoding=\"async\" class='wp-image-15796 avia-img-lazy-loading-not-15796 avia_image' src=\"https:\/\/radiorevelacionfm.cl\/wp-content\/uploads\/2022\/04\/DIPUTADAXTEA1-1.jpg\" alt='' title='DIPUTADAXTEA1 (1)' height=\"600\" width=\"761\"  itemprop=\"thumbnailUrl\" srcset=\"https:\/\/radiorevelacionfm.cl\/wp-content\/uploads\/2022\/04\/DIPUTADAXTEA1-1.jpg 761w, https:\/\/radiorevelacionfm.cl\/wp-content\/uploads\/2022\/04\/DIPUTADAXTEA1-1-300x237.jpg 300w, https:\/\/radiorevelacionfm.cl\/wp-content\/uploads\/2022\/04\/DIPUTADAXTEA1-1-705x556.jpg 705w, https:\/\/radiorevelacionfm.cl\/wp-content\/uploads\/2022\/04\/DIPUTADAXTEA1-1-600x473.jpg 600w\" sizes=\"(max-width: 761px) 100vw, 761px\" \/><\/div><\/div><\/div><\/div><div class=\"flex_column av_one_full  flex_column_div av-zero-column-padding first  avia-builder-el-2  el_after_av_one_full  el_before_av_one_full  column-top-margin\" style='border-radius:0px; '><section class=\"av_textblock_section \"  itemscope=\"itemscope\" itemtype=\"https:\/\/schema.org\/BlogPosting\" itemprop=\"blogPost\" ><div class='avia_textblock  '   itemprop=\"text\" ><p style=\"text-align: center;\"><strong><span style=\"font-size: 18pt;\">Aprueban proyecto de ley de inclusi\u00f3n para personas con condici\u00f3n del espectro autista<\/span><\/strong><\/p>\n<div id=\"gtx-trans\" style=\"position: absolute; left: -50px; top: 4.31534px;\">\n<div class=\"gtx-trans-icon\"><\/div>\n<\/div>\n<\/div><\/section><\/div><\/p>\n<div class=\"flex_column av_one_full  flex_column_div av-zero-column-padding first  avia-builder-el-4  el_after_av_one_full  el_before_av_hr  column-top-margin\" style='border-radius:0px; '><section class=\"av_textblock_section \"  itemscope=\"itemscope\" itemtype=\"https:\/\/schema.org\/BlogPosting\" itemprop=\"blogPost\" ><div class='avia_textblock  '   itemprop=\"text\" ><p style=\"text-align: justify;\">Este martes se llev\u00f3 a cabo la discusi\u00f3n del proyecto de ley que permite una mayor inclusi\u00f3n para personas con condici\u00f3n del espectro autista, a trav\u00e9s de la atenci\u00f3n m\u00e9dica, social y educativa, en donde la Diputada Raphael dio a conocer la realidad de las organizaciones TEA en la Regi\u00f3n de Ays\u00e9n manifest\u00e1ndose a favor de la iniciativa.<\/p>\n<p style=\"text-align: justify;\">Un proyecto de ley que busca promover acciones de protecci\u00f3n por parte del Estado en la recuperaci\u00f3n, rehabilitaci\u00f3n y habilitaci\u00f3n a las cuales puedan acceder las personas en el espectro autista, velando para que dichas acciones sean otorgadas de forma oportuna, sin discriminaci\u00f3n y por un equipo interdisciplinario, seg\u00fan corresponda, de acuerdo a su necesidades espec\u00edficas, considerando siempre los recursos financieros disponibles y la oferta program\u00e1tica existente.<\/p>\n<p style=\"text-align: justify;\">De acuerdo con ello, la Diputada Marcia Raphael coment\u00f3 \u201cvaloramos altamente que se haya aprobado este proyecto. Estamos bien atrasados en la materia, y esta es una manera de hacer justicia a las cientos de familias que cuentan con un integrante con esta condici\u00f3n. En la regi\u00f3n de Ays\u00e9n, contamos con organizaciones que est\u00e1n constituidas o en proceso de ser constituidas que han hecho grandes esfuerzos en ser reconocidos y a su vez ser correctamente incorporados en la sociedad\u201d.<\/p>\n<p style=\"text-align: justify;\">En este contexto, se estima que una de cada cincuenta y cuatro personas posee alguna condici\u00f3n del espectro autista, y en la regi\u00f3n de Ays\u00e9n son 286 familias que poseen alg\u00fan integrante TEA. Frente a ello, la Diputada expres\u00f3 las diversas dificultades que presenta la regi\u00f3n en la materia, donde inst\u00f3 a seguir abordando este tema en las distintas materias, como lo son la inserci\u00f3n en el mundo laboral, as\u00ed como tambi\u00e9n en la entrega de diagn\u00f3sticos TEA a quienes presentan esta condici\u00f3n.<\/p>\n<p style=\"text-align: justify;\">Frente a lo mencionado por la parlamentaria, y ante la normativa que establece el l\u00edmite en algunas prestaciones hasta los 19 a\u00f1os, mencion\u00f3 que \u201cnos llama poderosamente la atenci\u00f3n esta normativa, puesto que la condici\u00f3n TEA una persona la tiene durante toda la vida y no responde a periodos espec\u00edficos ni marcos definidos, por lo que estamos convencidos de que si queremos hacernos cargo de la inclusi\u00f3n, debemos hacerlo desde la diversidad, construyendo una normativa flexible y capaz de contribuir frente a cualquier situaci\u00f3n\u201d.<\/p>\n<p style=\"text-align: justify;\">Finalmente la legisladora hizo un llamado a las autoridades regionales quienes se comprometieron con la Asociaci\u00f3n de Asperger Patagonia a concretar la construcci\u00f3n del anhelado Centro de Acompa\u00f1amiento TEA, centro muy demandado y necesario para personas del espectro autista.<\/p>\n<\/div><\/section><\/div>\n<div  style='height:50px' class='hr hr-invisible   avia-builder-el-6  el_after_av_one_full  el_before_av_social_share '><span class='hr-inner ' ><span class='hr-inner-style'><\/span><\/span><\/div>\n<div  class='av-social-sharing-box  avia-builder-el-7  el_after_av_hr  el_before_av_hr  '><div class='av-share-box'><h5 class='av-share-link-description av-no-toc '>Compartir esta noticia<\/h5><ul class='av-share-box-list noLightbox'><li class='av-share-link av-social-link-facebook' ><a target=\"_blank\" aria-label=\"Compartir en Facebook\" href='https:\/\/www.facebook.com\/sharer.php?u=https:\/\/radiorevelacionfm.cl\/?p=15779&#038;t=Aprueban%20proyecto%20de%20ley%20de%20inclusi%C3%B3n%20para%20personas%20con%20condici%C3%B3n%20del%20espectro%20autista' aria-hidden='false' data-av_icon='\ue8f3' data-av_iconfont='entypo-fontello' title='' data-avia-related-tooltip='Compartir en Facebook' rel=\"noopener\"><span class='avia_hidden_link_text'>Compartir en Facebook<\/span><\/a><\/li><li class='av-share-link av-social-link-twitter' ><a target=\"_blank\" aria-label=\"Compartir en Twitter\" href='https:\/\/twitter.com\/share?text=Aprueban%20proyecto%20de%20ley%20de%20inclusi%C3%B3n%20para%20personas%20con%20condici%C3%B3n%20del%20espectro%20autista&#038;url=https:\/\/radiorevelacionfm.cl\/?p=15779' aria-hidden='false' data-av_icon='\ue8f1' data-av_iconfont='entypo-fontello' title='' data-avia-related-tooltip='Compartir en Twitter' rel=\"noopener\"><span class='avia_hidden_link_text'>Compartir en Twitter<\/span><\/a><\/li><li class='av-share-link av-social-link-whatsapp' ><a target=\"_blank\" aria-label=\"Compartir en Whatsapp\" href='https:\/\/api.whatsapp.com\/send?text=https:\/\/radiorevelacionfm.cl\/?p=15779' aria-hidden='false' data-av_icon='\uf232' data-av_iconfont='entypo-fontello' title='' data-avia-related-tooltip='Compartir en Whatsapp' rel=\"noopener\"><span class='avia_hidden_link_text'>Compartir en Whatsapp<\/span><\/a><\/li><li class='av-share-link av-social-link-linkedin' ><a target=\"_blank\" aria-label=\"Compartir en LinkedIn\" href='https:\/\/linkedin.com\/shareArticle?mini=true&#038;title=Aprueban%20proyecto%20de%20ley%20de%20inclusi%C3%B3n%20para%20personas%20con%20condici%C3%B3n%20del%20espectro%20autista&#038;url=https:\/\/radiorevelacionfm.cl\/?p=15779' aria-hidden='false' data-av_icon='\ue8fc' data-av_iconfont='entypo-fontello' title='' data-avia-related-tooltip='Compartir en LinkedIn' rel=\"noopener\"><span class='avia_hidden_link_text'>Compartir en LinkedIn<\/span><\/a><\/li><li class='av-share-link av-social-link-mail' ><a  aria-label=\"Compartir por correo\" href='mailto:?subject=Aprueban%20proyecto%20de%20ley%20de%20inclusi%C3%B3n%20para%20personas%20con%20condici%C3%B3n%20del%20espectro%20autista&#038;body=https:\/\/radiorevelacionfm.cl\/?p=15779' aria-hidden='false' data-av_icon='\ue805' data-av_iconfont='entypo-fontello' title='' data-avia-related-tooltip='Compartir por correo'><span class='avia_hidden_link_text'>Compartir por correo<\/span><\/a><\/li><\/ul><\/div><\/div>\n<div  style='height:50px' class='hr hr-invisible   avia-builder-el-8  el_after_av_social_share  el_before_av_comments_list '><span class='hr-inner ' ><span class='hr-inner-style'><\/span><\/span><\/div>\n<div  class='av-buildercomment  av-blog-meta-html-info-disabled av-blog-meta-tag-disabled  '><\/div>\n","protected":false},"excerpt":{"rendered":"","protected":false},"author":1,"featured_media":15796,"comment_status":"open","ping_status":"open","sticky":false,"template":"","format":"standard","meta":{"footnotes":""},"categories":[35],"tags":[],"class_list":["post-15779","post","type-post","status-publish","format-standard","has-post-thumbnail","hentry","category-politica"],"jetpack_featured_media_url":"https:\/\/radiorevelacionfm.cl\/wp-content\/uploads\/2022\/04\/DIPUTADAXTEA1-1.jpg","_links":{"self":[{"href":"https:\/\/radiorevelacionfm.cl\/index.php?rest_route=\/wp\/v2\/posts\/15779","targetHints":{"allow":["GET"]}}],"collection":[{"href":"https:\/\/radiorevelacionfm.cl\/index.php?rest_route=\/wp\/v2\/posts"}],"about":[{"href":"https:\/\/radiorevelacionfm.cl\/index.php?rest_route=\/wp\/v2\/types\/post"}],"author":[{"embeddable":true,"href":"https:\/\/radiorevelacionfm.cl\/index.php?rest_route=\/wp\/v2\/users\/1"}],"replies":[{"embeddable":true,"href":"https:\/\/radiorevelacionfm.cl\/index.php?rest_route=%2Fwp%2Fv2%2Fcomments&post=15779"}],"version-history":[{"count":3,"href":"https:\/\/radiorevelacionfm.cl\/index.php?rest_route=\/wp\/v2\/posts\/15779\/revisions"}],"predecessor-version":[{"id":15795,"href":"https:\/\/radiorevelacionfm.cl\/index.php?rest_route=\/wp\/v2\/posts\/15779\/revisions\/15795"}],"wp:featuredmedia":[{"embeddable":true,"href":"https:\/\/radiorevelacionfm.cl\/index.php?rest_route=\/wp\/v2\/media\/15796"}],"wp:attachment":[{"href":"https:\/\/radiorevelacionfm.cl\/index.php?rest_route=%2Fwp%2Fv2%2Fmedia&parent=15779"}],"wp:term":[{"taxonomy":"category","embeddable":true,"href":"https:\/\/radiorevelacionfm.cl\/index.php?rest_route=%2Fwp%2Fv2%2Fcategories&post=15779"},{"taxonomy":"post_tag","embeddable":true,"href":"https:\/\/radiorevelacionfm.cl\/index.php?rest_route=%2Fwp%2Fv2%2Ftags&post=15779"}],"curies":[{"name":"wp","href":"https:\/\/api.w.org\/{rel}","templated":true}]}}