{"id":15712,"date":"2022-04-12T10:11:29","date_gmt":"2022-04-12T13:11:29","guid":{"rendered":"https:\/\/radiorevelacionfm.cl\/?p=15712"},"modified":"2022-04-12T10:11:29","modified_gmt":"2022-04-12T13:11:29","slug":"sandoval-insiste-en-necesidad-de-acuerdos-transversales-para-llevar-adelante-los-cambios-que-necesita-la-region-en-materia-de-desarrollo-productivo","status":"publish","type":"post","link":"https:\/\/radiorevelacionfm.cl\/?p=15712","title":{"rendered":"Sandoval insiste en necesidad de acuerdos transversales para llevar adelante los cambios que necesita la regi\u00f3n en materia de desarrollo productivo"},"content":{"rendered":"<div class=\"flex_column av_one_full  flex_column_div av-zero-column-padding first  avia-builder-el-0  el_before_av_one_full  avia-builder-el-first  \" style='border-radius:0px; '><div  class='avia-image-container  av-styling-    avia-builder-el-1  avia-builder-el-no-sibling  avia-align-center '  itemprop=\"image\" itemscope=\"itemscope\" itemtype=\"https:\/\/schema.org\/ImageObject\"  ><div class='avia-image-container-inner'><div class='avia-image-overlay-wrap'><img decoding=\"async\" class='wp-image-15713 avia-img-lazy-loading-not-15713 avia_image' src=\"https:\/\/radiorevelacionfm.cl\/wp-content\/uploads\/2022\/04\/IMAGEN-REUNION-1-1.jpg\" alt='' title='IMAGEN REUNI\u00d3N (1) (1)' height=\"600\" width=\"1067\"  itemprop=\"thumbnailUrl\" srcset=\"https:\/\/radiorevelacionfm.cl\/wp-content\/uploads\/2022\/04\/IMAGEN-REUNION-1-1.jpg 1067w, https:\/\/radiorevelacionfm.cl\/wp-content\/uploads\/2022\/04\/IMAGEN-REUNION-1-1-300x169.jpg 300w, https:\/\/radiorevelacionfm.cl\/wp-content\/uploads\/2022\/04\/IMAGEN-REUNION-1-1-1030x579.jpg 1030w, https:\/\/radiorevelacionfm.cl\/wp-content\/uploads\/2022\/04\/IMAGEN-REUNION-1-1-768x432.jpg 768w, https:\/\/radiorevelacionfm.cl\/wp-content\/uploads\/2022\/04\/IMAGEN-REUNION-1-1-705x396.jpg 705w, https:\/\/radiorevelacionfm.cl\/wp-content\/uploads\/2022\/04\/IMAGEN-REUNION-1-1-600x337.jpg 600w\" sizes=\"(max-width: 1067px) 100vw, 1067px\" \/><\/div><\/div><\/div><\/div><div class=\"flex_column av_one_full  flex_column_div av-zero-column-padding first  avia-builder-el-2  el_after_av_one_full  el_before_av_one_full  column-top-margin\" style='border-radius:0px; '><section class=\"av_textblock_section \"  itemscope=\"itemscope\" itemtype=\"https:\/\/schema.org\/BlogPosting\" itemprop=\"blogPost\" ><div class='avia_textblock  '   itemprop=\"text\" ><p style=\"text-align: center;\"><span style=\"font-size: 18pt;\"><strong>Sandoval insiste en necesidad de acuerdos transversales para llevar adelante los cambios que necesita la regi\u00f3n en materia de desarrollo productivo<\/strong><\/span><\/p>\n<div id=\"gtx-trans\" style=\"position: absolute; left: -50px; top: 4.31534px;\">\n<div class=\"gtx-trans-icon\"><\/div>\n<\/div>\n<\/div><\/section><\/div><div class=\"flex_column av_one_full  flex_column_div av-zero-column-padding first  avia-builder-el-4  el_after_av_one_full  el_before_av_hr  column-top-margin\" style='border-radius:0px; '><section class=\"av_textblock_section \"  itemscope=\"itemscope\" itemtype=\"https:\/\/schema.org\/BlogPosting\" itemprop=\"blogPost\" ><div class='avia_textblock  '   itemprop=\"text\" ><p style=\"text-align: justify;\">En los \u00faltimos d\u00edas, el parlamentario particip\u00f3 en encuentro convocado por Corpaysen y la Multisindical MTSA, donde se abordaron estos desaf\u00edos a nivel regional, en el cual participaron distintos gremios y autoridades locales.<\/p>\n<p style=\"text-align: justify;\">\u201cTodos entendemos que esto no se hace de la noche a la ma\u00f1ana, pero s\u00ed se requieren acuerdos, para llevar adelante los cambios que necesitamos en la regi\u00f3n\u201d. As\u00ed lo se\u00f1al\u00f3 el senador David Sandoval, luego de participar en los \u00faltimos d\u00edas, en el encuentro sobre el desarrollo productivo en Ays\u00e9n.<\/p>\n<p style=\"text-align: justify;\">La reuni\u00f3n, convocada por la Corporaci\u00f3n de Desarrollo Productivo del Litoral de Ays\u00e9n (CORPAYSEN) y la Multisindical de Trabajadores Salmones Ramas Afines (MTSA), fue valorada por Sandoval, considerando el impacto que tienen distintas actividades en la regi\u00f3n, donde entre otros temas se abord\u00f3 la situaci\u00f3n de la pesca ilegal. \u201cLos emprendedores plantearon qu\u00e9 hacer con este tema y tambi\u00e9n en materia de desarrollo productivo. La pesca ilegal es un lucrativo negocio, es toda una cadena de comercializaci\u00f3n donde falta mucha fiscalizaci\u00f3n\u201d, indic\u00f3.<\/p>\n<p style=\"text-align: justify;\">En ese sentido, el parlamentario dijo compartir las inquietudes planteadas, pero no solo en el \u00e1mbito pesquero, sino que del turismo, en materia de conectividad (particip\u00f3 Conrado Redlich, del gremio de transportistas), comercio, multigremial, entre otros actores. \u201cTodos ten\u00edan la misma inquietud y lo planteaban a la autoridad regional, respecto de definir una propuesta de desarrollo de la regi\u00f3n un poco distinta. Nadie quiere depender de los subsidios, de las d\u00e1divas del Estado, sino que generar las capacidades en las distintas comunas, haci\u00e9ndonos cargo de las falencias que tenemos\u201d, puntualiz\u00f3.<\/p>\n<p style=\"text-align: justify;\">Por lo mismo, si bien el legislador insisti\u00f3 en que esto no se podr\u00e1 generar de la noche a la ma\u00f1ana, s\u00ed enfatiz\u00f3 en la necesidad de avanzar en una \u201cconcertaci\u00f3n de acuerdos, para llevar adelante los cambios que necesitamos en la regi\u00f3n de Ays\u00e9n\u201d.<\/p>\n<p style=\"text-align: justify;\">Finalmente, durante la jornada tambi\u00e9n se abord\u00f3 el impacto que tiene el alza de materiales de construcci\u00f3n. \u201cTambi\u00e9n estaba la C\u00e1mara Chilena de la Construcci\u00f3n en esta reuni\u00f3n. Esta es una preocupaci\u00f3n que viene del propio ministro (de Vivienda, Carlos Montes), pues est\u00e1 en riesgo la meta de construir alrededor de 260 mil viviendas durante este Gobierno. Estamos hablando de m\u00e1s de un 30% de alza de los precios de los materiales de construcci\u00f3n\u201d, concluy\u00f3.<\/p>\n<\/div><\/section><\/div><div  style='height:50px' class='hr hr-invisible   avia-builder-el-6  el_after_av_one_full  el_before_av_social_share '><span class='hr-inner ' ><span class='hr-inner-style'><\/span><\/span><\/div><\/p>\n<div  class='av-social-sharing-box  avia-builder-el-7  el_after_av_hr  el_before_av_hr  '><div class='av-share-box'><h5 class='av-share-link-description av-no-toc '>Compartir esta noticia<\/h5><ul class='av-share-box-list noLightbox'><li class='av-share-link av-social-link-facebook' ><a target=\"_blank\" aria-label=\"Compartir en Facebook\" href='https:\/\/www.facebook.com\/sharer.php?u=https:\/\/radiorevelacionfm.cl\/?p=15712&#038;t=Sandoval%20insiste%20en%20necesidad%20de%20acuerdos%20transversales%20para%20llevar%20adelante%20los%20cambios%20que%20necesita%20la%20regi%C3%B3n%20en%20materia%20de%20desarrollo%20productivo' aria-hidden='false' data-av_icon='\ue8f3' data-av_iconfont='entypo-fontello' title='' data-avia-related-tooltip='Compartir en Facebook' rel=\"noopener\"><span class='avia_hidden_link_text'>Compartir en Facebook<\/span><\/a><\/li><li class='av-share-link av-social-link-twitter' ><a target=\"_blank\" aria-label=\"Compartir en Twitter\" href='https:\/\/twitter.com\/share?text=Sandoval%20insiste%20en%20necesidad%20de%20acuerdos%20transversales%20para%20llevar%20adelante%20los%20cambios%20que%20necesita%20la%20regi%C3%B3n%20en%20materia%20de%20desarrollo%20productivo&#038;url=https:\/\/radiorevelacionfm.cl\/?p=15712' aria-hidden='false' data-av_icon='\ue8f1' data-av_iconfont='entypo-fontello' title='' data-avia-related-tooltip='Compartir en Twitter' rel=\"noopener\"><span class='avia_hidden_link_text'>Compartir en Twitter<\/span><\/a><\/li><li class='av-share-link av-social-link-whatsapp' ><a target=\"_blank\" aria-label=\"Compartir en Whatsapp\" href='https:\/\/api.whatsapp.com\/send?text=https:\/\/radiorevelacionfm.cl\/?p=15712' aria-hidden='false' data-av_icon='\uf232' data-av_iconfont='entypo-fontello' title='' data-avia-related-tooltip='Compartir en Whatsapp' rel=\"noopener\"><span class='avia_hidden_link_text'>Compartir en Whatsapp<\/span><\/a><\/li><li class='av-share-link av-social-link-linkedin' ><a target=\"_blank\" aria-label=\"Compartir en LinkedIn\" href='https:\/\/linkedin.com\/shareArticle?mini=true&#038;title=Sandoval%20insiste%20en%20necesidad%20de%20acuerdos%20transversales%20para%20llevar%20adelante%20los%20cambios%20que%20necesita%20la%20regi%C3%B3n%20en%20materia%20de%20desarrollo%20productivo&#038;url=https:\/\/radiorevelacionfm.cl\/?p=15712' aria-hidden='false' data-av_icon='\ue8fc' data-av_iconfont='entypo-fontello' title='' data-avia-related-tooltip='Compartir en LinkedIn' rel=\"noopener\"><span class='avia_hidden_link_text'>Compartir en LinkedIn<\/span><\/a><\/li><li class='av-share-link av-social-link-mail' ><a  aria-label=\"Compartir por correo\" href='mailto:?subject=Sandoval%20insiste%20en%20necesidad%20de%20acuerdos%20transversales%20para%20llevar%20adelante%20los%20cambios%20que%20necesita%20la%20regi%C3%B3n%20en%20materia%20de%20desarrollo%20productivo&#038;body=https:\/\/radiorevelacionfm.cl\/?p=15712' aria-hidden='false' data-av_icon='\ue805' data-av_iconfont='entypo-fontello' title='' data-avia-related-tooltip='Compartir por correo'><span class='avia_hidden_link_text'>Compartir por correo<\/span><\/a><\/li><\/ul><\/div><\/div>\n<div  style='height:50px' class='hr hr-invisible   avia-builder-el-8  el_after_av_social_share  el_before_av_comments_list '><span class='hr-inner ' ><span class='hr-inner-style'><\/span><\/span><\/div>\n<div  class='av-buildercomment  av-blog-meta-html-info-disabled av-blog-meta-tag-disabled  '><\/div>\n","protected":false},"excerpt":{"rendered":"","protected":false},"author":1,"featured_media":15713,"comment_status":"open","ping_status":"open","sticky":false,"template":"","format":"standard","meta":{"footnotes":""},"categories":[35],"tags":[],"class_list":["post-15712","post","type-post","status-publish","format-standard","has-post-thumbnail","hentry","category-politica"],"jetpack_featured_media_url":"https:\/\/radiorevelacionfm.cl\/wp-content\/uploads\/2022\/04\/IMAGEN-REUNION-1-1.jpg","_links":{"self":[{"href":"https:\/\/radiorevelacionfm.cl\/index.php?rest_route=\/wp\/v2\/posts\/15712","targetHints":{"allow":["GET"]}}],"collection":[{"href":"https:\/\/radiorevelacionfm.cl\/index.php?rest_route=\/wp\/v2\/posts"}],"about":[{"href":"https:\/\/radiorevelacionfm.cl\/index.php?rest_route=\/wp\/v2\/types\/post"}],"author":[{"embeddable":true,"href":"https:\/\/radiorevelacionfm.cl\/index.php?rest_route=\/wp\/v2\/users\/1"}],"replies":[{"embeddable":true,"href":"https:\/\/radiorevelacionfm.cl\/index.php?rest_route=%2Fwp%2Fv2%2Fcomments&post=15712"}],"version-history":[{"count":2,"href":"https:\/\/radiorevelacionfm.cl\/index.php?rest_route=\/wp\/v2\/posts\/15712\/revisions"}],"predecessor-version":[{"id":15735,"href":"https:\/\/radiorevelacionfm.cl\/index.php?rest_route=\/wp\/v2\/posts\/15712\/revisions\/15735"}],"wp:featuredmedia":[{"embeddable":true,"href":"https:\/\/radiorevelacionfm.cl\/index.php?rest_route=\/wp\/v2\/media\/15713"}],"wp:attachment":[{"href":"https:\/\/radiorevelacionfm.cl\/index.php?rest_route=%2Fwp%2Fv2%2Fmedia&parent=15712"}],"wp:term":[{"taxonomy":"category","embeddable":true,"href":"https:\/\/radiorevelacionfm.cl\/index.php?rest_route=%2Fwp%2Fv2%2Fcategories&post=15712"},{"taxonomy":"post_tag","embeddable":true,"href":"https:\/\/radiorevelacionfm.cl\/index.php?rest_route=%2Fwp%2Fv2%2Ftags&post=15712"}],"curies":[{"name":"wp","href":"https:\/\/api.w.org\/{rel}","templated":true}]}}