{"id":15709,"date":"2022-04-11T22:25:31","date_gmt":"2022-04-12T01:25:31","guid":{"rendered":"https:\/\/radiorevelacionfm.cl\/?p=15709"},"modified":"2022-04-11T22:25:31","modified_gmt":"2022-04-12T01:25:31","slug":"hospital-regional-coyhaique-cuenta-con-nueva-neurologa-pediatrica","status":"publish","type":"post","link":"https:\/\/radiorevelacionfm.cl\/?p=15709","title":{"rendered":"Hospital Regional Coyhaique cuenta con nueva neur\u00f3loga pedi\u00e1trica"},"content":{"rendered":"<div class=\"flex_column av_one_full  flex_column_div av-zero-column-padding first  avia-builder-el-0  el_before_av_one_full  avia-builder-el-first  \" style='border-radius:0px; '><div  class='avia-image-container  av-styling-    avia-builder-el-1  avia-builder-el-no-sibling  avia-align-center '  itemprop=\"image\" itemscope=\"itemscope\" itemtype=\"https:\/\/schema.org\/ImageObject\"  ><div class='avia-image-container-inner'><div class='avia-image-overlay-wrap'><img decoding=\"async\" class='wp-image-15710 avia-img-lazy-loading-not-15710 avia_image' src=\"https:\/\/radiorevelacionfm.cl\/wp-content\/uploads\/2022\/04\/Ingrid-Gutierrez-2-1.jpg\" alt='' title='Ingrid Gutierrez (2) (1)' height=\"600\" width=\"748\"  itemprop=\"thumbnailUrl\" srcset=\"https:\/\/radiorevelacionfm.cl\/wp-content\/uploads\/2022\/04\/Ingrid-Gutierrez-2-1.jpg 748w, https:\/\/radiorevelacionfm.cl\/wp-content\/uploads\/2022\/04\/Ingrid-Gutierrez-2-1-300x241.jpg 300w, https:\/\/radiorevelacionfm.cl\/wp-content\/uploads\/2022\/04\/Ingrid-Gutierrez-2-1-705x566.jpg 705w, https:\/\/radiorevelacionfm.cl\/wp-content\/uploads\/2022\/04\/Ingrid-Gutierrez-2-1-600x481.jpg 600w\" sizes=\"(max-width: 748px) 100vw, 748px\" \/><\/div><\/div><\/div><\/div><div class=\"flex_column av_one_full  flex_column_div av-zero-column-padding first  avia-builder-el-2  el_after_av_one_full  el_before_av_one_full  column-top-margin\" style='border-radius:0px; '><section class=\"av_textblock_section \"  itemscope=\"itemscope\" itemtype=\"https:\/\/schema.org\/BlogPosting\" itemprop=\"blogPost\" ><div class='avia_textblock  '   itemprop=\"text\" ><p style=\"text-align: center;\"><span style=\"font-size: 18pt;\"><strong>Hospital Regional Coyhaique cuenta con nueva neur\u00f3loga pedi\u00e1trica<\/strong><\/span><\/p>\n<div id=\"gtx-trans\" style=\"position: absolute; left: -50px; top: 4.31534px;\">\n<div class=\"gtx-trans-icon\"><\/div>\n<\/div>\n<\/div><\/section><\/div><div class=\"flex_column av_one_full  flex_column_div av-zero-column-padding first  avia-builder-el-4  el_after_av_one_full  el_before_av_hr  column-top-margin\" style='border-radius:0px; '><section class=\"av_textblock_section \"  itemscope=\"itemscope\" itemtype=\"https:\/\/schema.org\/BlogPosting\" itemprop=\"blogPost\" ><div class='avia_textblock  '   itemprop=\"text\" ><p style=\"text-align: justify;\">Una ansiada profesional se incorpor\u00f3 al equipo de especialistas del Hospital Regional Coyhaique, se trata de la neur\u00f3loga infantil Ingrid Guti\u00e9rrez, que atender\u00e1 tanto a pacientes hospitalizados como en el Policl\u00ednico de Especialidades del \u00fanico centro hospitalario de alta complejidad de la regi\u00f3n de Ays\u00e9n, quien llega mediante el Per\u00edodo Asistencial Obligatorio (PAO), asegurando as\u00ed la permanencia de la profesional por un n\u00famero determinado de a\u00f1os en la regi\u00f3n.<\/p>\n<p style=\"text-align: justify;\">La Dra. Guti\u00e9rrez es m\u00e9dico de la Universidad de Valpara\u00edso, misma casa de estudios donde curs\u00f3 la especialidad de neurolog\u00eda pedi\u00e1trica. Adem\u00e1s, antes de estudiar su especialidad, se desempe\u00f1\u00f3 cerca de 10 a\u00f1os en Atenci\u00f3n Primaria en Salud (APS), conociendo \u201cin situ\u201d la realidad de los consultorios y dispositivos de atenci\u00f3n primaria en la regi\u00f3n de Valpara\u00edso.<\/p>\n<p style=\"text-align: justify;\">\u201cLlegu\u00e9 hace una semana, mis colegas est\u00e1n felices con que haya llegado una neur\u00f3loga infantil a cubrir las necesidades de los ni\u00f1os hospitalizados, porque siempre surgen dudas. En el policl\u00ednico, en mi primer d\u00eda de atenci\u00f3n llegaron todos los pacientes citados y fueron muy comprensivos porque me demor\u00e9 m\u00e1s con cada uno de ellos, se notaba que los pacientes estaban agradecidos de la atenci\u00f3n\u201d.<\/p>\n<p style=\"text-align: justify;\">En efecto, si bien el HRC cuenta con un neur\u00f3logo infantil en modalidad de tele consulta, la necesidad de atenci\u00f3n presencial era inminente, puesto que a la fecha hay una lista de espera de atenci\u00f3n en esta especialidad cercana a los 120 pacientes.<\/p>\n<p style=\"text-align: justify;\">En ese sentido, la especialista detalla que \u201cen atenci\u00f3n abierta, actualmente lo m\u00e1s frecuente es sospecha o diagn\u00f3stico de trastorno del espectro autista (TEA) y otros tipos de diagn\u00f3stico del neurodesarrollo, tales como d\u00e9ficit atencional, discapacidad intelectual y trastornos espec\u00edficos del lenguaje. Tambi\u00e9n una gran parte de las atenciones son epilepsia, tanto sospecha como controles posteriores, ya que es un tratamiento de largo tiempo de evoluci\u00f3n\u201d.<\/p>\n<p style=\"text-align: justify;\">Es as\u00ed como el diagn\u00f3stico oportuno de patolog\u00edas neurol\u00f3gicas es clave para evitar secuelas en la vida adulta. \u201cCuando hay una sospecha precoz, el apoyo que puede recibir el ni\u00f1o es tambi\u00e9n precoz. Eso tiene un impacto importante, ya que el neurodesarrollo tiene su peak a los 2 a\u00f1os, y hasta aproximadamente lo 6-7 a\u00f1os es la etapa en que se puede intervenir de forma m\u00e1s efectiva\u201d, sostuvo la profesional.<\/p>\n<\/div><\/section><\/div><div  style='height:50px' class='hr hr-invisible   avia-builder-el-6  el_after_av_one_full  el_before_av_social_share '><span class='hr-inner ' ><span class='hr-inner-style'><\/span><\/span><\/div><\/p>\n<div  class='av-social-sharing-box  avia-builder-el-7  el_after_av_hr  el_before_av_hr  '><div class='av-share-box'><h5 class='av-share-link-description av-no-toc '>Compartir esta noticia<\/h5><ul class='av-share-box-list noLightbox'><li class='av-share-link av-social-link-facebook' ><a target=\"_blank\" aria-label=\"Compartir en Facebook\" href='https:\/\/www.facebook.com\/sharer.php?u=https:\/\/radiorevelacionfm.cl\/?p=15709&#038;t=Hospital%20Regional%20Coyhaique%20cuenta%20con%20nueva%20neur%C3%B3loga%20pedi%C3%A1trica' aria-hidden='false' data-av_icon='\ue8f3' data-av_iconfont='entypo-fontello' title='' data-avia-related-tooltip='Compartir en Facebook' rel=\"noopener\"><span class='avia_hidden_link_text'>Compartir en Facebook<\/span><\/a><\/li><li class='av-share-link av-social-link-twitter' ><a target=\"_blank\" aria-label=\"Compartir en Twitter\" href='https:\/\/twitter.com\/share?text=Hospital%20Regional%20Coyhaique%20cuenta%20con%20nueva%20neur%C3%B3loga%20pedi%C3%A1trica&#038;url=https:\/\/radiorevelacionfm.cl\/?p=15709' aria-hidden='false' data-av_icon='\ue8f1' data-av_iconfont='entypo-fontello' title='' data-avia-related-tooltip='Compartir en Twitter' rel=\"noopener\"><span class='avia_hidden_link_text'>Compartir en Twitter<\/span><\/a><\/li><li class='av-share-link av-social-link-whatsapp' ><a target=\"_blank\" aria-label=\"Compartir en Whatsapp\" href='https:\/\/api.whatsapp.com\/send?text=https:\/\/radiorevelacionfm.cl\/?p=15709' aria-hidden='false' data-av_icon='\uf232' data-av_iconfont='entypo-fontello' title='' data-avia-related-tooltip='Compartir en Whatsapp' rel=\"noopener\"><span class='avia_hidden_link_text'>Compartir en Whatsapp<\/span><\/a><\/li><li class='av-share-link av-social-link-linkedin' ><a target=\"_blank\" aria-label=\"Compartir en LinkedIn\" href='https:\/\/linkedin.com\/shareArticle?mini=true&#038;title=Hospital%20Regional%20Coyhaique%20cuenta%20con%20nueva%20neur%C3%B3loga%20pedi%C3%A1trica&#038;url=https:\/\/radiorevelacionfm.cl\/?p=15709' aria-hidden='false' data-av_icon='\ue8fc' data-av_iconfont='entypo-fontello' title='' data-avia-related-tooltip='Compartir en LinkedIn' rel=\"noopener\"><span class='avia_hidden_link_text'>Compartir en LinkedIn<\/span><\/a><\/li><li class='av-share-link av-social-link-mail' ><a  aria-label=\"Compartir por correo\" href='mailto:?subject=Hospital%20Regional%20Coyhaique%20cuenta%20con%20nueva%20neur%C3%B3loga%20pedi%C3%A1trica&#038;body=https:\/\/radiorevelacionfm.cl\/?p=15709' aria-hidden='false' data-av_icon='\ue805' data-av_iconfont='entypo-fontello' title='' data-avia-related-tooltip='Compartir por correo'><span class='avia_hidden_link_text'>Compartir por correo<\/span><\/a><\/li><\/ul><\/div><\/div>\n<div  style='height:50px' class='hr hr-invisible   avia-builder-el-8  el_after_av_social_share  el_before_av_comments_list '><span class='hr-inner ' ><span class='hr-inner-style'><\/span><\/span><\/div>\n<div  class='av-buildercomment  av-blog-meta-html-info-disabled av-blog-meta-tag-disabled  '><\/div>\n","protected":false},"excerpt":{"rendered":"","protected":false},"author":1,"featured_media":15710,"comment_status":"open","ping_status":"open","sticky":false,"template":"","format":"standard","meta":{"footnotes":""},"categories":[46],"tags":[],"class_list":["post-15709","post","type-post","status-publish","format-standard","has-post-thumbnail","hentry","category-salud"],"jetpack_featured_media_url":"https:\/\/radiorevelacionfm.cl\/wp-content\/uploads\/2022\/04\/Ingrid-Gutierrez-2-1.jpg","_links":{"self":[{"href":"https:\/\/radiorevelacionfm.cl\/index.php?rest_route=\/wp\/v2\/posts\/15709","targetHints":{"allow":["GET"]}}],"collection":[{"href":"https:\/\/radiorevelacionfm.cl\/index.php?rest_route=\/wp\/v2\/posts"}],"about":[{"href":"https:\/\/radiorevelacionfm.cl\/index.php?rest_route=\/wp\/v2\/types\/post"}],"author":[{"embeddable":true,"href":"https:\/\/radiorevelacionfm.cl\/index.php?rest_route=\/wp\/v2\/users\/1"}],"replies":[{"embeddable":true,"href":"https:\/\/radiorevelacionfm.cl\/index.php?rest_route=%2Fwp%2Fv2%2Fcomments&post=15709"}],"version-history":[{"count":2,"href":"https:\/\/radiorevelacionfm.cl\/index.php?rest_route=\/wp\/v2\/posts\/15709\/revisions"}],"predecessor-version":[{"id":15732,"href":"https:\/\/radiorevelacionfm.cl\/index.php?rest_route=\/wp\/v2\/posts\/15709\/revisions\/15732"}],"wp:featuredmedia":[{"embeddable":true,"href":"https:\/\/radiorevelacionfm.cl\/index.php?rest_route=\/wp\/v2\/media\/15710"}],"wp:attachment":[{"href":"https:\/\/radiorevelacionfm.cl\/index.php?rest_route=%2Fwp%2Fv2%2Fmedia&parent=15709"}],"wp:term":[{"taxonomy":"category","embeddable":true,"href":"https:\/\/radiorevelacionfm.cl\/index.php?rest_route=%2Fwp%2Fv2%2Fcategories&post=15709"},{"taxonomy":"post_tag","embeddable":true,"href":"https:\/\/radiorevelacionfm.cl\/index.php?rest_route=%2Fwp%2Fv2%2Ftags&post=15709"}],"curies":[{"name":"wp","href":"https:\/\/api.w.org\/{rel}","templated":true}]}}