{"id":15705,"date":"2022-04-12T16:58:45","date_gmt":"2022-04-12T19:58:45","guid":{"rendered":"https:\/\/radiorevelacionfm.cl\/?p=15705"},"modified":"2022-04-12T16:58:45","modified_gmt":"2022-04-12T19:58:45","slug":"la-uaysen-es-la-primera-universidad-regional-que-visita-la-subsecretaria-de-educacion-superior","status":"publish","type":"post","link":"https:\/\/radiorevelacionfm.cl\/?p=15705","title":{"rendered":"La UAys\u00e9n es la primera universidad regional que visita la Subsecretaria de Educaci\u00f3n Superior"},"content":{"rendered":"<div class=\"flex_column av_one_full  flex_column_div av-zero-column-padding first  avia-builder-el-0  el_before_av_one_full  avia-builder-el-first  \" style='border-radius:0px; '><div  class='avia-image-container  av-styling-    avia-builder-el-1  avia-builder-el-no-sibling  avia-align-center '  itemprop=\"image\" itemscope=\"itemscope\" itemtype=\"https:\/\/schema.org\/ImageObject\"  ><div class='avia-image-container-inner'><div class='avia-image-overlay-wrap'><img decoding=\"async\" class='wp-image-15707 avia-img-lazy-loading-not-15707 avia_image' src=\"https:\/\/radiorevelacionfm.cl\/wp-content\/uploads\/2022\/04\/Subse-comitiva-1-1-1.jpeg\" alt='' title='Subse + comitiva (1) (1)' height=\"600\" width=\"1074\"  itemprop=\"thumbnailUrl\" srcset=\"https:\/\/radiorevelacionfm.cl\/wp-content\/uploads\/2022\/04\/Subse-comitiva-1-1-1.jpeg 1074w, https:\/\/radiorevelacionfm.cl\/wp-content\/uploads\/2022\/04\/Subse-comitiva-1-1-1-300x168.jpeg 300w, https:\/\/radiorevelacionfm.cl\/wp-content\/uploads\/2022\/04\/Subse-comitiva-1-1-1-1030x575.jpeg 1030w, https:\/\/radiorevelacionfm.cl\/wp-content\/uploads\/2022\/04\/Subse-comitiva-1-1-1-768x429.jpeg 768w, https:\/\/radiorevelacionfm.cl\/wp-content\/uploads\/2022\/04\/Subse-comitiva-1-1-1-705x394.jpeg 705w, https:\/\/radiorevelacionfm.cl\/wp-content\/uploads\/2022\/04\/Subse-comitiva-1-1-1-600x335.jpeg 600w\" sizes=\"(max-width: 1074px) 100vw, 1074px\" \/><\/div><\/div><\/div><\/div><div class=\"flex_column av_one_full  flex_column_div av-zero-column-padding first  avia-builder-el-2  el_after_av_one_full  el_before_av_one_full  column-top-margin\" style='border-radius:0px; '><section class=\"av_textblock_section \"  itemscope=\"itemscope\" itemtype=\"https:\/\/schema.org\/BlogPosting\" itemprop=\"blogPost\" ><div class='avia_textblock  '   itemprop=\"text\" ><p style=\"text-align: center;\"><strong><span style=\"font-size: 18pt;\">La UAys\u00e9n es la primera universidad regional que visita la Subsecretaria de Educaci\u00f3n Superior<\/span>\u00a0<\/strong><\/p>\n<div id=\"gtx-trans\" style=\"position: absolute; left: -50px; top: 4.31534px;\">\n<div class=\"gtx-trans-icon\"><\/div>\n<\/div>\n<\/div><\/section><\/div><div class=\"flex_column av_one_full  flex_column_div av-zero-column-padding first  avia-builder-el-4  el_after_av_one_full  el_before_av_hr  column-top-margin\" style='border-radius:0px; '><section class=\"av_textblock_section \"  itemscope=\"itemscope\" itemtype=\"https:\/\/schema.org\/BlogPosting\" itemprop=\"blogPost\" ><div class='avia_textblock  '   itemprop=\"text\" ><p style=\"text-align: justify;\">Una intensa y fruct\u00edfera visita realiz\u00f3 a la UAys\u00e9n la subsecretaria de Educaci\u00f3n Superior, Ver\u00f3nica Figueroa Huencho, quien junto a su equipo dialog\u00f3 con diversos integrantes de la comunidad universitaria.<\/p>\n<p style=\"text-align: justify;\">A su arribo al Campus Lillo 2 la autoridad acompa\u00f1ada por Thomas Griggs, jefe de la Divisi\u00f3n de Educaci\u00f3n Universitaria y Miski Peralta, jefa de la Divisi\u00f3n de Educaci\u00f3n T\u00e9cnico Profesional, se reuni\u00f3 con la rectora Natacha Pino Acu\u00f1a quien se\u00f1al\u00f3 que la visita de la subsecretaria refleja el\u00a0 fuerte compromiso del gobierno del Presidente Boric por descentralizar la educaci\u00f3n superior.<\/p>\n<p style=\"text-align: justify;\">\u201cQue en su primera salida a regiones eligiera la Universidad de Ays\u00e9n tambi\u00e9n para nosotros es una se\u00f1al importante,\u00a0 la\u00a0 clara disposici\u00f3n a ser parte del apoyo que se requiere para continuar avanzando con este proyecto tan importante para la regi\u00f3n. Sostuvimos reuniones que fueron de mucha relevancia con el cuerpo acad\u00e9mico, con el senado universitario, con investigadores y con autoridades regionales tambi\u00e9n,\u00a0 de manera que todos puedan sumarse a este proyecto de universidad que todav\u00eda sigue creciendo y que\u00a0 requiere muchas m\u00e1s manos\u201d, sostuvo la rectora.<\/p>\n<p style=\"text-align: justify;\">\u201cEstamos muy contentos, fueron excelentes conversaciones y reflexiones , sin duda, vamos a seguir trabajando, no va a ser la \u00fanica visita, as\u00ed nos lo dijeron y as\u00ed esperamos tambi\u00e9n que sea y vamos a continuar trabajando por el bien de la educaci\u00f3n superior estatal\u201d,\u00a0 finaliz\u00f3 la autoridad acad\u00e9mica.<\/p>\n<p style=\"text-align: justify;\">Durante la tarde la subsecretaria se traslad\u00f3 al sal\u00f3n Antonio Ronchi del Gobierno Regional de Ays\u00e9n donde sesionaba el Senado Universitario donde pudo compartir con las y los miembros del estamento triestamental.<\/p>\n<p style=\"text-align: justify;\">En el lugar rememor\u00f3 su participaci\u00f3n en el organismo an\u00e1logo de la Universidad de Chile, donde incluso fue la primera mujer en presidirla, y motiv\u00f3 a las senadoras y senadores a continuar con su \u201c\u00e9pica\u201d labor.<\/p>\n<p style=\"text-align: justify;\">Durante la sesi\u00f3n, la autoridad enumer\u00f3 las prioridades del gobierno del Presidente Gabriel Boric Font en materia de Educaci\u00f3n y relev\u00f3 el fortalecimiento del rol de las universidades estatales en el pa\u00eds, tal como lo comparti\u00f3 en la reuni\u00f3n del Consorcio de Universidades del Estado (CUECH) realizada a fines de marzo en Santiago.<\/p>\n<p style=\"text-align: justify;\">La subsecretaria coment\u00f3 que \u201cel Estado efectivamente est\u00e1 al debe con las universidades en las regiones y la Universidad de Ays\u00e9n est\u00e1 hoy d\u00eda construyendo este camino con m\u00faltiples complejidades tambi\u00e9n\u201d.<\/p>\n<p style=\"text-align: justify;\">Respecto a la igualdad de g\u00e9nero, otro de los aspectos importantes que marcar\u00e1 la agenda de su cartera, Figueroa Huencho asegur\u00f3 que \u201ces parte de un eje transversal de trabajo. Nuestro gobierno se ha asumido como un gobierno feminista y desde la Educaci\u00f3n Superior estamos planteando un cambio importante en la forma de c\u00f3mo se entienda. Pasa por c\u00f3mo formamos a una ciudadan\u00eda que sea capaz de comprender el aporte que hacen otras visiones, otros planteamientos a un mejor vivir.\u201d<\/p>\n<p style=\"text-align: justify;\">En esta l\u00ednea, la visita de la subsecretaria concluy\u00f3 con un encuentro con quienes conforman la\u00a0 Unidad de Equidad de G\u00e9nero de nuestra casa de estudios superiores.<\/p>\n<\/div><\/section><\/div><div  style='height:50px' class='hr hr-invisible   avia-builder-el-6  el_after_av_one_full  el_before_av_social_share '><span class='hr-inner ' ><span class='hr-inner-style'><\/span><\/span><\/div><\/p>\n<div  class='av-social-sharing-box  avia-builder-el-7  el_after_av_hr  el_before_av_hr  '><div class='av-share-box'><h5 class='av-share-link-description av-no-toc '>Compartir esta noticia<\/h5><ul class='av-share-box-list noLightbox'><li class='av-share-link av-social-link-facebook' ><a target=\"_blank\" aria-label=\"Compartir en Facebook\" href='https:\/\/www.facebook.com\/sharer.php?u=https:\/\/radiorevelacionfm.cl\/?p=15705&#038;t=La%20UAys%C3%A9n%20es%20la%20primera%20universidad%20regional%20que%20visita%20la%20Subsecretaria%20de%20Educaci%C3%B3n%20Superior' aria-hidden='false' data-av_icon='\ue8f3' data-av_iconfont='entypo-fontello' title='' data-avia-related-tooltip='Compartir en Facebook' rel=\"noopener\"><span class='avia_hidden_link_text'>Compartir en Facebook<\/span><\/a><\/li><li class='av-share-link av-social-link-twitter' ><a target=\"_blank\" aria-label=\"Compartir en Twitter\" href='https:\/\/twitter.com\/share?text=La%20UAys%C3%A9n%20es%20la%20primera%20universidad%20regional%20que%20visita%20la%20Subsecretaria%20de%20Educaci%C3%B3n%20Superior&#038;url=https:\/\/radiorevelacionfm.cl\/?p=15705' aria-hidden='false' data-av_icon='\ue8f1' data-av_iconfont='entypo-fontello' title='' data-avia-related-tooltip='Compartir en Twitter' rel=\"noopener\"><span class='avia_hidden_link_text'>Compartir en Twitter<\/span><\/a><\/li><li class='av-share-link av-social-link-whatsapp' ><a target=\"_blank\" aria-label=\"Compartir en Whatsapp\" href='https:\/\/api.whatsapp.com\/send?text=https:\/\/radiorevelacionfm.cl\/?p=15705' aria-hidden='false' data-av_icon='\uf232' data-av_iconfont='entypo-fontello' title='' data-avia-related-tooltip='Compartir en Whatsapp' rel=\"noopener\"><span class='avia_hidden_link_text'>Compartir en Whatsapp<\/span><\/a><\/li><li class='av-share-link av-social-link-linkedin' ><a target=\"_blank\" aria-label=\"Compartir en LinkedIn\" href='https:\/\/linkedin.com\/shareArticle?mini=true&#038;title=La%20UAys%C3%A9n%20es%20la%20primera%20universidad%20regional%20que%20visita%20la%20Subsecretaria%20de%20Educaci%C3%B3n%20Superior&#038;url=https:\/\/radiorevelacionfm.cl\/?p=15705' aria-hidden='false' data-av_icon='\ue8fc' data-av_iconfont='entypo-fontello' title='' data-avia-related-tooltip='Compartir en LinkedIn' rel=\"noopener\"><span class='avia_hidden_link_text'>Compartir en LinkedIn<\/span><\/a><\/li><li class='av-share-link av-social-link-mail' ><a  aria-label=\"Compartir por correo\" href='mailto:?subject=La%20UAys%C3%A9n%20es%20la%20primera%20universidad%20regional%20que%20visita%20la%20Subsecretaria%20de%20Educaci%C3%B3n%20Superior&#038;body=https:\/\/radiorevelacionfm.cl\/?p=15705' aria-hidden='false' data-av_icon='\ue805' data-av_iconfont='entypo-fontello' title='' data-avia-related-tooltip='Compartir por correo'><span class='avia_hidden_link_text'>Compartir por correo<\/span><\/a><\/li><\/ul><\/div><\/div>\n<div  style='height:50px' class='hr hr-invisible   avia-builder-el-8  el_after_av_social_share  el_before_av_comments_list '><span class='hr-inner ' ><span class='hr-inner-style'><\/span><\/span><\/div>\n<div  class='av-buildercomment  av-blog-meta-html-info-disabled av-blog-meta-tag-disabled  '><\/div>\n","protected":false},"excerpt":{"rendered":"","protected":false},"author":1,"featured_media":15707,"comment_status":"open","ping_status":"open","sticky":false,"template":"","format":"standard","meta":{"footnotes":""},"categories":[49],"tags":[],"class_list":["post-15705","post","type-post","status-publish","format-standard","has-post-thumbnail","hentry","category-educacion"],"jetpack_featured_media_url":"https:\/\/radiorevelacionfm.cl\/wp-content\/uploads\/2022\/04\/Subse-comitiva-1-1-1.jpeg","_links":{"self":[{"href":"https:\/\/radiorevelacionfm.cl\/index.php?rest_route=\/wp\/v2\/posts\/15705","targetHints":{"allow":["GET"]}}],"collection":[{"href":"https:\/\/radiorevelacionfm.cl\/index.php?rest_route=\/wp\/v2\/posts"}],"about":[{"href":"https:\/\/radiorevelacionfm.cl\/index.php?rest_route=\/wp\/v2\/types\/post"}],"author":[{"embeddable":true,"href":"https:\/\/radiorevelacionfm.cl\/index.php?rest_route=\/wp\/v2\/users\/1"}],"replies":[{"embeddable":true,"href":"https:\/\/radiorevelacionfm.cl\/index.php?rest_route=%2Fwp%2Fv2%2Fcomments&post=15705"}],"version-history":[{"count":2,"href":"https:\/\/radiorevelacionfm.cl\/index.php?rest_route=\/wp\/v2\/posts\/15705\/revisions"}],"predecessor-version":[{"id":15757,"href":"https:\/\/radiorevelacionfm.cl\/index.php?rest_route=\/wp\/v2\/posts\/15705\/revisions\/15757"}],"wp:featuredmedia":[{"embeddable":true,"href":"https:\/\/radiorevelacionfm.cl\/index.php?rest_route=\/wp\/v2\/media\/15707"}],"wp:attachment":[{"href":"https:\/\/radiorevelacionfm.cl\/index.php?rest_route=%2Fwp%2Fv2%2Fmedia&parent=15705"}],"wp:term":[{"taxonomy":"category","embeddable":true,"href":"https:\/\/radiorevelacionfm.cl\/index.php?rest_route=%2Fwp%2Fv2%2Fcategories&post=15705"},{"taxonomy":"post_tag","embeddable":true,"href":"https:\/\/radiorevelacionfm.cl\/index.php?rest_route=%2Fwp%2Fv2%2Ftags&post=15705"}],"curies":[{"name":"wp","href":"https:\/\/api.w.org\/{rel}","templated":true}]}}