{"id":15696,"date":"2022-04-11T18:03:47","date_gmt":"2022-04-11T21:03:47","guid":{"rendered":"https:\/\/radiorevelacionfm.cl\/?p=15696"},"modified":"2022-04-11T18:04:31","modified_gmt":"2022-04-11T21:04:31","slug":"mop-y-representantes-de-comunidad-impulsan-trabajo-conjunto-con-zonas-norte-y-centro-sur-de-la-region-de-aysen","status":"publish","type":"post","link":"https:\/\/radiorevelacionfm.cl\/?p=15696","title":{"rendered":"MOP y representantes de comunidad impulsan trabajo conjunto con zonas norte y centro sur de la regi\u00f3n de Ays\u00e9n"},"content":{"rendered":"<div class=\"flex_column av_one_full  flex_column_div av-zero-column-padding first  avia-builder-el-0  el_before_av_one_full  avia-builder-el-first  \" style='border-radius:0px; '><div  class='avia-image-container  av-styling-    avia-builder-el-1  avia-builder-el-no-sibling  avia-align-center '  itemprop=\"image\" itemscope=\"itemscope\" itemtype=\"https:\/\/schema.org\/ImageObject\"  ><div class='avia-image-container-inner'><div class='avia-image-overlay-wrap'><img decoding=\"async\" class='wp-image-15697 avia-img-lazy-loading-not-15697 avia_image' src=\"https:\/\/radiorevelacionfm.cl\/wp-content\/uploads\/2022\/04\/CUATRO-2-1-1.jpg\" alt='' title='CUATRO (2) (1) (1)' height=\"600\" width=\"1113\"  itemprop=\"thumbnailUrl\" srcset=\"https:\/\/radiorevelacionfm.cl\/wp-content\/uploads\/2022\/04\/CUATRO-2-1-1.jpg 1113w, https:\/\/radiorevelacionfm.cl\/wp-content\/uploads\/2022\/04\/CUATRO-2-1-1-300x162.jpg 300w, https:\/\/radiorevelacionfm.cl\/wp-content\/uploads\/2022\/04\/CUATRO-2-1-1-1030x555.jpg 1030w, https:\/\/radiorevelacionfm.cl\/wp-content\/uploads\/2022\/04\/CUATRO-2-1-1-768x414.jpg 768w, https:\/\/radiorevelacionfm.cl\/wp-content\/uploads\/2022\/04\/CUATRO-2-1-1-705x380.jpg 705w, https:\/\/radiorevelacionfm.cl\/wp-content\/uploads\/2022\/04\/CUATRO-2-1-1-600x323.jpg 600w\" sizes=\"(max-width: 1113px) 100vw, 1113px\" \/><\/div><\/div><\/div><\/div>\n<div class=\"flex_column av_one_full  flex_column_div av-zero-column-padding first  avia-builder-el-2  el_after_av_one_full  el_before_av_one_full  column-top-margin\" style='border-radius:0px; '><section class=\"av_textblock_section \"  itemscope=\"itemscope\" itemtype=\"https:\/\/schema.org\/BlogPosting\" itemprop=\"blogPost\" ><div class='avia_textblock  '   itemprop=\"text\" ><p style=\"text-align: center;\"><strong><span style=\"font-size: 18pt;\">MOP y representantes de comunidad impulsan trabajo conjunto con zonas norte y centro sur de la regi\u00f3n de Ays\u00e9n<\/span><\/strong><\/p>\n<div id=\"gtx-trans\" style=\"position: absolute; left: -50px; top: 4.31534px;\">\n<div class=\"gtx-trans-icon\"><\/div>\n<\/div>\n<\/div><\/section><\/div><div class=\"flex_column av_one_full  flex_column_div av-zero-column-padding first  avia-builder-el-4  el_after_av_one_full  el_before_av_hr  column-top-margin\" style='border-radius:0px; '><section class=\"av_textblock_section \"  itemscope=\"itemscope\" itemtype=\"https:\/\/schema.org\/BlogPosting\" itemprop=\"blogPost\" ><div class='avia_textblock  '   itemprop=\"text\" ><p style=\"text-align: justify;\">El Secretario Regional Ministerial de Obras P\u00fablicas en la regi\u00f3n de Ays\u00e9n, Omar Patricio Sanhueza Ulloa hoy recibi\u00f3 el saludo protocolar de las Consejeras Regionales por Ays\u00e9n Paola Rodr\u00edguez, por Chile Chico Lilian Inostroza, \u00a0el Consejero Regional por Capit\u00e1n Prat V\u00edctor Escobar y de la Concejala de Chile Chico \u00c1ngela Valdebenito, oportunidad en la que las autoridades tuvieron un di\u00e1logo franco acerca de las inquietudes que plantean las comunidades, y acordaron la creaci\u00f3n de una Mesa de Trabajo conjunta para colaborar con ideas y gesti\u00f3n para el mejoramiento de la calidad de vida de las personas.<\/p>\n<p style=\"text-align: justify;\">Consultado al respecto, el SEREMI del MOP \u201cestamos muy conformes con este trabajo que estamos emprendiendo con diversos representantes de la comunidad, porque eso es lo que nos ha pedido nuestro presidente Gabriel Boric, escuchar la voz, estamos escuchando a la gente, sus demandas e insatisfacciones de distintos territorios en materia vial y lacustre, sus sugerencias y miradas distintas a las que podemos tener nosotros, pero con el \u00e1nimo de construir juntos. Queremos dise\u00f1ar y construir infraestructura para vivir mejor, que sea amigable con la comunidad y con el Medio ambiente, as\u00ed que coincidimos bastante. Le entregamos informaci\u00f3n acerca del estado de las licitaciones, tanto de las que se encuentran en proceso de licitaci\u00f3n, como de obras en ejecuci\u00f3n y tambi\u00e9n les informamos acerca de las contingencias que tienen algunas obras. As\u00ed que fue un buen acercamiento, junto con entregarnos el saludo protocolar, tambi\u00e9n pudimos trabajar y hablar del futuro. Se nos ha planteado conformar una mesa t\u00e9cnica con las provincias del sur de la regi\u00f3n de Ays\u00e9n, Capit\u00e1n Prat y General Carrera y a nosotros nos parece bastante interesante esta idea, la que va a ser planteada al Delegado Presidencial Regional y a la Gobernadora Regional para que todos los actores podamos participar y buscar las mejores soluciones para los desaf\u00edos que tenemos. Felicitamos a los Consejeros y Concejal por demostrar inter\u00e9s genuino en traer las problem\u00e1ticas de sus comunidades, as\u00ed como tambi\u00e9n la intenci\u00f3n de trabajar conjuntamente en las soluciones, lo que va en la misma l\u00ednea de acci\u00f3n del gobierno de nuestro presidente Gabriel Boric de trabajar con las comunidades y con todos y todas para mejorar sus condiciones de vida\u201d.<\/p>\n<p style=\"text-align: justify;\">Por su parte, la Consejera Regional por la provincia General Carrera, Lilian Inostroza Parra junto con agradecer la voluntad del Seremi del MOP Patricio Sanhueza por manifestar la voluntad de conversar con los Consejeros Regionales y tambi\u00e9n con la Concejala de la comuna de Chile Chico \u00c1ngela Valdebenito, destac\u00f3: \u201cHoy en d\u00eda con los problemas de conectividad que estamos viviendo a nivel regional y los problemas lacustres y terrestres que afectan a nuestra provincia debemos trabajar en forma mancomunada para que podamos llegar a una soluci\u00f3n pronta a estas problem\u00e1ticas que estamos teniendo, as\u00ed que agradecer esta instancia. El tema de conectividad es transversal, y hoy afecta a todos los pobladores y pobladoras de nuestra regi\u00f3n y por sobre todo hemos planteado varias problem\u00e1ticas respecto de la Ruta 265 y de la Ruta 7 en la provincia General Carrera y Capit\u00e1n Prat, y tambi\u00e9n la situaci\u00f3n de la Barcaza La Tehuelche. \u00c9l va a dar algunas respuestas atingentes a la situaci\u00f3n en su debido momento, pero son situaciones que se han planteado en esta Mesa, as\u00ed que muy agradecida de esta tarde y de este trabajo que hemos tenido\u201d.<\/p>\n<p style=\"text-align: justify;\">En tanto, V\u00edctor Escobar Mardones, Consejero Regional por la Capit\u00e1n Prat, se\u00f1al\u00f3: \u201cJunto a las Consejeras Regionales y Concejal de la zona norte y sur hemos venido a conversar con el Seremi y a conocerlo, as\u00ed que nos vamos con una grata impresi\u00f3n de su conocimiento del territorio y adem\u00e1s, le hemos hecho saber que queremos generar una Mesa de Conectividad de la zona sur para conversar todas las iniciativas y ver c\u00f3mo avanzamos en las grandes necesidades de la gente. Es muy importante hoy en d\u00eda conocer a nuestras autoridades y que ellas se puedan desplazar al territorio y ver en conjunto c\u00f3mo vamos creciendo en post de ayudar en cada territorio\u201d.<\/p>\n<p style=\"text-align: justify;\">En la reuni\u00f3n tambi\u00e9n estuvo presente la Concejal por Chile Chico \u00c1ngela Valdebenito Rivadeneira, quien como Concejala por la comuna de Chile Chico agradeci\u00f3 ser parte de esta importante reuni\u00f3n e indic\u00f3 \u201cclaramente es una tremenda posibilidad de avanzar, tenemos la informaci\u00f3n de primera fuente, la informaci\u00f3n clara y precisa y por supuesto tambi\u00e9n el compromiso y vemos la voluntad del Seremi de poder trabajar en post de nuestra comuna que definitivamente est\u00e1 siendo muy afectada en la conectividad lacustre y en la conectividad terrestre, as\u00ed que esperamos \u00a0poder seguir avanzando en estas instancias, porque como autoridad comunal es muy importante hacerse parte de estos procesos y de poder avanzar aportando en ellos\u201d.<\/p>\n<p style=\"text-align: justify;\">Para la Consejera Regional por la provincia de Ays\u00e9n Paola Rodr\u00edguez, instancias como estas posibilitan traer desde Puerto Cisnes todas las inquietudes respecto a la Ruta 7 Norte y con respecto a lo que est\u00e1 pasando en los puentes de acceso a la localidad de La Junta. \u201cNos hemos encontrado con una conversaci\u00f3n bastante amena, sincera, lo que se agradece. Tambi\u00e9n,\u00a0 saber lo que est\u00e1 ocurriendo en toda la Ruta 7 Norte y nos hemos encontrado con una serie de problem\u00e1ticas tambi\u00e9n en la zona sur, Chile Chico y Cochrane, lo que nos entrega una mayor responsabilidad y trabajado conjunto que debemos realizar con nuestro Seremi del MOP. Nosotros vinimos con la misi\u00f3n de entregar las inquietudes, darle la bienvenida a la nueva autoridad del MOP y esperamos pronto pueda ir a nuestro territorio para dar respuesta a las inquietudes que vinimos a plantear. Queremos hacer un llamado a nuestra comunidad, a la gente de nuestro territorio a transitar con precauci\u00f3n, a tener paciencia, las Rutas no est\u00e1n nada f\u00e1ciles y a tomar todo con m\u00e1s responsabilidad, salir con anticipaci\u00f3n y no con premura. Tambi\u00e9n, es importante recalcar a nuestra gente que se informen sobre el estado de las Rutas, sobre los cortes que hay en las distintas localidades -est\u00e1n puestos los letreros-, a trav\u00e9s de las diferentes p\u00e1ginas y whatsapp para que no tengan que estar por tiempos prolongados en la Ruta esperando que se habilite, as\u00ed que llamar a la gente a tener mucha precauci\u00f3n y m\u00e1s en esta \u00e9poca en donde ya se nos viene el invierno y en donde la lluvia va a ser el fuerte\u201d.<\/p>\n<\/div><\/section><\/div><\/p>\n<div  style='height:50px' class='hr hr-invisible   avia-builder-el-6  el_after_av_one_full  el_before_av_social_share '><span class='hr-inner ' ><span class='hr-inner-style'><\/span><\/span><\/div>\n<div  class='av-social-sharing-box  avia-builder-el-7  el_after_av_hr  el_before_av_hr  '><div class='av-share-box'><h5 class='av-share-link-description av-no-toc '>Compartir esta noticia<\/h5><ul class='av-share-box-list noLightbox'><li class='av-share-link av-social-link-facebook' ><a target=\"_blank\" aria-label=\"Compartir en Facebook\" href='https:\/\/www.facebook.com\/sharer.php?u=https:\/\/radiorevelacionfm.cl\/?p=15696&#038;t=MOP%20y%20representantes%20de%20comunidad%20impulsan%20trabajo%20conjunto%20con%20zonas%20norte%20y%20centro%20sur%20de%20la%20regi%C3%B3n%20de%20Ays%C3%A9n' aria-hidden='false' data-av_icon='\ue8f3' data-av_iconfont='entypo-fontello' title='' data-avia-related-tooltip='Compartir en Facebook' rel=\"noopener\"><span class='avia_hidden_link_text'>Compartir en Facebook<\/span><\/a><\/li><li class='av-share-link av-social-link-twitter' ><a target=\"_blank\" aria-label=\"Compartir en Twitter\" href='https:\/\/twitter.com\/share?text=MOP%20y%20representantes%20de%20comunidad%20impulsan%20trabajo%20conjunto%20con%20zonas%20norte%20y%20centro%20sur%20de%20la%20regi%C3%B3n%20de%20Ays%C3%A9n&#038;url=https:\/\/radiorevelacionfm.cl\/?p=15696' aria-hidden='false' data-av_icon='\ue8f1' data-av_iconfont='entypo-fontello' title='' data-avia-related-tooltip='Compartir en Twitter' rel=\"noopener\"><span class='avia_hidden_link_text'>Compartir en Twitter<\/span><\/a><\/li><li class='av-share-link av-social-link-whatsapp' ><a target=\"_blank\" aria-label=\"Compartir en Whatsapp\" href='https:\/\/api.whatsapp.com\/send?text=https:\/\/radiorevelacionfm.cl\/?p=15696' aria-hidden='false' data-av_icon='\uf232' data-av_iconfont='entypo-fontello' title='' data-avia-related-tooltip='Compartir en Whatsapp' rel=\"noopener\"><span class='avia_hidden_link_text'>Compartir en Whatsapp<\/span><\/a><\/li><li class='av-share-link av-social-link-linkedin' ><a target=\"_blank\" aria-label=\"Compartir en LinkedIn\" href='https:\/\/linkedin.com\/shareArticle?mini=true&#038;title=MOP%20y%20representantes%20de%20comunidad%20impulsan%20trabajo%20conjunto%20con%20zonas%20norte%20y%20centro%20sur%20de%20la%20regi%C3%B3n%20de%20Ays%C3%A9n&#038;url=https:\/\/radiorevelacionfm.cl\/?p=15696' aria-hidden='false' data-av_icon='\ue8fc' data-av_iconfont='entypo-fontello' title='' data-avia-related-tooltip='Compartir en LinkedIn' rel=\"noopener\"><span class='avia_hidden_link_text'>Compartir en LinkedIn<\/span><\/a><\/li><li class='av-share-link av-social-link-mail' ><a  aria-label=\"Compartir por correo\" href='mailto:?subject=MOP%20y%20representantes%20de%20comunidad%20impulsan%20trabajo%20conjunto%20con%20zonas%20norte%20y%20centro%20sur%20de%20la%20regi%C3%B3n%20de%20Ays%C3%A9n&#038;body=https:\/\/radiorevelacionfm.cl\/?p=15696' aria-hidden='false' data-av_icon='\ue805' data-av_iconfont='entypo-fontello' title='' data-avia-related-tooltip='Compartir por correo'><span class='avia_hidden_link_text'>Compartir por correo<\/span><\/a><\/li><\/ul><\/div><\/div>\n<div  style='height:50px' class='hr hr-invisible   avia-builder-el-8  el_after_av_social_share  el_before_av_comments_list '><span class='hr-inner ' ><span class='hr-inner-style'><\/span><\/span><\/div>\n<div  class='av-buildercomment  av-blog-meta-html-info-disabled av-blog-meta-tag-disabled  '><\/div>\n","protected":false},"excerpt":{"rendered":"","protected":false},"author":1,"featured_media":15697,"comment_status":"open","ping_status":"open","sticky":false,"template":"","format":"standard","meta":{"footnotes":""},"categories":[38],"tags":[],"class_list":["post-15696","post","type-post","status-publish","format-standard","has-post-thumbnail","hentry","category-regional"],"jetpack_featured_media_url":"https:\/\/radiorevelacionfm.cl\/wp-content\/uploads\/2022\/04\/CUATRO-2-1-1.jpg","_links":{"self":[{"href":"https:\/\/radiorevelacionfm.cl\/index.php?rest_route=\/wp\/v2\/posts\/15696","targetHints":{"allow":["GET"]}}],"collection":[{"href":"https:\/\/radiorevelacionfm.cl\/index.php?rest_route=\/wp\/v2\/posts"}],"about":[{"href":"https:\/\/radiorevelacionfm.cl\/index.php?rest_route=\/wp\/v2\/types\/post"}],"author":[{"embeddable":true,"href":"https:\/\/radiorevelacionfm.cl\/index.php?rest_route=\/wp\/v2\/users\/1"}],"replies":[{"embeddable":true,"href":"https:\/\/radiorevelacionfm.cl\/index.php?rest_route=%2Fwp%2Fv2%2Fcomments&post=15696"}],"version-history":[{"count":3,"href":"https:\/\/radiorevelacionfm.cl\/index.php?rest_route=\/wp\/v2\/posts\/15696\/revisions"}],"predecessor-version":[{"id":15700,"href":"https:\/\/radiorevelacionfm.cl\/index.php?rest_route=\/wp\/v2\/posts\/15696\/revisions\/15700"}],"wp:featuredmedia":[{"embeddable":true,"href":"https:\/\/radiorevelacionfm.cl\/index.php?rest_route=\/wp\/v2\/media\/15697"}],"wp:attachment":[{"href":"https:\/\/radiorevelacionfm.cl\/index.php?rest_route=%2Fwp%2Fv2%2Fmedia&parent=15696"}],"wp:term":[{"taxonomy":"category","embeddable":true,"href":"https:\/\/radiorevelacionfm.cl\/index.php?rest_route=%2Fwp%2Fv2%2Fcategories&post=15696"},{"taxonomy":"post_tag","embeddable":true,"href":"https:\/\/radiorevelacionfm.cl\/index.php?rest_route=%2Fwp%2Fv2%2Ftags&post=15696"}],"curies":[{"name":"wp","href":"https:\/\/api.w.org\/{rel}","templated":true}]}}