{"id":15691,"date":"2022-04-11T17:31:34","date_gmt":"2022-04-11T20:31:34","guid":{"rendered":"https:\/\/radiorevelacionfm.cl\/?p=15691"},"modified":"2022-04-11T17:31:34","modified_gmt":"2022-04-11T20:31:34","slug":"delegado-rodrigo-araya-destaca-plan-de-recuperacion-inclusiva-en-primer-mes-de-gobierno","status":"publish","type":"post","link":"https:\/\/radiorevelacionfm.cl\/?p=15691","title":{"rendered":"Delegado Rodrigo Araya destaca Plan de Recuperaci\u00f3n Inclusiva en primer mes de Gobierno"},"content":{"rendered":"<div class=\"flex_column av_one_full  flex_column_div av-zero-column-padding first  avia-builder-el-0  el_before_av_one_full  avia-builder-el-first  \" style='border-radius:0px; '><div  class='avia-image-container  av-styling-    avia-builder-el-1  avia-builder-el-no-sibling  avia-align-center '  itemprop=\"image\" itemscope=\"itemscope\" itemtype=\"https:\/\/schema.org\/ImageObject\"  ><div class='avia-image-container-inner'><div class='avia-image-overlay-wrap'><img decoding=\"async\" class='wp-image-15692 avia-img-lazy-loading-not-15692 avia_image' src=\"https:\/\/radiorevelacionfm.cl\/wp-content\/uploads\/2022\/04\/Delegado-Rodrigo-Araya-1-1.jpg\" alt='' title='Delegado Rodrigo Araya (1) (1)' height=\"600\" width=\"941\"  itemprop=\"thumbnailUrl\" srcset=\"https:\/\/radiorevelacionfm.cl\/wp-content\/uploads\/2022\/04\/Delegado-Rodrigo-Araya-1-1.jpg 941w, https:\/\/radiorevelacionfm.cl\/wp-content\/uploads\/2022\/04\/Delegado-Rodrigo-Araya-1-1-300x191.jpg 300w, https:\/\/radiorevelacionfm.cl\/wp-content\/uploads\/2022\/04\/Delegado-Rodrigo-Araya-1-1-768x490.jpg 768w, https:\/\/radiorevelacionfm.cl\/wp-content\/uploads\/2022\/04\/Delegado-Rodrigo-Araya-1-1-705x450.jpg 705w, https:\/\/radiorevelacionfm.cl\/wp-content\/uploads\/2022\/04\/Delegado-Rodrigo-Araya-1-1-600x383.jpg 600w\" sizes=\"(max-width: 941px) 100vw, 941px\" \/><\/div><\/div><\/div><\/div><div class=\"flex_column av_one_full  flex_column_div av-zero-column-padding first  avia-builder-el-2  el_after_av_one_full  el_before_av_one_full  column-top-margin\" style='border-radius:0px; '><section class=\"av_textblock_section \"  itemscope=\"itemscope\" itemtype=\"https:\/\/schema.org\/BlogPosting\" itemprop=\"blogPost\" ><div class='avia_textblock  '   itemprop=\"text\" ><p style=\"text-align: center;\"><strong><span style=\"font-size: 18pt;\">Delegado Rodrigo Araya destaca Plan de Recuperaci\u00f3n Inclusiva en primer mes de Gobierno<\/span><\/strong><\/p>\n<div id=\"gtx-trans\" style=\"position: absolute; left: -50px; top: 4.31534px;\">\n<div class=\"gtx-trans-icon\"><\/div>\n<\/div>\n<\/div><\/section><\/div><div class=\"flex_column av_one_full  flex_column_div av-zero-column-padding first  avia-builder-el-4  el_after_av_one_full  el_before_av_hr  column-top-margin\" style='border-radius:0px; '><section class=\"av_textblock_section \"  itemscope=\"itemscope\" itemtype=\"https:\/\/schema.org\/BlogPosting\" itemprop=\"blogPost\" ><div class='avia_textblock  '   itemprop=\"text\" ><p style=\"font-weight: 400; text-align: justify;\">La importancia del Plan de Recuperaci\u00f3n Inclusiva Chile Apoya y la gesti\u00f3n activa de las secretar\u00edas regionales ministeriales ya definidas en todos los sectores, destac\u00f3 el Delegado Presidencial Regional, Rodrigo Araya Morales, en el marco del primer mes de Gobierno.<\/p>\n<p style=\"font-weight: 400; text-align: justify;\">Sobre el Plan Chile Apoya destac\u00f3 que seis ejes sustentan la propuesta: reincorporaci\u00f3n al trabajo formal remunerado; inversi\u00f3n p\u00fablica; apoyo a sectores rezagados en la recuperaci\u00f3n; impulso a las MiPyMEs; ingresos y costo de vida; e institucionalizaci\u00f3n de mecanismos de protecci\u00f3n econ\u00f3mica y social.<\/p>\n<p style=\"font-weight: 400; text-align: justify;\">Indic\u00f3 que se trata de 21 medidas que implican una inversi\u00f3n que supera los 3.700 millones de d\u00f3lares, orientados a hacer frente a las dificultades que ha dejado la pandemia.<\/p>\n<p style=\"font-weight: 400; text-align: justify;\">Esta inversi\u00f3n se distribuye en 1.386 millones de d\u00f3lares para generaci\u00f3n de empleo y apoyo a sectores rezagados; 1.340 millones de d\u00f3lares en ayudas directas a las familias y 1.000 millones de d\u00f3lares en apoyo a las MiPyMEs.<\/p>\n<p style=\"font-weight: 400; text-align: justify;\">\u201cPara que sepan que hay un inter\u00e9s real de nuestro Gobierno, de poder ayudar. Estamos atentos a las necesidades de nuestra gente y seguimos participando activamente y con muchas ganas, junto con todas nuestras seremis y funcionarios p\u00fablicos, para poder acercar el Gobierno a las personas\u201d, indic\u00f3.<\/p>\n<p style=\"font-weight: 400; text-align: justify;\">Por otro lado, enfatiz\u00f3 la articulaci\u00f3n inmediata con instituciones, gremios y organizaciones de diversos sectores de la comunidad, para propiciar la debida comunicaci\u00f3n y coordinaci\u00f3n que requiere la gesti\u00f3n p\u00fablico privada.<\/p>\n<p style=\"font-weight: 400; text-align: justify;\">\u201cEn este primer mes hemos tenido muchas actividades, hemos podido conversar con agrupaciones sociales, agrupaciones gremiales, representantes de distintos sectores, el mundo de la ciencia, de la educaci\u00f3n, juntas vecinales, adultos mayores, entre muchas otras. Tambi\u00e9n hemos tenido conversaciones con distintas instituciones, hemos podido instalar nuestras seremis en todas las reparticiones p\u00fablicas, que est\u00e1n trabajando desde la semana pasada, con mucha intensidad para ir resolviendo las problem\u00e1ticas y tenemos muchas cosas por hacer\u201d, concluy\u00f3.<\/p>\n<p style=\"font-weight: 400; text-align: justify;\">Por \u00faltimo, Rodrigo Araya destac\u00f3 el trabajo que est\u00e1n desarrollando a nivel provincial los delegados presidenciales provinciales Marta Montiel de Capit\u00e1n Prat, Daniel Fern\u00e1ndez M\u00e1rquez de General Carrera y Jorge Salfate Aguayo de la provincia de Ays\u00e9n, al servicio de la comunidad regional.<\/p>\n<\/div><\/section><\/div><div  style='height:50px' class='hr hr-invisible   avia-builder-el-6  el_after_av_one_full  el_before_av_social_share '><span class='hr-inner ' ><span class='hr-inner-style'><\/span><\/span><\/div><\/p>\n<div  class='av-social-sharing-box  avia-builder-el-7  el_after_av_hr  el_before_av_hr  '><div class='av-share-box'><h5 class='av-share-link-description av-no-toc '>Compartir esta noticia<\/h5><ul class='av-share-box-list noLightbox'><li class='av-share-link av-social-link-facebook' ><a target=\"_blank\" aria-label=\"Compartir en Facebook\" href='https:\/\/www.facebook.com\/sharer.php?u=https:\/\/radiorevelacionfm.cl\/?p=15691&#038;t=Delegado%20Rodrigo%20Araya%20destaca%20Plan%20de%20Recuperaci%C3%B3n%20Inclusiva%20en%20primer%20mes%20de%20Gobierno' aria-hidden='false' data-av_icon='\ue8f3' data-av_iconfont='entypo-fontello' title='' data-avia-related-tooltip='Compartir en Facebook' rel=\"noopener\"><span class='avia_hidden_link_text'>Compartir en Facebook<\/span><\/a><\/li><li class='av-share-link av-social-link-twitter' ><a target=\"_blank\" aria-label=\"Compartir en Twitter\" href='https:\/\/twitter.com\/share?text=Delegado%20Rodrigo%20Araya%20destaca%20Plan%20de%20Recuperaci%C3%B3n%20Inclusiva%20en%20primer%20mes%20de%20Gobierno&#038;url=https:\/\/radiorevelacionfm.cl\/?p=15691' aria-hidden='false' data-av_icon='\ue8f1' data-av_iconfont='entypo-fontello' title='' data-avia-related-tooltip='Compartir en Twitter' rel=\"noopener\"><span class='avia_hidden_link_text'>Compartir en Twitter<\/span><\/a><\/li><li class='av-share-link av-social-link-whatsapp' ><a target=\"_blank\" aria-label=\"Compartir en Whatsapp\" href='https:\/\/api.whatsapp.com\/send?text=https:\/\/radiorevelacionfm.cl\/?p=15691' aria-hidden='false' data-av_icon='\uf232' data-av_iconfont='entypo-fontello' title='' data-avia-related-tooltip='Compartir en Whatsapp' rel=\"noopener\"><span class='avia_hidden_link_text'>Compartir en Whatsapp<\/span><\/a><\/li><li class='av-share-link av-social-link-linkedin' ><a target=\"_blank\" aria-label=\"Compartir en LinkedIn\" href='https:\/\/linkedin.com\/shareArticle?mini=true&#038;title=Delegado%20Rodrigo%20Araya%20destaca%20Plan%20de%20Recuperaci%C3%B3n%20Inclusiva%20en%20primer%20mes%20de%20Gobierno&#038;url=https:\/\/radiorevelacionfm.cl\/?p=15691' aria-hidden='false' data-av_icon='\ue8fc' data-av_iconfont='entypo-fontello' title='' data-avia-related-tooltip='Compartir en LinkedIn' rel=\"noopener\"><span class='avia_hidden_link_text'>Compartir en LinkedIn<\/span><\/a><\/li><li class='av-share-link av-social-link-mail' ><a  aria-label=\"Compartir por correo\" href='mailto:?subject=Delegado%20Rodrigo%20Araya%20destaca%20Plan%20de%20Recuperaci%C3%B3n%20Inclusiva%20en%20primer%20mes%20de%20Gobierno&#038;body=https:\/\/radiorevelacionfm.cl\/?p=15691' aria-hidden='false' data-av_icon='\ue805' data-av_iconfont='entypo-fontello' title='' data-avia-related-tooltip='Compartir por correo'><span class='avia_hidden_link_text'>Compartir por correo<\/span><\/a><\/li><\/ul><\/div><\/div>\n<div  style='height:50px' class='hr hr-invisible   avia-builder-el-8  el_after_av_social_share  el_before_av_comments_list '><span class='hr-inner ' ><span class='hr-inner-style'><\/span><\/span><\/div>\n<div  class='av-buildercomment  av-blog-meta-html-info-disabled av-blog-meta-tag-disabled  '><\/div>\n","protected":false},"excerpt":{"rendered":"","protected":false},"author":1,"featured_media":15692,"comment_status":"open","ping_status":"open","sticky":false,"template":"","format":"standard","meta":{"footnotes":""},"categories":[38],"tags":[],"class_list":["post-15691","post","type-post","status-publish","format-standard","has-post-thumbnail","hentry","category-regional"],"jetpack_featured_media_url":"https:\/\/radiorevelacionfm.cl\/wp-content\/uploads\/2022\/04\/Delegado-Rodrigo-Araya-1-1.jpg","_links":{"self":[{"href":"https:\/\/radiorevelacionfm.cl\/index.php?rest_route=\/wp\/v2\/posts\/15691","targetHints":{"allow":["GET"]}}],"collection":[{"href":"https:\/\/radiorevelacionfm.cl\/index.php?rest_route=\/wp\/v2\/posts"}],"about":[{"href":"https:\/\/radiorevelacionfm.cl\/index.php?rest_route=\/wp\/v2\/types\/post"}],"author":[{"embeddable":true,"href":"https:\/\/radiorevelacionfm.cl\/index.php?rest_route=\/wp\/v2\/users\/1"}],"replies":[{"embeddable":true,"href":"https:\/\/radiorevelacionfm.cl\/index.php?rest_route=%2Fwp%2Fv2%2Fcomments&post=15691"}],"version-history":[{"count":2,"href":"https:\/\/radiorevelacionfm.cl\/index.php?rest_route=\/wp\/v2\/posts\/15691\/revisions"}],"predecessor-version":[{"id":15695,"href":"https:\/\/radiorevelacionfm.cl\/index.php?rest_route=\/wp\/v2\/posts\/15691\/revisions\/15695"}],"wp:featuredmedia":[{"embeddable":true,"href":"https:\/\/radiorevelacionfm.cl\/index.php?rest_route=\/wp\/v2\/media\/15692"}],"wp:attachment":[{"href":"https:\/\/radiorevelacionfm.cl\/index.php?rest_route=%2Fwp%2Fv2%2Fmedia&parent=15691"}],"wp:term":[{"taxonomy":"category","embeddable":true,"href":"https:\/\/radiorevelacionfm.cl\/index.php?rest_route=%2Fwp%2Fv2%2Fcategories&post=15691"},{"taxonomy":"post_tag","embeddable":true,"href":"https:\/\/radiorevelacionfm.cl\/index.php?rest_route=%2Fwp%2Fv2%2Ftags&post=15691"}],"curies":[{"name":"wp","href":"https:\/\/api.w.org\/{rel}","templated":true}]}}