{"id":15682,"date":"2022-04-11T13:58:19","date_gmt":"2022-04-11T16:58:19","guid":{"rendered":"https:\/\/radiorevelacionfm.cl\/?p=15682"},"modified":"2022-04-11T13:58:50","modified_gmt":"2022-04-11T16:58:50","slug":"diputado-alinco-por-quinto-retiro-el-ministro-marcel-esta-haciendo-un-dano-terrible-y-tal-vez-irremediable-al-gobierno-de-gabriel-boric","status":"publish","type":"post","link":"https:\/\/radiorevelacionfm.cl\/?p=15682","title":{"rendered":"Diputado Alinco por quinto retiro: \u201cEl ministro Marcel est\u00e1 haciendo un da\u00f1o terrible y tal vez irremediable al gobierno de Gabriel Boric\u201d"},"content":{"rendered":"<div class=\"flex_column av_one_full  flex_column_div av-zero-column-padding first  avia-builder-el-0  el_before_av_one_full  avia-builder-el-first  \" style='border-radius:0px; '><div  class='avia-image-container  av-styling-    avia-builder-el-1  avia-builder-el-no-sibling  avia-align-center '  itemprop=\"image\" itemscope=\"itemscope\" itemtype=\"https:\/\/schema.org\/ImageObject\"  ><div class='avia-image-container-inner'><div class='avia-image-overlay-wrap'><img decoding=\"async\" class='wp-image-13385 avia-img-lazy-loading-not-13385 avia_image' src=\"https:\/\/radiorevelacionfm.cl\/wp-content\/uploads\/2022\/01\/Diputado-R-Alinco-1-1.jpeg\" alt='' title='Diputado R Alinco (1) (1)' height=\"600\" width=\"899\"  itemprop=\"thumbnailUrl\" srcset=\"https:\/\/radiorevelacionfm.cl\/wp-content\/uploads\/2022\/01\/Diputado-R-Alinco-1-1.jpeg 899w, https:\/\/radiorevelacionfm.cl\/wp-content\/uploads\/2022\/01\/Diputado-R-Alinco-1-1-300x200.jpeg 300w, https:\/\/radiorevelacionfm.cl\/wp-content\/uploads\/2022\/01\/Diputado-R-Alinco-1-1-768x513.jpeg 768w, https:\/\/radiorevelacionfm.cl\/wp-content\/uploads\/2022\/01\/Diputado-R-Alinco-1-1-705x471.jpeg 705w, https:\/\/radiorevelacionfm.cl\/wp-content\/uploads\/2022\/01\/Diputado-R-Alinco-1-1-600x400.jpeg 600w\" sizes=\"(max-width: 899px) 100vw, 899px\" \/><\/div><\/div><\/div><\/div>\n<div class=\"flex_column av_one_full  flex_column_div av-zero-column-padding first  avia-builder-el-2  el_after_av_one_full  el_before_av_one_full  column-top-margin\" style='border-radius:0px; '><section class=\"av_textblock_section \"  itemscope=\"itemscope\" itemtype=\"https:\/\/schema.org\/BlogPosting\" itemprop=\"blogPost\" ><div class='avia_textblock  '   itemprop=\"text\" ><p style=\"text-align: center;\"><span style=\"font-size: 18pt;\"><strong>Diputado Alinco por quinto retiro: \u201cEl ministro Marcel est\u00e1 haciendo un da\u00f1o terrible y tal vez irremediable al gobierno de Gabriel Boric\u201d<\/strong><\/span><\/p>\n<div id=\"gtx-trans\" style=\"position: absolute; left: -50px; top: 4.31534px;\">\n<div class=\"gtx-trans-icon\"><\/div>\n<\/div>\n<\/div><\/section><\/div><div class=\"flex_column av_one_full  flex_column_div av-zero-column-padding first  avia-builder-el-4  el_after_av_one_full  el_before_av_hr  column-top-margin\" style='border-radius:0px; '><section class=\"av_textblock_section \"  itemscope=\"itemscope\" itemtype=\"https:\/\/schema.org\/BlogPosting\" itemprop=\"blogPost\" ><div class='avia_textblock  '   itemprop=\"text\" ><p style=\"text-align: justify;\">Antes de ingresar a la sesi\u00f3n especial de la comisi\u00f3n Constituci\u00f3n de la C\u00e1mara de Diputadas y Diputados donde inici\u00f3 la discusi\u00f3n del proyecto que busca el quinto retiro de los fondos previsionales (en general), el parlamentario aysenino, Ren\u00e9 Alinco Bustos, realiz\u00f3 un punto de prensa ante medios nacionales donde no dud\u00f3 en criticar la insistencia del ministro de Hacienda, Mario Marcel, de seguir levantando una negativa al proyecto fusionado que es esperado por miles de trabajadoras y trabajadores del pa\u00eds.<\/p>\n<p style=\"text-align: justify;\">\u201cEl ministro Marcel est\u00e1 apagando el fuego con bencina\u201d, dijo el diputado Alinco respecto de las declaraciones del secretario de Estado quien llam\u00f3 a los parlamentarios del oficialismo a \u201ctomar una decisi\u00f3n valiente\u201d, con el fin de que desistan en su apoyo a la iniciativa que cada d\u00eda va superando barreras en su camino legislativo, producto de ello, durante la jornada del lunes, Alinco y sus pares de grupo de autores de los proyectos fusionados, defender\u00e1n la posici\u00f3n de las y los trabajadores para continuar con la siguiente sesi\u00f3n del martes 12 donde se espera poder culminar a total despacho desde la instancia presidida por Karol Cariola.<\/p>\n<p style=\"text-align: justify;\">\u201cEl ministro Marcel est\u00e1 haciendo un da\u00f1o terrible y tal vez irremediable al gobierno de Gabriel Boric\u201d, agreg\u00f3 el diputado independiente, se\u00f1alando que los argumentos del ministro \u201cson falsos\u2026 \u00e9l dijo que de aprobarse el cuarto retiro se iba a producir inflaci\u00f3n y crisis econ\u00f3mica en Chile, el cuarto retiro no se aprob\u00f3 pero igual el poder adquisitivo de los trabajadores chilenos ha disminuido\u2026por lo tanto, lo que dice Marcel hoy d\u00eda y que ha salido por los distintos medios de comunicaci\u00f3n, me atrevo a decir es falso\u201d, sostuvo el parlamentario, remarcando que con quinto retiro o sin quinto retiro, la inflaci\u00f3n va a continuar.<\/p>\n<p style=\"text-align: justify;\">Asimismo, respecto de las declaraciones del secretario de la cartera de Hacienda, Alinco enfatiz\u00f3 en que la C\u00e1mara de Diputadas y Diputados es aut\u00f3noma, \u201cno recibe \u00f3rdenes de ning\u00fan ministro\u201d, dijo, haciendo un llamado a sus pares de los partidos oficialistas, \u201choy tenemos que mostrar consecuencia, no con Marcel, sino que con los trabajadores que necesitan su plata, para sus necesidades b\u00e1sicas para vivir\u2026\u201d, cerr\u00f3 el parlamentario en su declaraci\u00f3n, a\u00f1adiendo que espera que los miembros de la comisi\u00f3n Constituci\u00f3n voten a favor la idea de legislar el proyecto fusionado para que as\u00ed pueda pasar a Sala y \u201cel quinto retiro se haga una realidad\u201d.<\/p>\n<\/div><\/section><\/div><\/p>\n<div  style='height:50px' class='hr hr-invisible   avia-builder-el-6  el_after_av_one_full  el_before_av_social_share '><span class='hr-inner ' ><span class='hr-inner-style'><\/span><\/span><\/div>\n<div  class='av-social-sharing-box  avia-builder-el-7  el_after_av_hr  el_before_av_hr  '><div class='av-share-box'><h5 class='av-share-link-description av-no-toc '>Compartir esta noticia<\/h5><ul class='av-share-box-list noLightbox'><li class='av-share-link av-social-link-facebook' ><a target=\"_blank\" aria-label=\"Compartir en Facebook\" href='https:\/\/www.facebook.com\/sharer.php?u=https:\/\/radiorevelacionfm.cl\/?p=15682&#038;t=Diputado%20Alinco%20por%20quinto%20retiro%3A%20%E2%80%9CEl%20ministro%20Marcel%20est%C3%A1%20haciendo%20un%20da%C3%B1o%20terrible%20y%20tal%20vez%20irremediable%20al%20gobierno%20de%20Gabriel%20Boric%E2%80%9D' aria-hidden='false' data-av_icon='\ue8f3' data-av_iconfont='entypo-fontello' title='' data-avia-related-tooltip='Compartir en Facebook' rel=\"noopener\"><span class='avia_hidden_link_text'>Compartir en Facebook<\/span><\/a><\/li><li class='av-share-link av-social-link-twitter' ><a target=\"_blank\" aria-label=\"Compartir en Twitter\" href='https:\/\/twitter.com\/share?text=Diputado%20Alinco%20por%20quinto%20retiro%3A%20%E2%80%9CEl%20ministro%20Marcel%20est%C3%A1%20haciendo%20un%20da%C3%B1o%20terrible%20y%20tal%20vez%20irremediable%20al%20gobierno%20de%20Gabriel%20Boric%E2%80%9D&#038;url=https:\/\/radiorevelacionfm.cl\/?p=15682' aria-hidden='false' data-av_icon='\ue8f1' data-av_iconfont='entypo-fontello' title='' data-avia-related-tooltip='Compartir en Twitter' rel=\"noopener\"><span class='avia_hidden_link_text'>Compartir en Twitter<\/span><\/a><\/li><li class='av-share-link av-social-link-whatsapp' ><a target=\"_blank\" aria-label=\"Compartir en Whatsapp\" href='https:\/\/api.whatsapp.com\/send?text=https:\/\/radiorevelacionfm.cl\/?p=15682' aria-hidden='false' data-av_icon='\uf232' data-av_iconfont='entypo-fontello' title='' data-avia-related-tooltip='Compartir en Whatsapp' rel=\"noopener\"><span class='avia_hidden_link_text'>Compartir en Whatsapp<\/span><\/a><\/li><li class='av-share-link av-social-link-linkedin' ><a target=\"_blank\" aria-label=\"Compartir en LinkedIn\" href='https:\/\/linkedin.com\/shareArticle?mini=true&#038;title=Diputado%20Alinco%20por%20quinto%20retiro%3A%20%E2%80%9CEl%20ministro%20Marcel%20est%C3%A1%20haciendo%20un%20da%C3%B1o%20terrible%20y%20tal%20vez%20irremediable%20al%20gobierno%20de%20Gabriel%20Boric%E2%80%9D&#038;url=https:\/\/radiorevelacionfm.cl\/?p=15682' aria-hidden='false' data-av_icon='\ue8fc' data-av_iconfont='entypo-fontello' title='' data-avia-related-tooltip='Compartir en LinkedIn' rel=\"noopener\"><span class='avia_hidden_link_text'>Compartir en LinkedIn<\/span><\/a><\/li><li class='av-share-link av-social-link-mail' ><a  aria-label=\"Compartir por correo\" href='mailto:?subject=Diputado%20Alinco%20por%20quinto%20retiro%3A%20%E2%80%9CEl%20ministro%20Marcel%20est%C3%A1%20haciendo%20un%20da%C3%B1o%20terrible%20y%20tal%20vez%20irremediable%20al%20gobierno%20de%20Gabriel%20Boric%E2%80%9D&#038;body=https:\/\/radiorevelacionfm.cl\/?p=15682' aria-hidden='false' data-av_icon='\ue805' data-av_iconfont='entypo-fontello' title='' data-avia-related-tooltip='Compartir por correo'><span class='avia_hidden_link_text'>Compartir por correo<\/span><\/a><\/li><\/ul><\/div><\/div>\n<div  style='height:50px' class='hr hr-invisible   avia-builder-el-8  el_after_av_social_share  el_before_av_comments_list '><span class='hr-inner ' ><span class='hr-inner-style'><\/span><\/span><\/div>\n<div  class='av-buildercomment  av-blog-meta-html-info-disabled av-blog-meta-tag-disabled  '><\/div>\n","protected":false},"excerpt":{"rendered":"","protected":false},"author":1,"featured_media":13385,"comment_status":"open","ping_status":"open","sticky":false,"template":"","format":"standard","meta":{"footnotes":""},"categories":[35],"tags":[],"class_list":["post-15682","post","type-post","status-publish","format-standard","has-post-thumbnail","hentry","category-politica"],"jetpack_featured_media_url":"https:\/\/radiorevelacionfm.cl\/wp-content\/uploads\/2022\/01\/Diputado-R-Alinco-1-1.jpeg","_links":{"self":[{"href":"https:\/\/radiorevelacionfm.cl\/index.php?rest_route=\/wp\/v2\/posts\/15682","targetHints":{"allow":["GET"]}}],"collection":[{"href":"https:\/\/radiorevelacionfm.cl\/index.php?rest_route=\/wp\/v2\/posts"}],"about":[{"href":"https:\/\/radiorevelacionfm.cl\/index.php?rest_route=\/wp\/v2\/types\/post"}],"author":[{"embeddable":true,"href":"https:\/\/radiorevelacionfm.cl\/index.php?rest_route=\/wp\/v2\/users\/1"}],"replies":[{"embeddable":true,"href":"https:\/\/radiorevelacionfm.cl\/index.php?rest_route=%2Fwp%2Fv2%2Fcomments&post=15682"}],"version-history":[{"count":3,"href":"https:\/\/radiorevelacionfm.cl\/index.php?rest_route=\/wp\/v2\/posts\/15682\/revisions"}],"predecessor-version":[{"id":15684,"href":"https:\/\/radiorevelacionfm.cl\/index.php?rest_route=\/wp\/v2\/posts\/15682\/revisions\/15684"}],"wp:featuredmedia":[{"embeddable":true,"href":"https:\/\/radiorevelacionfm.cl\/index.php?rest_route=\/wp\/v2\/media\/13385"}],"wp:attachment":[{"href":"https:\/\/radiorevelacionfm.cl\/index.php?rest_route=%2Fwp%2Fv2%2Fmedia&parent=15682"}],"wp:term":[{"taxonomy":"category","embeddable":true,"href":"https:\/\/radiorevelacionfm.cl\/index.php?rest_route=%2Fwp%2Fv2%2Fcategories&post=15682"},{"taxonomy":"post_tag","embeddable":true,"href":"https:\/\/radiorevelacionfm.cl\/index.php?rest_route=%2Fwp%2Fv2%2Ftags&post=15682"}],"curies":[{"name":"wp","href":"https:\/\/api.w.org\/{rel}","templated":true}]}}