{"id":15677,"date":"2022-04-11T13:44:58","date_gmt":"2022-04-11T16:44:58","guid":{"rendered":"https:\/\/radiorevelacionfm.cl\/?p=15677"},"modified":"2022-04-11T13:44:58","modified_gmt":"2022-04-11T16:44:58","slug":"con-1-festival-de-jineteadas-nocturnas-en-puerto-ibanez-se-dio-cierre-a-la-temporada-en-la-region","status":"publish","type":"post","link":"https:\/\/radiorevelacionfm.cl\/?p=15677","title":{"rendered":"Con 1\u00b0 Festival de Jineteadas nocturnas en Puerto Ib\u00e1\u00f1ez se dio cierre a la temporada en la regi\u00f3n"},"content":{"rendered":"<div class=\"flex_column av_one_full  flex_column_div av-zero-column-padding first  avia-builder-el-0  el_before_av_one_full  avia-builder-el-first  \" style='border-radius:0px; '><div  class='avia-image-container  av-styling-    avia-builder-el-1  avia-builder-el-no-sibling  avia-align-center '  itemprop=\"image\" itemscope=\"itemscope\" itemtype=\"https:\/\/schema.org\/ImageObject\"  ><div class='avia-image-container-inner'><div class='avia-image-overlay-wrap'><img decoding=\"async\" class='wp-image-15679 avia-img-lazy-loading-not-15679 avia_image' src=\"https:\/\/radiorevelacionfm.cl\/wp-content\/uploads\/2022\/04\/Jineteadas-nocturnas-2-1-1.jpeg\" alt='' title='Jineteadas nocturnas (2) (1) (1)' height=\"600\" width=\"800\"  itemprop=\"thumbnailUrl\" srcset=\"https:\/\/radiorevelacionfm.cl\/wp-content\/uploads\/2022\/04\/Jineteadas-nocturnas-2-1-1.jpeg 800w, https:\/\/radiorevelacionfm.cl\/wp-content\/uploads\/2022\/04\/Jineteadas-nocturnas-2-1-1-300x225.jpeg 300w, https:\/\/radiorevelacionfm.cl\/wp-content\/uploads\/2022\/04\/Jineteadas-nocturnas-2-1-1-768x576.jpeg 768w, https:\/\/radiorevelacionfm.cl\/wp-content\/uploads\/2022\/04\/Jineteadas-nocturnas-2-1-1-705x529.jpeg 705w, https:\/\/radiorevelacionfm.cl\/wp-content\/uploads\/2022\/04\/Jineteadas-nocturnas-2-1-1-600x450.jpeg 600w\" sizes=\"(max-width: 800px) 100vw, 800px\" \/><\/div><\/div><\/div><\/div><div class=\"flex_column av_one_full  flex_column_div av-zero-column-padding first  avia-builder-el-2  el_after_av_one_full  el_before_av_one_full  column-top-margin\" style='border-radius:0px; '><section class=\"av_textblock_section \"  itemscope=\"itemscope\" itemtype=\"https:\/\/schema.org\/BlogPosting\" itemprop=\"blogPost\" ><div class='avia_textblock  '   itemprop=\"text\" ><p style=\"text-align: center;\"><span style=\"font-size: 18pt;\"><strong>Con 1\u00b0 Festival de Jineteadas nocturnas en Puerto Ib\u00e1\u00f1ez se dio cierre a la temporada en la regi\u00f3n<\/strong><\/span><\/p>\n<\/div><\/section><\/div><div class=\"flex_column av_one_full  flex_column_div av-zero-column-padding first  avia-builder-el-4  el_after_av_one_full  el_before_av_hr  column-top-margin\" style='border-radius:0px; '><section class=\"av_textblock_section \"  itemscope=\"itemscope\" itemtype=\"https:\/\/schema.org\/BlogPosting\" itemprop=\"blogPost\" ><div class='avia_textblock  '   itemprop=\"text\" ><p style=\"text-align: justify;\">Con m\u00e1s de 60 montas se desarrollaron este fin de semana jineteadas en categor\u00eda Grupa Surera y Bastos con encimera adem\u00e1s de la presencia de 2 de los jinetes que representaron a Chile este 2022 en el Festival de Jes\u00fas Mar\u00eda Emanuel Vidal y H\u00e9ctor Silva, se desarroll\u00f3 el desaf\u00edo de Jineteadas Nocturnas en Puerto Ib\u00e1\u00f1ez, actividad organizada y financiada por el grupo de tropilleros de la regi\u00f3n de Ays\u00e9n.<\/p>\n<p style=\"text-align: justify;\">En la oportunidad al recinto de jineteadas de Puerto Ib\u00e1\u00f1ez llegaron alrededor de 40 jinetes de las comunas de Lago Verde, Coyhaique, Chile Chico, Villa O\u2019higgins, Chait\u00e9n, Cochrane, tambi\u00e9n haci\u00e9ndose presente jinetes de la regi\u00f3n de Magallanes y Teca Argentina.<\/p>\n<p style=\"text-align: justify;\">En la ocasi\u00f3n las tropillas regionales que se congregaron fueron: Los Juacos, Los Catas, La Amistosa, Los Pichones, La Sin Querencia, Los Penachos y La Leona grupo de caballos de diferentes puntos de la regi\u00f3n de Ays\u00e9n que dieron vida al cierre de las jineteadas, pero en esta oportunidad de caracter\u00edstica nocturnas.<\/p>\n<p style=\"text-align: justify;\"><strong><u>Campeones de las dos jornadas:<\/u><\/strong><\/p>\n<p style=\"text-align: justify;\"><strong>Categor\u00eda Grupa Surera:<\/strong><\/p>\n<p style=\"text-align: justify;\">3\u00b0 Claudio Guzm\u00e1n de Villa O&#8217;Higgins<br \/>\nReservado El Caldillo<\/p>\n<p style=\"text-align: justify;\">2\u00b0 Emanuel Vidal de Puerto Natales<br \/>\nReservado La Guinda<\/p>\n<p style=\"text-align: justify;\">1\u00b0 Di\u00f3genes Melo de Coyhaique<br \/>\nReservado El Roncha<\/p>\n<p style=\"text-align: justify;\"><strong>Categor\u00eda Bastos con Encimera \u201cDesaf\u00edo Tropillas\u201d<\/strong><\/p>\n<p style=\"text-align: justify;\">3\u00b0 Claudio Guzm\u00e1n de Villa O&#8217;Higgins<br \/>\nReservado El Tornado<br \/>\nTropilla Los Pichones: Jano Mancilla<\/p>\n<p style=\"text-align: justify;\">2\u00b0 Leandro Fica de Puerto Guadal<br \/>\nReservado Aguilucho<br \/>\nTropilla Los Juacos: Luigi Sol\u00eds<\/p>\n<p style=\"text-align: justify;\">1\u00b0 Di\u00f3genes Melo de Coyhaique<br \/>\nReservado El Ceniza<br \/>\nTropilla La Sin Querencia: Mirco Altamirano<\/p>\n<p style=\"text-align: justify;\">En la oportunidad el flamante ganador Jinete Di\u00f3genes Melo, coment\u00f3 estar \u201corgulloso, y siempre aguerrido al deporte de jinetear para mi es algo bueno y muy lindo este premio sin dudas se lo dedico a mi se\u00f1ora, a mi hijita Ema, y a toda mi familia\u201d.<\/p>\n<p style=\"text-align: justify;\">En tanto para el Tropillero de la Sin Querencia, don Mirco Altamirano expres\u00f3 estar muy alegre y agradeci\u00f3 al Jinete Di\u00f3genes Melo por haberle pedido el caballo. \u201cpara m\u00ed una alegr\u00eda haber ganado, yo tengo 7 caballos y hace mucho tiempo desde que empezaron las jineteadas por la regi\u00f3n estoy en esto, yo esto lo llevo por mi pap\u00e1 el ya no est\u00e1 aqu\u00ed, pero \u00e9l fue uno de los primeros tropilleros que hubo en Puerto Ib\u00e1\u00f1ez junto a Ren\u00e1n Catal\u00e1n\u201d.<\/p>\n<p style=\"text-align: justify;\">En tanto el Jinete Claudio Guzm\u00e1n qui\u00e9n obtuvo ambos 3er lugares expres\u00f3 que fue \u201cUn encuentro muy lindo primera vez en una nocturna en Puerto Ib\u00e1\u00f1ez muy contento de haber llevado ambos terceros lugares, sobretodo en el desaf\u00edo del basto con encimera con el Tropillero Jano Mancilla que es un tropillero muy bueno que siempre me considera con uno de sus caballos.<\/p>\n<p style=\"text-align: justify;\">Todo sali\u00f3 muy bien, sin accidentes graves en mi caso siempre representando a mi pueblo Villa O\u2019Higgins, agradecer a la organizaci\u00f3n y espero que esto se siga haciendo. Los dos premios se los dedico a mi pueblo Villa O\u2019Higgins, a mi pap\u00e1 y mam\u00e1, tambi\u00e9n a mi hermano que por cosas del destino se fue al cielo pero s\u00e9 que me cuida y siempre me encomiendo a que me proteja en esto de las jineteadas\u201d.<\/p>\n<p style=\"text-align: justify;\">El grupo de Tropilleros de la regi\u00f3n de Ays\u00e9n y organizadores agradecieron a los cientos de personas que se sumaron a la actividad y aportaron de manera desinteresada a la Municipalidad de R\u00edo Ib\u00e1\u00f1ez y Alcalde, Bomberos de la localidad, Concejala y enfermera Claudia Fuentes, Supermercado El Arriero de Coyhaique, planilleras, personas que cooperaron en el campo de jineteadas, jurado y payadores que pudieron ser parte del evento a pesar del fr\u00edo, y as\u00ed pudiendo disfrutar de la competencia y de la fiesta campera amenizada por el Grupo Inc\u00f3gnitos del Sabor, adem\u00e1s la organizaci\u00f3n dej\u00f3 invitados a todos los asistentes a congregarse para fiestas patrias en una nueva jornada de competencias pensando en el gran Festival de Jes\u00fas Mar\u00eda 2023.<\/p>\n<\/div><\/section><\/div><div  style='height:50px' class='hr hr-invisible   avia-builder-el-6  el_after_av_one_full  el_before_av_social_share '><span class='hr-inner ' ><span class='hr-inner-style'><\/span><\/span><\/div><\/p>\n<div  class='av-social-sharing-box  avia-builder-el-7  el_after_av_hr  el_before_av_hr  '><div class='av-share-box'><h5 class='av-share-link-description av-no-toc '>Compartir esta noticia<\/h5><ul class='av-share-box-list noLightbox'><li class='av-share-link av-social-link-facebook' ><a target=\"_blank\" aria-label=\"Compartir en Facebook\" href='https:\/\/www.facebook.com\/sharer.php?u=https:\/\/radiorevelacionfm.cl\/?p=15677&#038;t=Con%201%C2%B0%20Festival%20de%20Jineteadas%20nocturnas%20en%20Puerto%20Ib%C3%A1%C3%B1ez%20se%20dio%20cierre%20a%20la%20temporada%20en%20la%20regi%C3%B3n' aria-hidden='false' data-av_icon='\ue8f3' data-av_iconfont='entypo-fontello' title='' data-avia-related-tooltip='Compartir en Facebook' rel=\"noopener\"><span class='avia_hidden_link_text'>Compartir en Facebook<\/span><\/a><\/li><li class='av-share-link av-social-link-twitter' ><a target=\"_blank\" aria-label=\"Compartir en Twitter\" href='https:\/\/twitter.com\/share?text=Con%201%C2%B0%20Festival%20de%20Jineteadas%20nocturnas%20en%20Puerto%20Ib%C3%A1%C3%B1ez%20se%20dio%20cierre%20a%20la%20temporada%20en%20la%20regi%C3%B3n&#038;url=https:\/\/radiorevelacionfm.cl\/?p=15677' aria-hidden='false' data-av_icon='\ue8f1' data-av_iconfont='entypo-fontello' title='' data-avia-related-tooltip='Compartir en Twitter' rel=\"noopener\"><span class='avia_hidden_link_text'>Compartir en Twitter<\/span><\/a><\/li><li class='av-share-link av-social-link-whatsapp' ><a target=\"_blank\" aria-label=\"Compartir en Whatsapp\" href='https:\/\/api.whatsapp.com\/send?text=https:\/\/radiorevelacionfm.cl\/?p=15677' aria-hidden='false' data-av_icon='\uf232' data-av_iconfont='entypo-fontello' title='' data-avia-related-tooltip='Compartir en Whatsapp' rel=\"noopener\"><span class='avia_hidden_link_text'>Compartir en Whatsapp<\/span><\/a><\/li><li class='av-share-link av-social-link-linkedin' ><a target=\"_blank\" aria-label=\"Compartir en LinkedIn\" href='https:\/\/linkedin.com\/shareArticle?mini=true&#038;title=Con%201%C2%B0%20Festival%20de%20Jineteadas%20nocturnas%20en%20Puerto%20Ib%C3%A1%C3%B1ez%20se%20dio%20cierre%20a%20la%20temporada%20en%20la%20regi%C3%B3n&#038;url=https:\/\/radiorevelacionfm.cl\/?p=15677' aria-hidden='false' data-av_icon='\ue8fc' data-av_iconfont='entypo-fontello' title='' data-avia-related-tooltip='Compartir en LinkedIn' rel=\"noopener\"><span class='avia_hidden_link_text'>Compartir en LinkedIn<\/span><\/a><\/li><li class='av-share-link av-social-link-mail' ><a  aria-label=\"Compartir por correo\" href='mailto:?subject=Con%201%C2%B0%20Festival%20de%20Jineteadas%20nocturnas%20en%20Puerto%20Ib%C3%A1%C3%B1ez%20se%20dio%20cierre%20a%20la%20temporada%20en%20la%20regi%C3%B3n&#038;body=https:\/\/radiorevelacionfm.cl\/?p=15677' aria-hidden='false' data-av_icon='\ue805' data-av_iconfont='entypo-fontello' title='' data-avia-related-tooltip='Compartir por correo'><span class='avia_hidden_link_text'>Compartir por correo<\/span><\/a><\/li><\/ul><\/div><\/div>\n<div  style='height:50px' class='hr hr-invisible   avia-builder-el-8  el_after_av_social_share  el_before_av_comments_list '><span class='hr-inner ' ><span class='hr-inner-style'><\/span><\/span><\/div>\n<div  class='av-buildercomment  av-blog-meta-html-info-disabled av-blog-meta-tag-disabled  '><\/div>\n","protected":false},"excerpt":{"rendered":"","protected":false},"author":1,"featured_media":15679,"comment_status":"open","ping_status":"open","sticky":false,"template":"","format":"standard","meta":{"footnotes":""},"categories":[38],"tags":[],"class_list":["post-15677","post","type-post","status-publish","format-standard","has-post-thumbnail","hentry","category-regional"],"jetpack_featured_media_url":"https:\/\/radiorevelacionfm.cl\/wp-content\/uploads\/2022\/04\/Jineteadas-nocturnas-2-1-1.jpeg","_links":{"self":[{"href":"https:\/\/radiorevelacionfm.cl\/index.php?rest_route=\/wp\/v2\/posts\/15677","targetHints":{"allow":["GET"]}}],"collection":[{"href":"https:\/\/radiorevelacionfm.cl\/index.php?rest_route=\/wp\/v2\/posts"}],"about":[{"href":"https:\/\/radiorevelacionfm.cl\/index.php?rest_route=\/wp\/v2\/types\/post"}],"author":[{"embeddable":true,"href":"https:\/\/radiorevelacionfm.cl\/index.php?rest_route=\/wp\/v2\/users\/1"}],"replies":[{"embeddable":true,"href":"https:\/\/radiorevelacionfm.cl\/index.php?rest_route=%2Fwp%2Fv2%2Fcomments&post=15677"}],"version-history":[{"count":2,"href":"https:\/\/radiorevelacionfm.cl\/index.php?rest_route=\/wp\/v2\/posts\/15677\/revisions"}],"predecessor-version":[{"id":15681,"href":"https:\/\/radiorevelacionfm.cl\/index.php?rest_route=\/wp\/v2\/posts\/15677\/revisions\/15681"}],"wp:featuredmedia":[{"embeddable":true,"href":"https:\/\/radiorevelacionfm.cl\/index.php?rest_route=\/wp\/v2\/media\/15679"}],"wp:attachment":[{"href":"https:\/\/radiorevelacionfm.cl\/index.php?rest_route=%2Fwp%2Fv2%2Fmedia&parent=15677"}],"wp:term":[{"taxonomy":"category","embeddable":true,"href":"https:\/\/radiorevelacionfm.cl\/index.php?rest_route=%2Fwp%2Fv2%2Fcategories&post=15677"},{"taxonomy":"post_tag","embeddable":true,"href":"https:\/\/radiorevelacionfm.cl\/index.php?rest_route=%2Fwp%2Fv2%2Ftags&post=15677"}],"curies":[{"name":"wp","href":"https:\/\/api.w.org\/{rel}","templated":true}]}}