{"id":15674,"date":"2022-04-12T10:16:36","date_gmt":"2022-04-12T13:16:36","guid":{"rendered":"https:\/\/radiorevelacionfm.cl\/?p=15674"},"modified":"2022-04-12T10:16:36","modified_gmt":"2022-04-12T13:16:36","slug":"familias-de-fundacion-integra-reciben-revista-creciendo-juntos","status":"publish","type":"post","link":"https:\/\/radiorevelacionfm.cl\/?p=15674","title":{"rendered":"Familias de Fundaci\u00f3n Integra reciben Revista Creciendo Juntos"},"content":{"rendered":"<div class=\"flex_column av_one_full  flex_column_div av-zero-column-padding first  avia-builder-el-0  el_before_av_one_full  avia-builder-el-first  \" style='border-radius:0px; '><div  class='avia-image-container  av-styling-    avia-builder-el-1  avia-builder-el-no-sibling  avia-align-center '  itemprop=\"image\" itemscope=\"itemscope\" itemtype=\"https:\/\/schema.org\/ImageObject\"  ><div class='avia-image-container-inner'><div class='avia-image-overlay-wrap'><img decoding=\"async\" class='wp-image-15675 avia-img-lazy-loading-not-15675 avia_image' src=\"https:\/\/radiorevelacionfm.cl\/wp-content\/uploads\/2022\/04\/4-54a-1-1.jpg\" alt='' title='4 (54)a (1) (1)' height=\"600\" width=\"950\"  itemprop=\"thumbnailUrl\" srcset=\"https:\/\/radiorevelacionfm.cl\/wp-content\/uploads\/2022\/04\/4-54a-1-1.jpg 950w, https:\/\/radiorevelacionfm.cl\/wp-content\/uploads\/2022\/04\/4-54a-1-1-300x189.jpg 300w, https:\/\/radiorevelacionfm.cl\/wp-content\/uploads\/2022\/04\/4-54a-1-1-768x485.jpg 768w, https:\/\/radiorevelacionfm.cl\/wp-content\/uploads\/2022\/04\/4-54a-1-1-705x445.jpg 705w, https:\/\/radiorevelacionfm.cl\/wp-content\/uploads\/2022\/04\/4-54a-1-1-600x379.jpg 600w\" sizes=\"(max-width: 950px) 100vw, 950px\" \/><\/div><\/div><\/div><\/div><div class=\"flex_column av_one_full  flex_column_div av-zero-column-padding first  avia-builder-el-2  el_after_av_one_full  el_before_av_one_full  column-top-margin\" style='border-radius:0px; '><section class=\"av_textblock_section \"  itemscope=\"itemscope\" itemtype=\"https:\/\/schema.org\/BlogPosting\" itemprop=\"blogPost\" ><div class='avia_textblock  '   itemprop=\"text\" ><p style=\"text-align: center;\"><strong><span style=\"font-size: 18pt;\">Familias de Fundaci\u00f3n Integra reciben Revista Creciendo Juntos<\/span><\/strong><\/p>\n<div id=\"gtx-trans\" style=\"position: absolute; left: -50px; top: 4.31534px;\">\n<div class=\"gtx-trans-icon\"><\/div>\n<\/div>\n<\/div><\/section><\/div><div class=\"flex_column av_one_full  flex_column_div av-zero-column-padding first  avia-builder-el-4  el_after_av_one_full  el_before_av_hr  column-top-margin\" style='border-radius:0px; '><section class=\"av_textblock_section \"  itemscope=\"itemscope\" itemtype=\"https:\/\/schema.org\/BlogPosting\" itemprop=\"blogPost\" ><div class='avia_textblock  '   itemprop=\"text\" ><p style=\"font-weight: 400; text-align: justify;\">En Fundaci\u00f3n Integra se reconoce y valora a la familia como el primer educador de los ni\u00f1os\/as, ya que es el c\u00edrculo social que lo recibe y acoge, siendo responsable de su cuidado, protecci\u00f3n y formaci\u00f3n, proporcion\u00e1ndoles a su vez, un amor incondicional. Por su parte, los equipos educativos de jardines infantiles, salas cuna y modalidades no convencionales cumplen la misi\u00f3n de acompa\u00f1ar y complementar la labor de las familias, ampliando las oportunidades de aprendizaje y desarrollo desde una perspectiva profesional, fortaleciendo el proceso educativo iniciado por cada c\u00edrculo familiar, incluso desde antes del nacimiento del ni\u00f1o\/a.<\/p>\n<p style=\"font-weight: 400; text-align: justify;\">Es en ese contexto que la Direcci\u00f3n de Educaci\u00f3n de Fundaci\u00f3n Integra decidi\u00f3 dar continuidad a la \u201cRevista Creciendo Juntos\u201d que hasta la fecha ha sido parte de los dispositivos dispuestos para el fortalecimiento del rol formador de las familias de ni\u00f1os\/as entre 3 meses y 2 a\u00f1os, elaborando un nuevo material, esta vez para familias de ni\u00f1os\/as entre 2 y 5 a\u00f1os.<\/p>\n<p style=\"font-weight: 400; text-align: justify;\">La Jefa Territorial de Calidad Educativa, Ver\u00f3nica C\u00e1rcamo Galaz destac\u00f3 que \u201ces importante que las familias reciban y utilicen este material, el cual viene acompa\u00f1ado de un kit de actividades para desarrollar con sus hijos e hijas. Es una gu\u00eda muy importante para el acompa\u00f1amiento tanto educativo como emocional para los ni\u00f1os y ni\u00f1as\u201d. A la vez destac\u00f3 que \u201cesperamos que esta revista sea un aporte para las familias y que fue dise\u00f1ada para una f\u00e1cil lectura y poder compartirla en familia\u201d.<\/p>\n<p style=\"font-weight: 400; text-align: justify;\">Desde la Fundaci\u00f3n esperan que este material educativo pueda acompa\u00f1ar a las familias, con el fin de fortalecer su rol educador, facilitando el conocimiento y comprensi\u00f3n del proceso de desarrollo y aprendizaje de los ni\u00f1os\/as, proporcionando informaci\u00f3n y sugiriendo acciones cotidianas en distintas instancias en que es posible favorecer aprendizajes en el hogar, mediante un lenguaje cercano y amigable.<\/p>\n<p style=\"font-weight: 400; text-align: justify;\">\u201cLos invitamos a conocer este nuevo recurso que sin duda les aportar\u00e1 contenidos relevantes para trabajar con las familias a trav\u00e9s de diferentes estrategias que implementen como comunidad educativa\u201d, se\u00f1al\u00f3 la Jefa Territorial de Calidad Educativa.<\/p>\n<p style=\"font-weight: 400; text-align: justify;\">Cabe se\u00f1alar, que en la regi\u00f3n de Ays\u00e9n se entregar\u00e1n 862 ejemplares de la \u201cRevista Creciendo Juntos\u201d a todos quienes forman parte de Fundaci\u00f3n Integra, pero para quienes est\u00e9n interesados en poder conocer este material educativo podr\u00e1n consultarlo -de manera virtual- en el link\u00a0<a href=\"https:\/\/cutt.ly\/nD5FC53\" data-saferedirecturl=\"https:\/\/www.google.com\/url?q=https:\/\/cutt.ly\/nD5FC53&amp;source=gmail&amp;ust=1649773349306000&amp;usg=AOvVaw2X8xKCBryenUw6Ns3ttnct\">https:\/\/cutt.ly\/nD5FC53<\/a>\u00a0donde encontrar\u00e1n diversos consejos y estrategias para abordar con los p\u00e1rvulos entre los 2 y 5 a\u00f1os de edad.<\/p>\n<p style=\"font-weight: 400; text-align: justify;\">Integra pertenece a la Red de Fundaciones de la Presidencia de la Rep\u00fablica. Con 31 a\u00f1os de experiencia, es la red m\u00e1s grande de salas cuna y jardines infantiles del pa\u00eds con 1.200 establecimientos gratuitos, a los que asisten m\u00e1s de 85 mil ni\u00f1os y ni\u00f1as en todo Chile.<\/p>\n<\/div><\/section><\/div><div  style='height:50px' class='hr hr-invisible   avia-builder-el-6  el_after_av_one_full  el_before_av_social_share '><span class='hr-inner ' ><span class='hr-inner-style'><\/span><\/span><\/div><\/p>\n<div  class='av-social-sharing-box  avia-builder-el-7  el_after_av_hr  el_before_av_hr  '><div class='av-share-box'><h5 class='av-share-link-description av-no-toc '>Compartir esta noticia<\/h5><ul class='av-share-box-list noLightbox'><li class='av-share-link av-social-link-facebook' ><a target=\"_blank\" aria-label=\"Compartir en Facebook\" href='https:\/\/www.facebook.com\/sharer.php?u=https:\/\/radiorevelacionfm.cl\/?p=15674&#038;t=Familias%20de%20Fundaci%C3%B3n%20Integra%20reciben%20Revista%20Creciendo%20Juntos' aria-hidden='false' data-av_icon='\ue8f3' data-av_iconfont='entypo-fontello' title='' data-avia-related-tooltip='Compartir en Facebook' rel=\"noopener\"><span class='avia_hidden_link_text'>Compartir en Facebook<\/span><\/a><\/li><li class='av-share-link av-social-link-twitter' ><a target=\"_blank\" aria-label=\"Compartir en Twitter\" href='https:\/\/twitter.com\/share?text=Familias%20de%20Fundaci%C3%B3n%20Integra%20reciben%20Revista%20Creciendo%20Juntos&#038;url=https:\/\/radiorevelacionfm.cl\/?p=15674' aria-hidden='false' data-av_icon='\ue8f1' data-av_iconfont='entypo-fontello' title='' data-avia-related-tooltip='Compartir en Twitter' rel=\"noopener\"><span class='avia_hidden_link_text'>Compartir en Twitter<\/span><\/a><\/li><li class='av-share-link av-social-link-whatsapp' ><a target=\"_blank\" aria-label=\"Compartir en Whatsapp\" href='https:\/\/api.whatsapp.com\/send?text=https:\/\/radiorevelacionfm.cl\/?p=15674' aria-hidden='false' data-av_icon='\uf232' data-av_iconfont='entypo-fontello' title='' data-avia-related-tooltip='Compartir en Whatsapp' rel=\"noopener\"><span class='avia_hidden_link_text'>Compartir en Whatsapp<\/span><\/a><\/li><li class='av-share-link av-social-link-linkedin' ><a target=\"_blank\" aria-label=\"Compartir en LinkedIn\" href='https:\/\/linkedin.com\/shareArticle?mini=true&#038;title=Familias%20de%20Fundaci%C3%B3n%20Integra%20reciben%20Revista%20Creciendo%20Juntos&#038;url=https:\/\/radiorevelacionfm.cl\/?p=15674' aria-hidden='false' data-av_icon='\ue8fc' data-av_iconfont='entypo-fontello' title='' data-avia-related-tooltip='Compartir en LinkedIn' rel=\"noopener\"><span class='avia_hidden_link_text'>Compartir en LinkedIn<\/span><\/a><\/li><li class='av-share-link av-social-link-mail' ><a  aria-label=\"Compartir por correo\" href='mailto:?subject=Familias%20de%20Fundaci%C3%B3n%20Integra%20reciben%20Revista%20Creciendo%20Juntos&#038;body=https:\/\/radiorevelacionfm.cl\/?p=15674' aria-hidden='false' data-av_icon='\ue805' data-av_iconfont='entypo-fontello' title='' data-avia-related-tooltip='Compartir por correo'><span class='avia_hidden_link_text'>Compartir por correo<\/span><\/a><\/li><\/ul><\/div><\/div>\n<div  style='height:50px' class='hr hr-invisible   avia-builder-el-8  el_after_av_social_share  el_before_av_comments_list '><span class='hr-inner ' ><span class='hr-inner-style'><\/span><\/span><\/div>\n<div  class='av-buildercomment  av-blog-meta-html-info-disabled av-blog-meta-tag-disabled  '><\/div>\n","protected":false},"excerpt":{"rendered":"","protected":false},"author":1,"featured_media":15675,"comment_status":"open","ping_status":"open","sticky":false,"template":"","format":"standard","meta":{"footnotes":""},"categories":[49],"tags":[],"class_list":["post-15674","post","type-post","status-publish","format-standard","has-post-thumbnail","hentry","category-educacion"],"jetpack_featured_media_url":"https:\/\/radiorevelacionfm.cl\/wp-content\/uploads\/2022\/04\/4-54a-1-1.jpg","_links":{"self":[{"href":"https:\/\/radiorevelacionfm.cl\/index.php?rest_route=\/wp\/v2\/posts\/15674","targetHints":{"allow":["GET"]}}],"collection":[{"href":"https:\/\/radiorevelacionfm.cl\/index.php?rest_route=\/wp\/v2\/posts"}],"about":[{"href":"https:\/\/radiorevelacionfm.cl\/index.php?rest_route=\/wp\/v2\/types\/post"}],"author":[{"embeddable":true,"href":"https:\/\/radiorevelacionfm.cl\/index.php?rest_route=\/wp\/v2\/users\/1"}],"replies":[{"embeddable":true,"href":"https:\/\/radiorevelacionfm.cl\/index.php?rest_route=%2Fwp%2Fv2%2Fcomments&post=15674"}],"version-history":[{"count":2,"href":"https:\/\/radiorevelacionfm.cl\/index.php?rest_route=\/wp\/v2\/posts\/15674\/revisions"}],"predecessor-version":[{"id":15736,"href":"https:\/\/radiorevelacionfm.cl\/index.php?rest_route=\/wp\/v2\/posts\/15674\/revisions\/15736"}],"wp:featuredmedia":[{"embeddable":true,"href":"https:\/\/radiorevelacionfm.cl\/index.php?rest_route=\/wp\/v2\/media\/15675"}],"wp:attachment":[{"href":"https:\/\/radiorevelacionfm.cl\/index.php?rest_route=%2Fwp%2Fv2%2Fmedia&parent=15674"}],"wp:term":[{"taxonomy":"category","embeddable":true,"href":"https:\/\/radiorevelacionfm.cl\/index.php?rest_route=%2Fwp%2Fv2%2Fcategories&post=15674"},{"taxonomy":"post_tag","embeddable":true,"href":"https:\/\/radiorevelacionfm.cl\/index.php?rest_route=%2Fwp%2Fv2%2Ftags&post=15674"}],"curies":[{"name":"wp","href":"https:\/\/api.w.org\/{rel}","templated":true}]}}