{"id":1567,"date":"2021-01-05T15:52:48","date_gmt":"2021-01-05T18:52:48","guid":{"rendered":"https:\/\/radiorevelacionfm.cl\/?p=1567"},"modified":"2021-01-05T15:52:48","modified_gmt":"2021-01-05T18:52:48","slug":"un-hito-historico-marca-en-la-region-denisse-bravo-la-primera-mujer-en-asumir-el-cargo-de-segundo-comandante-de-bomberos-en-chile-chico","status":"publish","type":"post","link":"https:\/\/radiorevelacionfm.cl\/?p=1567","title":{"rendered":"Un hito hist\u00f3rico marca en la regi\u00f3n Denisse Bravo, la primera mujer en asumir el cargo de segundo Comandante de Bomberos en Chile Chico"},"content":{"rendered":"<div class=\"flex_column av_one_full  flex_column_div av-zero-column-padding first  avia-builder-el-0  el_before_av_one_full  avia-builder-el-first  \" style='border-radius:0px; '><div  class='avia-image-container  av-styling-    avia-builder-el-1  avia-builder-el-no-sibling  avia-align-center '  itemprop=\"image\" itemscope=\"itemscope\" itemtype=\"https:\/\/schema.org\/ImageObject\"  ><div class='avia-image-container-inner'><div class='avia-image-overlay-wrap'><img decoding=\"async\" class='wp-image-0 avia-img-lazy-loading-not-0 avia_image' src=\"https:\/\/radiorevelacionfm.cl\/wp-content\/uploads\/2021\/01\/bombera-CHCH.jpg\" alt='' title=''   itemprop=\"thumbnailUrl\"  \/><\/div><\/div><\/div><\/div><div class=\"flex_column av_one_full  flex_column_div av-zero-column-padding first  avia-builder-el-2  el_after_av_one_full  el_before_av_one_full  column-top-margin\" style='border-radius:0px; '><section class=\"av_textblock_section \"  itemscope=\"itemscope\" itemtype=\"https:\/\/schema.org\/BlogPosting\" itemprop=\"blogPost\" ><div class='avia_textblock  '   itemprop=\"text\" ><p style=\"text-align: center;\"><strong><span style=\"font-size: 18pt;\">Un hito hist\u00f3rico marca en la regi\u00f3n Denisse Bravo, la primera mujer en asumir el cargo de segundo Comandante de Bomberos en Chile Chico<\/span><\/strong><\/p>\n<div id=\"gtx-trans\" style=\"position: absolute; left: -50px; top: 4.31534px;\">\n<div class=\"gtx-trans-icon\"><\/div>\n<\/div>\n<\/div><\/section><\/div><div class=\"flex_column av_one_full  flex_column_div av-zero-column-padding first  avia-builder-el-4  el_after_av_one_full  el_before_av_hr  column-top-margin\" style='border-radius:0px; '><section class=\"av_textblock_section \"  itemscope=\"itemscope\" itemtype=\"https:\/\/schema.org\/BlogPosting\" itemprop=\"blogPost\" ><div class='avia_textblock  '   itemprop=\"text\" ><p style=\"text-align: justify;\">Recientemente el Cuerpo de Bomberos de Chile Chico realiz\u00f3 renovaci\u00f3n de directiva, en donde para este 2021 ha decidido mantener algunos cargos directivos y ha cambiado otros en el \u00e1rea de la oficialidad. Como Superintendente se mantiene Ignacio Barr\u00f3n, vicesuperintendente Pierre Arias, tesorero general Gonzalo Millalen y secretario general Jaime Almonacid.<\/p>\n<p style=\"text-align: justify;\">Como Comandante asume Pedro Guenuman,\u00a0quien se\u00f1al\u00f3 que asumir\u00e1 \u201cen el \u00e1rea operativa con amplias expectativas, tratando de que los bomberos terminen su malla operativa, as\u00ed como tambi\u00e9n, con los nuevos aspirantes poder lograr su primer curso en la malla de bombero inicial. De igual forma, tener el m\u00e1ximo de bomberos operativos en sus compa\u00f1\u00edas. Destacar que son cuatro compa\u00f1\u00edas m\u00e1s una brigada, a su vez, se\u00f1alar que este a\u00f1o habr\u00e1 mucho que trabajar, bajo todas las medidas de seguridad, debido a que a\u00fan estamos en pandemia y hay que cuidarse\u201d.<\/p>\n<p style=\"text-align: justify;\">La sorpresa este a\u00f1o, que marcar\u00eda un hito hist\u00f3rico en la regi\u00f3n, es que el cargo de segundo Comandante queda en manos de Denisse Bravo, hasta hace poco capit\u00e1n de la compa\u00f1\u00eda de Puerto Guadal.<\/p>\n<p style=\"text-align: justify;\">El Comandante Guenuman puso en valor el ascenso destacando que \u201chacemos historia en la regi\u00f3n, ya que ser\u00eda la primera mujer que ocupar\u00eda este cargo. Yo tengo entendido que jam\u00e1s en la historia de Ays\u00e9n hab\u00eda una comandante, por ello, quiero hacerle llegar mis m\u00e1s sinceros agradecimientos, un gran abrazo\u201d.<\/p>\n<p style=\"text-align: justify;\">La nueva autoridad bomberil de la comuna de Chile Chico, Denisse Bravo, se mostr\u00f3 feliz de asumir este nuevo desaf\u00edo.<\/p>\n<p style=\"text-align: justify;\">\u201cPertenezco a la tercera compa\u00f1\u00eda de Puerto Guadal, llevo 25 a\u00f1os de servicio en esta noble instituci\u00f3n, 15 de ellos como oficial. Me inici\u00e9 como teniente tercero, m\u00e1s tarde ascend\u00ed como teniente primero y en la actualidad me encontraba ejerciendo el puesto de capit\u00e1n de compa\u00f1\u00eda. Este a\u00f1o se me present\u00f3 este desaf\u00edo de asumir como segundo comandante del Cuerpo de Bomberos de Chile Chico, un desaf\u00edo muy bueno. Hay que poner harto \u00edmpetu y las ganas de sacar adelante a esta noble instituci\u00f3n\u201d, indic\u00f3 Denisse Bravo.<\/p>\n<p style=\"text-align: justify;\">Otros cargos de oficiales son\u00a0Lidia Soto como directora de la Primera Compa\u00f1\u00eda,\u00a0Mar\u00eda Ruiz como directora de la Segunda Compa\u00f1\u00eda, Miguel Gatica como director de la Tercera Compa\u00f1\u00eda,\u00a0Jos\u00e9 Miguel Contreras como director de la Cuarta Compa\u00f1\u00eda y Carmen Avil\u00e9s como directora de la Brigada de Mall\u00edn Grande.<\/p>\n<\/div><\/section><\/div><div  style='height:50px' class='hr hr-invisible   avia-builder-el-6  el_after_av_one_full  el_before_av_social_share '><span class='hr-inner ' ><span class='hr-inner-style'><\/span><\/span><\/div><\/p>\n<div  class='av-social-sharing-box  avia-builder-el-7  el_after_av_hr  el_before_av_hr  '><div class='av-share-box'><h5 class='av-share-link-description av-no-toc '>Compartir esta noticia<\/h5><ul class='av-share-box-list noLightbox'><li class='av-share-link av-social-link-facebook' ><a target=\"_blank\" aria-label=\"Compartir en Facebook\" href='https:\/\/www.facebook.com\/sharer.php?u=https:\/\/radiorevelacionfm.cl\/?p=1567&#038;t=Un%20hito%20hist%C3%B3rico%20marca%20en%20la%20regi%C3%B3n%20Denisse%20Bravo%2C%20la%20primera%20mujer%20en%20asumir%20el%20cargo%20de%20segundo%20Comandante%20de%20Bomberos%20en%20Chile%20Chico' aria-hidden='false' data-av_icon='\ue8f3' data-av_iconfont='entypo-fontello' title='' data-avia-related-tooltip='Compartir en Facebook' rel=\"noopener\"><span class='avia_hidden_link_text'>Compartir en Facebook<\/span><\/a><\/li><li class='av-share-link av-social-link-twitter' ><a target=\"_blank\" aria-label=\"Compartir en Twitter\" href='https:\/\/twitter.com\/share?text=Un%20hito%20hist%C3%B3rico%20marca%20en%20la%20regi%C3%B3n%20Denisse%20Bravo%2C%20la%20primera%20mujer%20en%20asumir%20el%20cargo%20de%20segundo%20Comandante%20de%20Bomberos%20en%20Chile%20Chico&#038;url=https:\/\/radiorevelacionfm.cl\/?p=1567' aria-hidden='false' data-av_icon='\ue8f1' data-av_iconfont='entypo-fontello' title='' data-avia-related-tooltip='Compartir en Twitter' rel=\"noopener\"><span class='avia_hidden_link_text'>Compartir en Twitter<\/span><\/a><\/li><li class='av-share-link av-social-link-whatsapp' ><a target=\"_blank\" aria-label=\"Compartir en Whatsapp\" href='https:\/\/api.whatsapp.com\/send?text=https:\/\/radiorevelacionfm.cl\/?p=1567' aria-hidden='false' data-av_icon='\uf232' data-av_iconfont='entypo-fontello' title='' data-avia-related-tooltip='Compartir en Whatsapp' rel=\"noopener\"><span class='avia_hidden_link_text'>Compartir en Whatsapp<\/span><\/a><\/li><li class='av-share-link av-social-link-linkedin' ><a target=\"_blank\" aria-label=\"Compartir en LinkedIn\" href='https:\/\/linkedin.com\/shareArticle?mini=true&#038;title=Un%20hito%20hist%C3%B3rico%20marca%20en%20la%20regi%C3%B3n%20Denisse%20Bravo%2C%20la%20primera%20mujer%20en%20asumir%20el%20cargo%20de%20segundo%20Comandante%20de%20Bomberos%20en%20Chile%20Chico&#038;url=https:\/\/radiorevelacionfm.cl\/?p=1567' aria-hidden='false' data-av_icon='\ue8fc' data-av_iconfont='entypo-fontello' title='' data-avia-related-tooltip='Compartir en LinkedIn' rel=\"noopener\"><span class='avia_hidden_link_text'>Compartir en LinkedIn<\/span><\/a><\/li><li class='av-share-link av-social-link-mail' ><a  aria-label=\"Compartir por correo\" href='mailto:?subject=Un%20hito%20hist%C3%B3rico%20marca%20en%20la%20regi%C3%B3n%20Denisse%20Bravo%2C%20la%20primera%20mujer%20en%20asumir%20el%20cargo%20de%20segundo%20Comandante%20de%20Bomberos%20en%20Chile%20Chico&#038;body=https:\/\/radiorevelacionfm.cl\/?p=1567' aria-hidden='false' data-av_icon='\ue805' data-av_iconfont='entypo-fontello' title='' data-avia-related-tooltip='Compartir por correo'><span class='avia_hidden_link_text'>Compartir por correo<\/span><\/a><\/li><\/ul><\/div><\/div>\n<div  style='height:50px' class='hr hr-invisible   avia-builder-el-8  el_after_av_social_share  el_before_av_comments_list '><span class='hr-inner ' ><span class='hr-inner-style'><\/span><\/span><\/div>\n<div  class='av-buildercomment  av-blog-meta-html-info-disabled av-blog-meta-tag-disabled  '><\/div>\n","protected":false},"excerpt":{"rendered":"","protected":false},"author":1,"featured_media":0,"comment_status":"open","ping_status":"open","sticky":false,"template":"","format":"standard","meta":{"footnotes":""},"categories":[38],"tags":[],"class_list":["post-1567","post","type-post","status-publish","format-standard","hentry","category-regional"],"jetpack_featured_media_url":"","_links":{"self":[{"href":"https:\/\/radiorevelacionfm.cl\/index.php?rest_route=\/wp\/v2\/posts\/1567","targetHints":{"allow":["GET"]}}],"collection":[{"href":"https:\/\/radiorevelacionfm.cl\/index.php?rest_route=\/wp\/v2\/posts"}],"about":[{"href":"https:\/\/radiorevelacionfm.cl\/index.php?rest_route=\/wp\/v2\/types\/post"}],"author":[{"embeddable":true,"href":"https:\/\/radiorevelacionfm.cl\/index.php?rest_route=\/wp\/v2\/users\/1"}],"replies":[{"embeddable":true,"href":"https:\/\/radiorevelacionfm.cl\/index.php?rest_route=%2Fwp%2Fv2%2Fcomments&post=1567"}],"version-history":[{"count":1,"href":"https:\/\/radiorevelacionfm.cl\/index.php?rest_route=\/wp\/v2\/posts\/1567\/revisions"}],"predecessor-version":[{"id":1569,"href":"https:\/\/radiorevelacionfm.cl\/index.php?rest_route=\/wp\/v2\/posts\/1567\/revisions\/1569"}],"wp:attachment":[{"href":"https:\/\/radiorevelacionfm.cl\/index.php?rest_route=%2Fwp%2Fv2%2Fmedia&parent=1567"}],"wp:term":[{"taxonomy":"category","embeddable":true,"href":"https:\/\/radiorevelacionfm.cl\/index.php?rest_route=%2Fwp%2Fv2%2Fcategories&post=1567"},{"taxonomy":"post_tag","embeddable":true,"href":"https:\/\/radiorevelacionfm.cl\/index.php?rest_route=%2Fwp%2Fv2%2Ftags&post=1567"}],"curies":[{"name":"wp","href":"https:\/\/api.w.org\/{rel}","templated":true}]}}