{"id":15667,"date":"2022-04-11T10:10:42","date_gmt":"2022-04-11T13:10:42","guid":{"rendered":"https:\/\/radiorevelacionfm.cl\/?p=15667"},"modified":"2022-04-11T10:10:42","modified_gmt":"2022-04-11T13:10:42","slug":"exitosas-jornadas-de-dialogo-contra-la-violencia-realiza-la-comuna-de-las-guaitecas","status":"publish","type":"post","link":"https:\/\/radiorevelacionfm.cl\/?p=15667","title":{"rendered":"Exitosas jornadas de di\u00e1logo contra la violencia realiza la comuna de Las Guaitecas"},"content":{"rendered":"<div class=\"flex_column av_one_full  flex_column_div av-zero-column-padding first  avia-builder-el-0  el_before_av_one_full  avia-builder-el-first  \" style='border-radius:0px; '><div  class='avia-image-container  av-styling-    avia-builder-el-1  avia-builder-el-no-sibling  avia-align-center '  itemprop=\"image\" itemscope=\"itemscope\" itemtype=\"https:\/\/schema.org\/ImageObject\"  ><div class='avia-image-container-inner'><div class='avia-image-overlay-wrap'><img decoding=\"async\" class='wp-image-15668 avia-img-lazy-loading-not-15668 avia_image' src=\"https:\/\/radiorevelacionfm.cl\/wp-content\/uploads\/2022\/04\/PHOTO-2022-04-06-23-21-39-1-1.jpg\" alt='' title='PHOTO-2022-04-06-23-21-39 (1) (1)' height=\"576\" width=\"1280\"  itemprop=\"thumbnailUrl\" srcset=\"https:\/\/radiorevelacionfm.cl\/wp-content\/uploads\/2022\/04\/PHOTO-2022-04-06-23-21-39-1-1.jpg 1280w, https:\/\/radiorevelacionfm.cl\/wp-content\/uploads\/2022\/04\/PHOTO-2022-04-06-23-21-39-1-1-300x135.jpg 300w, https:\/\/radiorevelacionfm.cl\/wp-content\/uploads\/2022\/04\/PHOTO-2022-04-06-23-21-39-1-1-1030x464.jpg 1030w, https:\/\/radiorevelacionfm.cl\/wp-content\/uploads\/2022\/04\/PHOTO-2022-04-06-23-21-39-1-1-768x346.jpg 768w, https:\/\/radiorevelacionfm.cl\/wp-content\/uploads\/2022\/04\/PHOTO-2022-04-06-23-21-39-1-1-705x317.jpg 705w, https:\/\/radiorevelacionfm.cl\/wp-content\/uploads\/2022\/04\/PHOTO-2022-04-06-23-21-39-1-1-600x270.jpg 600w\" sizes=\"(max-width: 1280px) 100vw, 1280px\" \/><\/div><\/div><\/div><\/div><div class=\"flex_column av_one_full  flex_column_div av-zero-column-padding first  avia-builder-el-2  el_after_av_one_full  el_before_av_one_full  column-top-margin\" style='border-radius:0px; '><section class=\"av_textblock_section \"  itemscope=\"itemscope\" itemtype=\"https:\/\/schema.org\/BlogPosting\" itemprop=\"blogPost\" ><div class='avia_textblock  '   itemprop=\"text\" ><p style=\"text-align: center;\"><span style=\"font-size: 18pt;\"><strong>Exitosas jornadas de di\u00e1logo contra la violencia realiza la comuna de Las Guaitecas <\/strong><\/span><\/p>\n<div id=\"gtx-trans\" style=\"position: absolute; left: -50px; top: 4.31534px;\">\n<div class=\"gtx-trans-icon\"><\/div>\n<\/div>\n<\/div><\/section><\/div><div class=\"flex_column av_one_full  flex_column_div av-zero-column-padding first  avia-builder-el-4  el_after_av_one_full  el_before_av_hr  column-top-margin\" style='border-radius:0px; '><section class=\"av_textblock_section \"  itemscope=\"itemscope\" itemtype=\"https:\/\/schema.org\/BlogPosting\" itemprop=\"blogPost\" ><div class='avia_textblock  '   itemprop=\"text\" ><p style=\"text-align: justify;\">Los recientes hechos de violencia ocurridos en distintos establecimientos escolares a lo largo de todo Chile, se ha tomado la agenda de las autoridades y los medios de comunicaci\u00f3n, lo que ha generado una amplia discusi\u00f3n sobre la necesidad de generar instancias de encuentro entre los distintos integrantes de las comunidades educativas.<\/p>\n<p style=\"text-align: justify;\">En este contexto la comuna de las Guaitecas viene realizando un trabajo mancomunado a trav\u00e9s de su Municipalidad con distintos actores relevantes de su comunidad con foco en la convivencia escolar y principalmente en la violencia. En la instancia se analizaron materias relativas a la buena y sana convivencia escolar, responsabilidad penal adolescente y la importancia de la participaci\u00f3n de la comunidad en su conjunto en la educaci\u00f3n de nuestros estudiantes.<\/p>\n<p style=\"text-align: justify;\">\u201cSiempre estaremos dispuestos a impulsar el di\u00e1logo de nuestras comunidades escolares con diferentes actores de la sociedad, esto nos permite tener una visi\u00f3n m\u00e1s amplia ante situaciones complejas, como por ejemplo la violencia en todas sus dimensiones, sin dudas el dialogo nos permitir\u00e1 trabajar unidos en b\u00fasqueda de soluciones concretas\u201d puntualiz\u00f3 el alcalde Marcos Silva.<\/p>\n<p style=\"text-align: justify;\">\u201cEste di\u00e1logo han sido importante y productivo para todos por que surgieron ideas para abordar los problemas de violencia entre los estudiantes, es bueno q hay preocupaci\u00f3n real por solucionar los problemas reales\u201d.\u00a0 indic\u00f3, Claudia Piticar, Presidenta del Centro de Padres y apoderados del Liceo de Melinka, quien adem\u00e1s enfatiz\u00f3 en la importancia de implementar actividades de recreativas para los estudiantes en los tiempos libres dentro y fuera del liceo.<\/p>\n<p style=\"text-align: justify;\">\u201cEsta reuni\u00f3n si bien nace como iniciativa comisi\u00f3n educaci\u00f3n del Concejo, viene a complementar el trabajo intersectorial que se viene realizando desde la red infancia y adolescencia, tambi\u00e9n se complementa con las reuniones del consejo escolar\u201d. Puntualiz\u00f3 Marcos Saavedra DAEM de la Comuna de las Guaitecas.<\/p>\n<p style=\"text-align: justify;\">Por su parte el representante de la comisi\u00f3n de educaci\u00f3n del Concejo Municipal, concejal Daniel Barr\u00eda, indic\u00f3. \u201cUna buena convivencia escolar, mejora la calidad de nuestra educaci\u00f3n, esperamos que estas reuniones se mantengan el tiempo para que sean un aporte real en el crecimiento y educaci\u00f3n de nuestros estudiantes\u201d. Esta visi\u00f3n es compartida por el jefe de Reten Carabineros de Melinka, Alex Torres, quien ha sido uno de los relatores en estos di\u00e1logos centr\u00e1ndose en la responsabilidad penal adolescente. \u201cOjal\u00e1 que estos di\u00e1logos se mantengan en el tiempo y se sigan realizando puntualiz\u00f3 el Suboficial.<\/p>\n<p style=\"text-align: justify;\">La directora (s) del Liceo de Melinka, Anita Bello, dio \u00e9nfasis en que la comunidad educativa los perciba unidos. \u201cEstamos muy contentos de que nos hayan escuchado, pero el \u00e1nimo de mejorar es de todo el profesorado, todas las organizaciones nos apoyan donde nos ven unidos\u201d enfatiz\u00f3 la Docente.<\/p>\n<p style=\"text-align: justify;\">Al t\u00e9rmino de la reuni\u00f3n se analizaron las potencialidades de nuestros estudiantes, destacando que en este periodo hemos sido informados de 3 estudiantes que han tenido reconocimiento regional y nacional. V\u00edctor Vera Neun ganador de concurso microcuentos en ingl\u00e9s, Juvenal Ignacio Colivoro Colivoro, 2\u00b0 Lugar Nacional concurso de dibujo y Amalia Luisa Cort\u00e9s Haro, 3 Lugar Regional concurso de cuentos.<\/p>\n<p style=\"text-align: justify;\">Finalmente cabe destacar que las jornadas de estrategias de apoyo psicosocial las realiz\u00f3 la psic\u00f3loga de la Mutual de Seguridad Mariory Novoa.<\/p>\n<\/div><\/section><\/div><div  style='height:50px' class='hr hr-invisible   avia-builder-el-6  el_after_av_one_full  el_before_av_social_share '><span class='hr-inner ' ><span class='hr-inner-style'><\/span><\/span><\/div><\/p>\n<div  class='av-social-sharing-box  avia-builder-el-7  el_after_av_hr  el_before_av_hr  '><div class='av-share-box'><h5 class='av-share-link-description av-no-toc '>Compartir esta noticia<\/h5><ul class='av-share-box-list noLightbox'><li class='av-share-link av-social-link-facebook' ><a target=\"_blank\" aria-label=\"Compartir en Facebook\" href='https:\/\/www.facebook.com\/sharer.php?u=https:\/\/radiorevelacionfm.cl\/?p=15667&#038;t=Exitosas%20jornadas%20de%20di%C3%A1logo%20contra%20la%20violencia%20realiza%20la%20comuna%20de%20Las%20Guaitecas' aria-hidden='false' data-av_icon='\ue8f3' data-av_iconfont='entypo-fontello' title='' data-avia-related-tooltip='Compartir en Facebook' rel=\"noopener\"><span class='avia_hidden_link_text'>Compartir en Facebook<\/span><\/a><\/li><li class='av-share-link av-social-link-twitter' ><a target=\"_blank\" aria-label=\"Compartir en Twitter\" href='https:\/\/twitter.com\/share?text=Exitosas%20jornadas%20de%20di%C3%A1logo%20contra%20la%20violencia%20realiza%20la%20comuna%20de%20Las%20Guaitecas&#038;url=https:\/\/radiorevelacionfm.cl\/?p=15667' aria-hidden='false' data-av_icon='\ue8f1' data-av_iconfont='entypo-fontello' title='' data-avia-related-tooltip='Compartir en Twitter' rel=\"noopener\"><span class='avia_hidden_link_text'>Compartir en Twitter<\/span><\/a><\/li><li class='av-share-link av-social-link-whatsapp' ><a target=\"_blank\" aria-label=\"Compartir en Whatsapp\" href='https:\/\/api.whatsapp.com\/send?text=https:\/\/radiorevelacionfm.cl\/?p=15667' aria-hidden='false' data-av_icon='\uf232' data-av_iconfont='entypo-fontello' title='' data-avia-related-tooltip='Compartir en Whatsapp' rel=\"noopener\"><span class='avia_hidden_link_text'>Compartir en Whatsapp<\/span><\/a><\/li><li class='av-share-link av-social-link-linkedin' ><a target=\"_blank\" aria-label=\"Compartir en LinkedIn\" href='https:\/\/linkedin.com\/shareArticle?mini=true&#038;title=Exitosas%20jornadas%20de%20di%C3%A1logo%20contra%20la%20violencia%20realiza%20la%20comuna%20de%20Las%20Guaitecas&#038;url=https:\/\/radiorevelacionfm.cl\/?p=15667' aria-hidden='false' data-av_icon='\ue8fc' data-av_iconfont='entypo-fontello' title='' data-avia-related-tooltip='Compartir en LinkedIn' rel=\"noopener\"><span class='avia_hidden_link_text'>Compartir en LinkedIn<\/span><\/a><\/li><li class='av-share-link av-social-link-mail' ><a  aria-label=\"Compartir por correo\" href='mailto:?subject=Exitosas%20jornadas%20de%20di%C3%A1logo%20contra%20la%20violencia%20realiza%20la%20comuna%20de%20Las%20Guaitecas&#038;body=https:\/\/radiorevelacionfm.cl\/?p=15667' aria-hidden='false' data-av_icon='\ue805' data-av_iconfont='entypo-fontello' title='' data-avia-related-tooltip='Compartir por correo'><span class='avia_hidden_link_text'>Compartir por correo<\/span><\/a><\/li><\/ul><\/div><\/div>\n<div  style='height:50px' class='hr hr-invisible   avia-builder-el-8  el_after_av_social_share  el_before_av_comments_list '><span class='hr-inner ' ><span class='hr-inner-style'><\/span><\/span><\/div>\n<div  class='av-buildercomment  av-blog-meta-html-info-disabled av-blog-meta-tag-disabled  '><\/div>\n","protected":false},"excerpt":{"rendered":"","protected":false},"author":1,"featured_media":15668,"comment_status":"open","ping_status":"open","sticky":false,"template":"","format":"standard","meta":{"footnotes":""},"categories":[38],"tags":[],"class_list":["post-15667","post","type-post","status-publish","format-standard","has-post-thumbnail","hentry","category-regional"],"jetpack_featured_media_url":"https:\/\/radiorevelacionfm.cl\/wp-content\/uploads\/2022\/04\/PHOTO-2022-04-06-23-21-39-1-1.jpg","_links":{"self":[{"href":"https:\/\/radiorevelacionfm.cl\/index.php?rest_route=\/wp\/v2\/posts\/15667","targetHints":{"allow":["GET"]}}],"collection":[{"href":"https:\/\/radiorevelacionfm.cl\/index.php?rest_route=\/wp\/v2\/posts"}],"about":[{"href":"https:\/\/radiorevelacionfm.cl\/index.php?rest_route=\/wp\/v2\/types\/post"}],"author":[{"embeddable":true,"href":"https:\/\/radiorevelacionfm.cl\/index.php?rest_route=\/wp\/v2\/users\/1"}],"replies":[{"embeddable":true,"href":"https:\/\/radiorevelacionfm.cl\/index.php?rest_route=%2Fwp%2Fv2%2Fcomments&post=15667"}],"version-history":[{"count":2,"href":"https:\/\/radiorevelacionfm.cl\/index.php?rest_route=\/wp\/v2\/posts\/15667\/revisions"}],"predecessor-version":[{"id":15671,"href":"https:\/\/radiorevelacionfm.cl\/index.php?rest_route=\/wp\/v2\/posts\/15667\/revisions\/15671"}],"wp:featuredmedia":[{"embeddable":true,"href":"https:\/\/radiorevelacionfm.cl\/index.php?rest_route=\/wp\/v2\/media\/15668"}],"wp:attachment":[{"href":"https:\/\/radiorevelacionfm.cl\/index.php?rest_route=%2Fwp%2Fv2%2Fmedia&parent=15667"}],"wp:term":[{"taxonomy":"category","embeddable":true,"href":"https:\/\/radiorevelacionfm.cl\/index.php?rest_route=%2Fwp%2Fv2%2Fcategories&post=15667"},{"taxonomy":"post_tag","embeddable":true,"href":"https:\/\/radiorevelacionfm.cl\/index.php?rest_route=%2Fwp%2Fv2%2Ftags&post=15667"}],"curies":[{"name":"wp","href":"https:\/\/api.w.org\/{rel}","templated":true}]}}