{"id":15663,"date":"2022-04-11T10:52:39","date_gmt":"2022-04-11T13:52:39","guid":{"rendered":"https:\/\/radiorevelacionfm.cl\/?p=15663"},"modified":"2022-04-11T10:52:39","modified_gmt":"2022-04-11T13:52:39","slug":"en-cochrane-y-chile-chico-mejor-ninez-realizo-el-lanzamiento-oficial-de-su-programa-de-familias-de-acogida","status":"publish","type":"post","link":"https:\/\/radiorevelacionfm.cl\/?p=15663","title":{"rendered":"En Cochrane y Chile Chico Mejor Ni\u00f1ez realiz\u00f3 el lanzamiento oficial de su Programa de Familias de Acogida"},"content":{"rendered":"<div class=\"flex_column av_one_full  flex_column_div av-zero-column-padding first  avia-builder-el-0  el_before_av_one_full  avia-builder-el-first  \" style='border-radius:0px; '><div  class='avia-image-container  av-styling-    avia-builder-el-1  avia-builder-el-no-sibling  avia-align-center '  itemprop=\"image\" itemscope=\"itemscope\" itemtype=\"https:\/\/schema.org\/ImageObject\"  ><div class='avia-image-container-inner'><div class='avia-image-overlay-wrap'><img decoding=\"async\" class='wp-image-15665 avia-img-lazy-loading-not-15665 avia_image' src=\"https:\/\/radiorevelacionfm.cl\/wp-content\/uploads\/2022\/04\/Mejor-Ninez-1-1.jpg\" alt='' title='Mejor Ni\u00f1ez 1 (1)' height=\"600\" width=\"920\"  itemprop=\"thumbnailUrl\" srcset=\"https:\/\/radiorevelacionfm.cl\/wp-content\/uploads\/2022\/04\/Mejor-Ninez-1-1.jpg 920w, https:\/\/radiorevelacionfm.cl\/wp-content\/uploads\/2022\/04\/Mejor-Ninez-1-1-300x196.jpg 300w, https:\/\/radiorevelacionfm.cl\/wp-content\/uploads\/2022\/04\/Mejor-Ninez-1-1-768x501.jpg 768w, https:\/\/radiorevelacionfm.cl\/wp-content\/uploads\/2022\/04\/Mejor-Ninez-1-1-705x460.jpg 705w, https:\/\/radiorevelacionfm.cl\/wp-content\/uploads\/2022\/04\/Mejor-Ninez-1-1-600x391.jpg 600w\" sizes=\"(max-width: 920px) 100vw, 920px\" \/><\/div><\/div><\/div><\/div><div class=\"flex_column av_one_full  flex_column_div av-zero-column-padding first  avia-builder-el-2  el_after_av_one_full  el_before_av_one_full  column-top-margin\" style='border-radius:0px; '><section class=\"av_textblock_section \"  itemscope=\"itemscope\" itemtype=\"https:\/\/schema.org\/BlogPosting\" itemprop=\"blogPost\" ><div class='avia_textblock  '   itemprop=\"text\" ><p style=\"text-align: center;\"><strong><span style=\"font-size: 18pt;\">En Cochrane y Chile Chico Mejor Ni\u00f1ez realiz\u00f3 el lanzamiento oficial de su Programa de Familias de Acogida <\/span><\/strong><\/p>\n<div id=\"gtx-trans\" style=\"position: absolute; left: -50px; top: 4.31534px;\">\n<div class=\"gtx-trans-icon\"><\/div>\n<\/div>\n<\/div><\/section><\/div><div class=\"flex_column av_one_full  flex_column_div av-zero-column-padding first  avia-builder-el-4  el_after_av_one_full  el_before_av_hr  column-top-margin\" style='border-radius:0px; '><section class=\"av_textblock_section \"  itemscope=\"itemscope\" itemtype=\"https:\/\/schema.org\/BlogPosting\" itemprop=\"blogPost\" ><div class='avia_textblock  '   itemprop=\"text\" ><p class=\"v1MsoNormal\" style=\"text-align: justify;\"><span lang=\"es\">En nuestro pa\u00eds, actualmente, a\u00fan existen m\u00e1s de 4000 ni\u00f1os, ni\u00f1as y adolescentes que se mantienen en residencias por decisi\u00f3n de un tribunal. El ingreso de ni\u00f1os, ni\u00f1as y adolescentes al programa Familia de Acogida, evita que tengan que permanecer en residencias de protecci\u00f3n durante el periodo en que se resuelve su situaci\u00f3n. De all\u00ed la importancia de esta campa\u00f1a, lanzada por Mejor Ni\u00f1ez Ays\u00e9n, para reclutar nuevas y mas Familias de Acogida.\u00a0<\/span><\/p>\n<p class=\"v1MsoNormal\" style=\"text-align: justify;\"><span lang=\"es\">Sergio Becerra Mera, director regional de Mejor Ni\u00f1ez, relev\u00f3 la importancia de este lanzamiento regional desde Cochrane y Chile Chico, poniendo especial \u00e9nfasis en que esta es una tarea que debe convocar a todos y donde necesitamos familias que acojan, ojal\u00e1, en cada comuna de la regi\u00f3n de Ays\u00e9n, a fin de no desarraigar a los ni\u00f1os, ni\u00f1as y adolescentes.\u00a0<\/span><\/p>\n<p class=\"v1MsoNormal\" style=\"text-align: justify;\"><span lang=\"es\">Seg\u00fan destac\u00f3 una \u00abfamilia de acogida es<\/span><span lang=\"es\"><span class=\"v1Apple-converted-space\">\u00a0<\/span>una familia que acoge transitoriamente, y ante una medida judicial, a ni\u00f1os, ni\u00f1as y adolescentes, entre 0 a 17 a\u00f1os, que han sido gravemente vulnerados en sus derechos. Se busca proporcionar un espacio protector y estable que cubra las necesidades de cuidado, mientras se restablece su derecho a vivir en una familia definitiva\u00bb.<\/span><span lang=\"es\">\u00a0<\/span><\/p>\n<p class=\"v1MsoNormal\" style=\"text-align: justify;\"><span lang=\"es\">Las Familias de Acogida pueden ser extensas, externas o de Urgencia. Las extensas son aquellas que mantienen alg\u00fan tipo de relaci\u00f3n familiar con el ni\u00f1o\/a, adolescente y se hacen cargo de su cuidado personal. Por otra parte, las externas son aquellas que no mantienen ning\u00fan lazo familiar con el ni\u00f1o\/a, adolescente y que optan por acogerlo en su n\u00facleo familiar de manera provisoria. Finalmente, las de urgencia son aquellas que ofrecen una atenci\u00f3n inmediata con la finalidad de interrumpir una situaci\u00f3n de grave vulneraci\u00f3n, evitando que el ni\u00f1o\/a o adolescente ingrese a una residencia mientras se encuentra la familia de acogida que lo recibir\u00e1 por un plazo m\u00e1s amplio.\u00a0<\/span><\/p>\n<p class=\"v1MsoNormal\" style=\"text-align: justify;\"><span lang=\"es\">Gabriela Opazo Pino, jefa del Departamento de Servicios y Prestaciones de Mejor Ni\u00f1ez, se\u00f1ala que los requisitos para ser una familia de acogida son: Inter\u00e9s y motivaci\u00f3n para el trabajo con ni\u00f1os, ni\u00f1as y adolescentes; contar con destrezas para la crianza; ausencia de violencia intrafamiliar u otras problem\u00e1ticas familiares graves; salud f\u00edsica y mental compatible; condiciones materiales y funcionales de la vivienda e Ingresos econ\u00f3micos estables.<\/span><\/p>\n<p class=\"v1MsoNormal\" style=\"text-align: justify;\"><span lang=\"es\">Las personas que deciden formar parte del Programa Familias de Acogida son evaluadas y capacitadas para cuidar a un ni\u00f1o, ni\u00f1a o adolescente en forma temporal, adem\u00e1s, reciben apoyo permanente de un equipo profesional especializado en la tem\u00e1tica, el cual los acompa\u00f1a y asesora durante todo el proceso de acogimiento.\u00a0<\/span><\/p>\n<p class=\"v1MsoNormal\" style=\"text-align: justify;\"><span lang=\"es\">En nuestra regi\u00f3n, destaca el director de Mejor Ni\u00f1ez, actualmente se cuenta con solo con<span class=\"v1Apple-converted-space\">\u00a0<\/span><\/span><span lang=\"es\">16 familias guardadoras, de las cuales 1 esta en Cisnes, 1 Cochrane, 5 Ays\u00e9n y 9 en Coyhaique.<\/span><span lang=\"es\"><span class=\"v1Apple-converted-space\">\u00a0<\/span><\/span><span lang=\"es\">De estas familias de acogida, 11 son Extensas, 4 externas y 3 de urgencia.<\/span><span lang=\"es\"><span class=\"v1Apple-converted-space\">\u00a0<\/span><\/span><span lang=\"es\">Y faltan, por lo menos, 25 grupos familiares que est\u00e9n dispuestos a apoyar a menores que han sido vulnerados, recibi\u00e9ndolos en sus domicilios.\u00a0<\/span><\/p>\n<p class=\"v1MsoNormal\" style=\"text-align: justify;\"><span lang=\"es\">\u00abEn Mejor Ni\u00f1ez creemos que los ni\u00f1os, ni\u00f1as y adolescentes necesitan de un ambiente familiar para poder crecer y desarrollarse en plenitud, y por eso queremos que cada vez mas familias se unan a esta gran misi\u00f3n\u00bb, as\u00ed lo destac\u00f3 Sergio Becerra Mera, director regional de Mejor Ni\u00f1ez, extendiendo una especial invitaci\u00f3n a toda la comunidad regional a sumarse a Familias de Acogida.\u00a0<\/span><\/p>\n<p class=\"v1MsoNormal\" style=\"text-align: justify;\"><span lang=\"es\">Los interesados o quienes deseen tener mas informaci\u00f3n solo deben postular en<span class=\"v1Apple-converted-space\">\u00a0<\/span><\/span><span lang=\"es\"><a href=\"http:\/\/www.xn--mejorniez-r6a.cl\/\" target=\"_blank\" rel=\"noopener noreferrer\">www.mejorni\u00f1ez.cl<\/a><\/span><span lang=\"es\"><span class=\"v1Apple-converted-space\">\u00a0<\/span>o bien comunic\u00e1ndose directamente con el proyecto a cargo de Familias de Acogida en la regi\u00f3n, FAE Pro Amigo de la Congregaci\u00f3n de Religiosos Terciarios Capuchinos, ubicados en Barroso N\u00ba816 Coyhaique, Tel\u00e9fono: +56 9 96394890, email<span class=\"v1Apple-converted-space\">\u00a0<\/span><a href=\"mailto:fae.aysen@programasamigo.cl\" rel=\"noreferrer\">fae.aysen@programasamigo.cl<\/a>\u00a0<\/span><\/p>\n<\/div><\/section><\/div><div  style='height:50px' class='hr hr-invisible   avia-builder-el-6  el_after_av_one_full  el_before_av_social_share '><span class='hr-inner ' ><span class='hr-inner-style'><\/span><\/span><\/div><\/p>\n<div  class='av-social-sharing-box  avia-builder-el-7  el_after_av_hr  el_before_av_hr  '><div class='av-share-box'><h5 class='av-share-link-description av-no-toc '>Compartir esta noticia<\/h5><ul class='av-share-box-list noLightbox'><li class='av-share-link av-social-link-facebook' ><a target=\"_blank\" aria-label=\"Compartir en Facebook\" href='https:\/\/www.facebook.com\/sharer.php?u=https:\/\/radiorevelacionfm.cl\/?p=15663&#038;t=En%20Cochrane%20y%20Chile%20Chico%20Mejor%20Ni%C3%B1ez%20realiz%C3%B3%20el%20lanzamiento%20oficial%20de%20su%20Programa%20de%20Familias%20de%20Acogida' aria-hidden='false' data-av_icon='\ue8f3' data-av_iconfont='entypo-fontello' title='' data-avia-related-tooltip='Compartir en Facebook' rel=\"noopener\"><span class='avia_hidden_link_text'>Compartir en Facebook<\/span><\/a><\/li><li class='av-share-link av-social-link-twitter' ><a target=\"_blank\" aria-label=\"Compartir en Twitter\" href='https:\/\/twitter.com\/share?text=En%20Cochrane%20y%20Chile%20Chico%20Mejor%20Ni%C3%B1ez%20realiz%C3%B3%20el%20lanzamiento%20oficial%20de%20su%20Programa%20de%20Familias%20de%20Acogida&#038;url=https:\/\/radiorevelacionfm.cl\/?p=15663' aria-hidden='false' data-av_icon='\ue8f1' data-av_iconfont='entypo-fontello' title='' data-avia-related-tooltip='Compartir en Twitter' rel=\"noopener\"><span class='avia_hidden_link_text'>Compartir en Twitter<\/span><\/a><\/li><li class='av-share-link av-social-link-whatsapp' ><a target=\"_blank\" aria-label=\"Compartir en Whatsapp\" href='https:\/\/api.whatsapp.com\/send?text=https:\/\/radiorevelacionfm.cl\/?p=15663' aria-hidden='false' data-av_icon='\uf232' data-av_iconfont='entypo-fontello' title='' data-avia-related-tooltip='Compartir en Whatsapp' rel=\"noopener\"><span class='avia_hidden_link_text'>Compartir en Whatsapp<\/span><\/a><\/li><li class='av-share-link av-social-link-linkedin' ><a target=\"_blank\" aria-label=\"Compartir en LinkedIn\" href='https:\/\/linkedin.com\/shareArticle?mini=true&#038;title=En%20Cochrane%20y%20Chile%20Chico%20Mejor%20Ni%C3%B1ez%20realiz%C3%B3%20el%20lanzamiento%20oficial%20de%20su%20Programa%20de%20Familias%20de%20Acogida&#038;url=https:\/\/radiorevelacionfm.cl\/?p=15663' aria-hidden='false' data-av_icon='\ue8fc' data-av_iconfont='entypo-fontello' title='' data-avia-related-tooltip='Compartir en LinkedIn' rel=\"noopener\"><span class='avia_hidden_link_text'>Compartir en LinkedIn<\/span><\/a><\/li><li class='av-share-link av-social-link-mail' ><a  aria-label=\"Compartir por correo\" href='mailto:?subject=En%20Cochrane%20y%20Chile%20Chico%20Mejor%20Ni%C3%B1ez%20realiz%C3%B3%20el%20lanzamiento%20oficial%20de%20su%20Programa%20de%20Familias%20de%20Acogida&#038;body=https:\/\/radiorevelacionfm.cl\/?p=15663' aria-hidden='false' data-av_icon='\ue805' data-av_iconfont='entypo-fontello' title='' data-avia-related-tooltip='Compartir por correo'><span class='avia_hidden_link_text'>Compartir por correo<\/span><\/a><\/li><\/ul><\/div><\/div>\n<div  style='height:50px' class='hr hr-invisible   avia-builder-el-8  el_after_av_social_share  el_before_av_comments_list '><span class='hr-inner ' ><span class='hr-inner-style'><\/span><\/span><\/div>\n<div  class='av-buildercomment  av-blog-meta-html-info-disabled av-blog-meta-tag-disabled  '><\/div>\n","protected":false},"excerpt":{"rendered":"","protected":false},"author":1,"featured_media":15665,"comment_status":"open","ping_status":"open","sticky":false,"template":"","format":"standard","meta":{"footnotes":""},"categories":[38],"tags":[],"class_list":["post-15663","post","type-post","status-publish","format-standard","has-post-thumbnail","hentry","category-regional"],"jetpack_featured_media_url":"https:\/\/radiorevelacionfm.cl\/wp-content\/uploads\/2022\/04\/Mejor-Ninez-1-1.jpg","_links":{"self":[{"href":"https:\/\/radiorevelacionfm.cl\/index.php?rest_route=\/wp\/v2\/posts\/15663","targetHints":{"allow":["GET"]}}],"collection":[{"href":"https:\/\/radiorevelacionfm.cl\/index.php?rest_route=\/wp\/v2\/posts"}],"about":[{"href":"https:\/\/radiorevelacionfm.cl\/index.php?rest_route=\/wp\/v2\/types\/post"}],"author":[{"embeddable":true,"href":"https:\/\/radiorevelacionfm.cl\/index.php?rest_route=\/wp\/v2\/users\/1"}],"replies":[{"embeddable":true,"href":"https:\/\/radiorevelacionfm.cl\/index.php?rest_route=%2Fwp%2Fv2%2Fcomments&post=15663"}],"version-history":[{"count":2,"href":"https:\/\/radiorevelacionfm.cl\/index.php?rest_route=\/wp\/v2\/posts\/15663\/revisions"}],"predecessor-version":[{"id":15673,"href":"https:\/\/radiorevelacionfm.cl\/index.php?rest_route=\/wp\/v2\/posts\/15663\/revisions\/15673"}],"wp:featuredmedia":[{"embeddable":true,"href":"https:\/\/radiorevelacionfm.cl\/index.php?rest_route=\/wp\/v2\/media\/15665"}],"wp:attachment":[{"href":"https:\/\/radiorevelacionfm.cl\/index.php?rest_route=%2Fwp%2Fv2%2Fmedia&parent=15663"}],"wp:term":[{"taxonomy":"category","embeddable":true,"href":"https:\/\/radiorevelacionfm.cl\/index.php?rest_route=%2Fwp%2Fv2%2Fcategories&post=15663"},{"taxonomy":"post_tag","embeddable":true,"href":"https:\/\/radiorevelacionfm.cl\/index.php?rest_route=%2Fwp%2Fv2%2Ftags&post=15663"}],"curies":[{"name":"wp","href":"https:\/\/api.w.org\/{rel}","templated":true}]}}