{"id":15659,"date":"2022-04-10T21:29:13","date_gmt":"2022-04-11T00:29:13","guid":{"rendered":"https:\/\/radiorevelacionfm.cl\/?p=15659"},"modified":"2022-04-10T21:29:13","modified_gmt":"2022-04-11T00:29:13","slug":"presentan-fondo-social-presidente-de-la-republica-ante-organizaciones-sociales-deportivas-y-culturales","status":"publish","type":"post","link":"https:\/\/radiorevelacionfm.cl\/?p=15659","title":{"rendered":"Presentan Fondo Social Presidente de la Rep\u00fablica ante organizaciones sociales, deportivas y culturales"},"content":{"rendered":"<div class=\"flex_column av_one_full  flex_column_div av-zero-column-padding first  avia-builder-el-0  el_before_av_one_full  avia-builder-el-first  \" style='border-radius:0px; '><div  class='avia-image-container  av-styling-    avia-builder-el-1  avia-builder-el-no-sibling  avia-align-center '  itemprop=\"image\" itemscope=\"itemscope\" itemtype=\"https:\/\/schema.org\/ImageObject\"  ><div class='avia-image-container-inner'><div class='avia-image-overlay-wrap'><img decoding=\"async\" class='wp-image-15660 avia-img-lazy-loading-not-15660 avia_image' src=\"https:\/\/radiorevelacionfm.cl\/wp-content\/uploads\/2022\/04\/img_2266-1_optimized.jpg\" alt='' title='img_2266-(1)_optimized' height=\"600\" width=\"1072\"  itemprop=\"thumbnailUrl\" srcset=\"https:\/\/radiorevelacionfm.cl\/wp-content\/uploads\/2022\/04\/img_2266-1_optimized.jpg 1072w, https:\/\/radiorevelacionfm.cl\/wp-content\/uploads\/2022\/04\/img_2266-1_optimized-300x168.jpg 300w, https:\/\/radiorevelacionfm.cl\/wp-content\/uploads\/2022\/04\/img_2266-1_optimized-1030x576.jpg 1030w, https:\/\/radiorevelacionfm.cl\/wp-content\/uploads\/2022\/04\/img_2266-1_optimized-768x430.jpg 768w, https:\/\/radiorevelacionfm.cl\/wp-content\/uploads\/2022\/04\/img_2266-1_optimized-705x395.jpg 705w, https:\/\/radiorevelacionfm.cl\/wp-content\/uploads\/2022\/04\/img_2266-1_optimized-600x336.jpg 600w\" sizes=\"(max-width: 1072px) 100vw, 1072px\" \/><\/div><\/div><\/div><\/div><div class=\"flex_column av_one_full  flex_column_div av-zero-column-padding first  avia-builder-el-2  el_after_av_one_full  el_before_av_one_full  column-top-margin\" style='border-radius:0px; '><section class=\"av_textblock_section \"  itemscope=\"itemscope\" itemtype=\"https:\/\/schema.org\/BlogPosting\" itemprop=\"blogPost\" ><div class='avia_textblock  '   itemprop=\"text\" ><p style=\"text-align: center;\"><strong><span style=\"font-size: 18pt;\">Presentan Fondo Social Presidente de la Rep\u00fablica ante organizaciones sociales, deportivas y culturales <\/span><\/strong><\/p>\n<div id=\"gtx-trans\" style=\"position: absolute; left: -50px; top: 4.31534px;\">\n<div class=\"gtx-trans-icon\"><\/div>\n<\/div>\n<\/div><\/section><\/div><div class=\"flex_column av_one_full  flex_column_div av-zero-column-padding first  avia-builder-el-4  el_after_av_one_full  el_before_av_hr  column-top-margin\" style='border-radius:0px; '><section class=\"av_textblock_section \"  itemscope=\"itemscope\" itemtype=\"https:\/\/schema.org\/BlogPosting\" itemprop=\"blogPost\" ><div class='avia_textblock  '   itemprop=\"text\" ><p style=\"text-align: justify;\">Junto a dirigentes de organizaciones sociales, deportivas y culturales, el Delegado Presidencial Regional, Rodrigo Araya Morales, y el equipo del Departamento Social del servicio, presentaron el Fondo Social Presidente de la Rep\u00fablica 2022.<\/p>\n<p style=\"text-align: justify;\">\u201cEste Fondo permite el financiamiento de proyectos que tengan car\u00e1cter social, preferentemente orientados a construir o fortalecer el tejido social, la participaci\u00f3n ciudadana y contribuir a superar algunos aspectos de vulnerabilidad de nuestras comunidades. Por ello, las \u00e1reas prioritarias de inversi\u00f3n estar\u00e1n centradas en el fomento a la vida comunitaria y creaci\u00f3n de tejido social, acci\u00f3n social y fomento productivo\u201d, se\u00f1al\u00f3 Rodrigo Araya.<\/p>\n<p style=\"text-align: justify;\">Mar\u00eda Isabel Montecinos, encargada del Fondo Social, indic\u00f3 que la convocatoria est\u00e1 dirigida a organizaciones sin fines de lucro, que no hayan sido beneficiadas en el proceso anterior.<\/p>\n<p style=\"text-align: justify;\">\u201cSe han entregado orientaciones generales sobre las bases para postular a los proyectos Fondo Social en la regi\u00f3n, los tipos de proyectos, los lineamientos y la finalidad que tienen estos proyectos para todas las organizaciones. Se puede postular, por ejemplo, equipamiento como refrigeradores, computadores, equipos deportivos, equipos para peque\u00f1os agricultores, pero siempre organizaciones\u201d, detall\u00f3.<\/p>\n<p style=\"text-align: justify;\">Entre quienes asistieron, Rosa Lep\u00edo, de la junta vecinal Cerro Negro, y presidenta de una comunidad ind\u00edgena expres\u00f3 su inter\u00e9s por participar en esta convocatoria.<\/p>\n<p style=\"text-align: justify;\">\u201cA nosotros nos interesa postular, por la poblaci\u00f3n, para implementaci\u00f3n y, por la comunidad, necesitamos comprar herramientas, porque parte de la comunidad ya tiene tierras, entonces nos faltan herramientas para trabajar. Estamos trabajando en le\u00f1a y nos faltan motosierra, generador, y quer\u00edamos ver la posibilidad si por este medio se pueden comprar estas cosas\u201d, indic\u00f3.<\/p>\n<p style=\"text-align: justify;\">Por su parte, la presidenta del Taller Adulto Mayor La Amistad, Mar\u00eda Isabel Fuentes, consider\u00f3 pertinente la convocatoria para agrupaciones de personas mayores.<\/p>\n<p style=\"text-align: justify;\">\u201cPara nosotros es muy importante postular a los fondos Presidente de la Rep\u00fablica, porque tenemos una sede en comodato y nos hacen falta mesas firmes, porque los adultos mayores tenemos problemas de equilibrio, usamos caballetes y vamos a postular a juegos de sal\u00f3n, para entretenernos, medir habilidades y eso\u201d, se\u00f1al\u00f3.<\/p>\n<p style=\"text-align: justify;\">El presupuesto para la convocatoria 2022 del Fondo Social Presidente de la Rep\u00fablica bordea los 27 millones de pesos, con plazo de postulaci\u00f3n al 27 de mayo pr\u00f3ximo. Consultas y detalles de los antecedentes pueden solicitarse en las oficinas de la Delegaci\u00f3n Presidencial Regional, ubicadas en calle Err\u00e1zuriz 375, Coyhaique.<\/p>\n<\/div><\/section><\/div><div  style='height:50px' class='hr hr-invisible   avia-builder-el-6  el_after_av_one_full  el_before_av_social_share '><span class='hr-inner ' ><span class='hr-inner-style'><\/span><\/span><\/div><\/p>\n<div  class='av-social-sharing-box  avia-builder-el-7  el_after_av_hr  el_before_av_hr  '><div class='av-share-box'><h5 class='av-share-link-description av-no-toc '>Compartir esta noticia<\/h5><ul class='av-share-box-list noLightbox'><li class='av-share-link av-social-link-facebook' ><a target=\"_blank\" aria-label=\"Compartir en Facebook\" href='https:\/\/www.facebook.com\/sharer.php?u=https:\/\/radiorevelacionfm.cl\/?p=15659&#038;t=Presentan%20Fondo%20Social%20Presidente%20de%20la%20Rep%C3%BAblica%20ante%20organizaciones%20sociales%2C%20deportivas%20y%20culturales' aria-hidden='false' data-av_icon='\ue8f3' data-av_iconfont='entypo-fontello' title='' data-avia-related-tooltip='Compartir en Facebook' rel=\"noopener\"><span class='avia_hidden_link_text'>Compartir en Facebook<\/span><\/a><\/li><li class='av-share-link av-social-link-twitter' ><a target=\"_blank\" aria-label=\"Compartir en Twitter\" href='https:\/\/twitter.com\/share?text=Presentan%20Fondo%20Social%20Presidente%20de%20la%20Rep%C3%BAblica%20ante%20organizaciones%20sociales%2C%20deportivas%20y%20culturales&#038;url=https:\/\/radiorevelacionfm.cl\/?p=15659' aria-hidden='false' data-av_icon='\ue8f1' data-av_iconfont='entypo-fontello' title='' data-avia-related-tooltip='Compartir en Twitter' rel=\"noopener\"><span class='avia_hidden_link_text'>Compartir en Twitter<\/span><\/a><\/li><li class='av-share-link av-social-link-whatsapp' ><a target=\"_blank\" aria-label=\"Compartir en Whatsapp\" href='https:\/\/api.whatsapp.com\/send?text=https:\/\/radiorevelacionfm.cl\/?p=15659' aria-hidden='false' data-av_icon='\uf232' data-av_iconfont='entypo-fontello' title='' data-avia-related-tooltip='Compartir en Whatsapp' rel=\"noopener\"><span class='avia_hidden_link_text'>Compartir en Whatsapp<\/span><\/a><\/li><li class='av-share-link av-social-link-linkedin' ><a target=\"_blank\" aria-label=\"Compartir en LinkedIn\" href='https:\/\/linkedin.com\/shareArticle?mini=true&#038;title=Presentan%20Fondo%20Social%20Presidente%20de%20la%20Rep%C3%BAblica%20ante%20organizaciones%20sociales%2C%20deportivas%20y%20culturales&#038;url=https:\/\/radiorevelacionfm.cl\/?p=15659' aria-hidden='false' data-av_icon='\ue8fc' data-av_iconfont='entypo-fontello' title='' data-avia-related-tooltip='Compartir en LinkedIn' rel=\"noopener\"><span class='avia_hidden_link_text'>Compartir en LinkedIn<\/span><\/a><\/li><li class='av-share-link av-social-link-mail' ><a  aria-label=\"Compartir por correo\" href='mailto:?subject=Presentan%20Fondo%20Social%20Presidente%20de%20la%20Rep%C3%BAblica%20ante%20organizaciones%20sociales%2C%20deportivas%20y%20culturales&#038;body=https:\/\/radiorevelacionfm.cl\/?p=15659' aria-hidden='false' data-av_icon='\ue805' data-av_iconfont='entypo-fontello' title='' data-avia-related-tooltip='Compartir por correo'><span class='avia_hidden_link_text'>Compartir por correo<\/span><\/a><\/li><\/ul><\/div><\/div>\n<div  style='height:50px' class='hr hr-invisible   avia-builder-el-8  el_after_av_social_share  el_before_av_comments_list '><span class='hr-inner ' ><span class='hr-inner-style'><\/span><\/span><\/div>\n<div  class='av-buildercomment  av-blog-meta-html-info-disabled av-blog-meta-tag-disabled  '><\/div>\n","protected":false},"excerpt":{"rendered":"","protected":false},"author":1,"featured_media":15660,"comment_status":"open","ping_status":"open","sticky":false,"template":"","format":"standard","meta":{"footnotes":""},"categories":[38],"tags":[],"class_list":["post-15659","post","type-post","status-publish","format-standard","has-post-thumbnail","hentry","category-regional"],"jetpack_featured_media_url":"https:\/\/radiorevelacionfm.cl\/wp-content\/uploads\/2022\/04\/img_2266-1_optimized.jpg","_links":{"self":[{"href":"https:\/\/radiorevelacionfm.cl\/index.php?rest_route=\/wp\/v2\/posts\/15659","targetHints":{"allow":["GET"]}}],"collection":[{"href":"https:\/\/radiorevelacionfm.cl\/index.php?rest_route=\/wp\/v2\/posts"}],"about":[{"href":"https:\/\/radiorevelacionfm.cl\/index.php?rest_route=\/wp\/v2\/types\/post"}],"author":[{"embeddable":true,"href":"https:\/\/radiorevelacionfm.cl\/index.php?rest_route=\/wp\/v2\/users\/1"}],"replies":[{"embeddable":true,"href":"https:\/\/radiorevelacionfm.cl\/index.php?rest_route=%2Fwp%2Fv2%2Fcomments&post=15659"}],"version-history":[{"count":2,"href":"https:\/\/radiorevelacionfm.cl\/index.php?rest_route=\/wp\/v2\/posts\/15659\/revisions"}],"predecessor-version":[{"id":15662,"href":"https:\/\/radiorevelacionfm.cl\/index.php?rest_route=\/wp\/v2\/posts\/15659\/revisions\/15662"}],"wp:featuredmedia":[{"embeddable":true,"href":"https:\/\/radiorevelacionfm.cl\/index.php?rest_route=\/wp\/v2\/media\/15660"}],"wp:attachment":[{"href":"https:\/\/radiorevelacionfm.cl\/index.php?rest_route=%2Fwp%2Fv2%2Fmedia&parent=15659"}],"wp:term":[{"taxonomy":"category","embeddable":true,"href":"https:\/\/radiorevelacionfm.cl\/index.php?rest_route=%2Fwp%2Fv2%2Fcategories&post=15659"},{"taxonomy":"post_tag","embeddable":true,"href":"https:\/\/radiorevelacionfm.cl\/index.php?rest_route=%2Fwp%2Fv2%2Ftags&post=15659"}],"curies":[{"name":"wp","href":"https:\/\/api.w.org\/{rel}","templated":true}]}}