{"id":15655,"date":"2022-04-10T20:58:04","date_gmt":"2022-04-10T23:58:04","guid":{"rendered":"https:\/\/radiorevelacionfm.cl\/?p=15655"},"modified":"2022-04-10T20:58:04","modified_gmt":"2022-04-10T23:58:04","slug":"seremi-del-mop-estamos-trabajando-con-nuestro-equipo-ministerial-y-en-forma-coordinada-como-gobierno-para-entregar-soluciones-a-los-temas-aun-pendientes","status":"publish","type":"post","link":"https:\/\/radiorevelacionfm.cl\/?p=15655","title":{"rendered":"Seremi del MOP: \u201cEstamos trabajando con nuestro equipo ministerial y en forma coordinada como gobierno para entregar soluciones a los temas a\u00fan pendientes\u201d"},"content":{"rendered":"<div class=\"flex_column av_one_full  flex_column_div av-zero-column-padding first  avia-builder-el-0  el_before_av_one_full  avia-builder-el-first  \" style='border-radius:0px; '><div  class='avia-image-container  av-styling-    avia-builder-el-1  avia-builder-el-no-sibling  avia-align-center '  itemprop=\"image\" itemscope=\"itemscope\" itemtype=\"https:\/\/schema.org\/ImageObject\"  ><div class='avia-image-container-inner'><div class='avia-image-overlay-wrap'><img decoding=\"async\" class='wp-image-15656 avia-img-lazy-loading-not-15656 avia_image' src=\"https:\/\/radiorevelacionfm.cl\/wp-content\/uploads\/2022\/04\/dos-4-1_optimized.jpg\" alt='' title='dos-(4)-(1)_optimized' height=\"600\" width=\"1129\"  itemprop=\"thumbnailUrl\" srcset=\"https:\/\/radiorevelacionfm.cl\/wp-content\/uploads\/2022\/04\/dos-4-1_optimized.jpg 1129w, https:\/\/radiorevelacionfm.cl\/wp-content\/uploads\/2022\/04\/dos-4-1_optimized-300x159.jpg 300w, https:\/\/radiorevelacionfm.cl\/wp-content\/uploads\/2022\/04\/dos-4-1_optimized-1030x547.jpg 1030w, https:\/\/radiorevelacionfm.cl\/wp-content\/uploads\/2022\/04\/dos-4-1_optimized-768x408.jpg 768w, https:\/\/radiorevelacionfm.cl\/wp-content\/uploads\/2022\/04\/dos-4-1_optimized-705x375.jpg 705w, https:\/\/radiorevelacionfm.cl\/wp-content\/uploads\/2022\/04\/dos-4-1_optimized-600x319.jpg 600w\" sizes=\"(max-width: 1129px) 100vw, 1129px\" \/><\/div><\/div><\/div><\/div><div class=\"flex_column av_one_full  flex_column_div av-zero-column-padding first  avia-builder-el-2  el_after_av_one_full  el_before_av_one_full  column-top-margin\" style='border-radius:0px; '><section class=\"av_textblock_section \"  itemscope=\"itemscope\" itemtype=\"https:\/\/schema.org\/BlogPosting\" itemprop=\"blogPost\" ><div class='avia_textblock  '   itemprop=\"text\" ><p style=\"text-align: center;\"><span style=\"font-size: 18pt;\"><strong>Seremi del MOP: <\/strong><strong>\u201cEstamos trabajando con nuestro equipo ministerial y en forma coordinada como gobierno para entregar soluciones a los temas a\u00fan pendientes\u201d<\/strong><\/span><\/p>\n<div id=\"gtx-trans\" style=\"position: absolute; left: -50px; top: 4.31534px;\">\n<div class=\"gtx-trans-icon\"><\/div>\n<\/div>\n<\/div><\/section><\/div><div class=\"flex_column av_one_full  flex_column_div av-zero-column-padding first  avia-builder-el-4  el_after_av_one_full  el_before_av_hr  column-top-margin\" style='border-radius:0px; '><section class=\"av_textblock_section \"  itemscope=\"itemscope\" itemtype=\"https:\/\/schema.org\/BlogPosting\" itemprop=\"blogPost\" ><div class='avia_textblock  '   itemprop=\"text\" ><p style=\"text-align: justify;\">Una serie de reuniones con los equipos de las Direcciones Regionales del MOP y paralelamente con la Delegaci\u00f3n Presidencial Regional y las Delegaciones Provinciales ha estado realizando el Secretario Regional Ministerial de Obras P\u00fablicas, Patricio Sanhueza Ulloa el objetivo de acordar junto a los diversos sectores y representantes de la comunidad alternativas de soluci\u00f3n a una importante serie de desaf\u00edos y\/o materias pendientes que son de suma urgencia para la comunidad abordar a la brevedad.<\/p>\n<p style=\"text-align: justify;\">\u201cPartimos nuestra gesti\u00f3n trabajando internamente con los equipos para escuchar y conversar con ellos respecto de sus preocupaciones y necesidades, as\u00ed como tambi\u00e9n transmitirles esperanza en este nuevo gobierno y confianza en que la carrera funcionaria vuelva a tener un rol preponderante en nuestro Ministerio. Paralelamente, junto a los equipos hemos realizado un diagn\u00f3stico en detalle de la situaci\u00f3n actual en materia de inversi\u00f3n, obras construidas, en ejecuci\u00f3n y obras que hoy presentan importantes problemas que afectar\u00e1n a los usuarios y que a partir del 11 de marzo son parte de la cartera de desaf\u00edos que estamos asumiendo\u201d.<\/p>\n<p style=\"text-align: justify;\">Hoy -agreg\u00f3 la autoridad regional del MOP- \u201cel diagn\u00f3stico demuestra que tenemos dos contratos en la Ruta 7 que van a ser liquidados y por lo tanto, las obras van a tener un per\u00edodo de tiempo de discontinuidad en su ejecuci\u00f3n lo que afectar\u00e1 a nuestros usuarios y usuarias de la red vial en ese sector e impactar\u00e1 negativamente en la absorci\u00f3n de mano de obra y en el \u00e1rea productiva y econ\u00f3mica de la regi\u00f3n, por lo que hoy estamos concentrados en buscar soluciones viables a estas situaciones heredadas, para dar continuidad a la ejecuci\u00f3n de estas obras que son de gran relevancia; a esto se agrega, que hay alrededor de dos contratos m\u00e1s en los que no tenemos certezas respecto de su ejecuci\u00f3n en otros sectores de la regi\u00f3n, por lo tanto para Vialidad, que es la Direcci\u00f3n Regional del MOP que tiene a su cargo del orden de un 80% de la inversi\u00f3n ministerial, esto es grave, porque no nos permite avanzar al ritmo que necesitamos para poder llevar a efecto estos cambios\u201d.<\/p>\n<p style=\"text-align: justify;\">Pero no todo son noticias negativas, agreg\u00f3 la autoridad sectorial porque \u201cestamos avanzando en la licitaci\u00f3n de la pavimentaci\u00f3n del camino hacia lago Atravesado y tambi\u00e9n estamos avanzando en el proceso expropiatorio de cuatro rutas para el proyecto de mejoramiento de caminos varios de la comuna de Coyhaique y de la Ruta 265-CH cruce Mait\u00e9n-Guadal. Existe un avance realizado del a\u00f1o pasado en el camino puente Osses- escuela El Claro hacia el sector Huemules y tambi\u00e9n desde el sector puente Osses con direcci\u00f3n hacia el sector de Las Antenas. Adicionalmente, en un tercer camino que se ha avanzado bastante en materia de expropiaciones es el de Tejas Verdes a las Bandurrias, por lo tanto hoy lo que vamos a hacer es completar otras etapas del plan expropiatorio para preparar a fin de este a\u00f1o las respectivas licitaciones. Hoy estamos ejecutando lo que se program\u00f3 el a\u00f1o pasado y que est\u00e1 incluido en el Decreto de ejecuci\u00f3n presupuestaria del Ministerio de Hacienda, por lo tanto, este a\u00f1o no tenemos mucho margen para hacer modificaciones, y lo l\u00f3gico es ejecutar las obras ya programadas y solucionar los problemas heredados, as\u00ed que en ese sentido la buena noticia es que todas las obras que podamos ejecutar las vamos a concretar. Estamos tambi\u00e9n trabajando internamente en el Programa de Conectividad Interior, que sabemos es muy sentido por la comunidad y el que aborda caminos de menor est\u00e1ndar en donde hoy d\u00eda no contamos con infraestructura p\u00fablica y\/o puentes, y \u00a0en donde nos piden exigencias superiores como tener las fajas inscritas para poder materializar estas obras, por lo tanto estamos trabajando en ello debido a que el a\u00f1o pasado no se pudo\u00a0 realizar obras y queremos enfocar nuestros esfuerzos este a\u00f1o en este programa tambi\u00e9n para poder concretar obras. En otras \u00e1reas del MOP vamos a continuar trabajando en el Plan de Cuencas que hoy d\u00eda ejecuta la Direcci\u00f3n de Aguas, vamos a avanzar en generar nuevos y m\u00e1s \u00a0dise\u00f1os y obras de Servicios Sanitarios Rurales para el abastecimiento de agua potable rural; tambi\u00e9n hemos conversado con el Delegado Presidencial Regional respecto del Convenio de Programaci\u00f3n para la pavimentaci\u00f3n de la Ruta 7, y de efectuar un catastro de todos los proyectos que tenemos tanto en ejecuci\u00f3n como en etapa de idea y generar una instancia de trabajo coordinado entre las diferentes Instituciones e instancias de financiamiento para la ejecuci\u00f3n de obras de diversa \u00edndole. Nuestro enfoque estos cuatro a\u00f1os es pensar los dise\u00f1os y construir infraestructura para el buen vivir, lo que dice relaci\u00f3n con ser buenos vecinos y no pensar solamente en una infraestructura que sirva a los usuarios, sino que adem\u00e1s sirva y sea amigable con\u00a0 toda la comunidad y\u00a0 con el Medio Ambiente\u201d.<\/p>\n<p style=\"text-align: justify;\">Con respecto a las obras inconclusas que se encuentran en el acceso norte a la ciudad de Coyhaique, el SEREMI del MOP inform\u00f3 que \u00a0\u201cestamos logrando finiquitar la parte administrativa del contrato anterior, lo que nos va a permitir preparar una nueva licitaci\u00f3n y terminar esas obras que incluyen la construcci\u00f3n de una rotonda, terminar el acceso al puente, se\u00f1alizaci\u00f3n, delimitaci\u00f3n y otras partidas que no fueron ejecutadas, as\u00ed que esperamos durante este a\u00f1o poder dar inicio al proceso de licitaci\u00f3n de esa obra\u201d.<\/p>\n<p style=\"text-align: justify;\">Consultado respecto a la situaci\u00f3n de conectividad entre Chile Chico y Puerto Ingeniero Ib\u00e1\u00f1ez e interior, Patricio Sanhueza se\u00f1al\u00f3 que \u201cesa es nuestra mayor ocupaci\u00f3n y preocupaci\u00f3n. Estamos trabajando con los equipos del Ministerio de Transportes, de la Delegaci\u00f3n Presidencial Regional y Delegaci\u00f3n Provincial de General Carrera para avanzar y dar premura a las soluciones para mejorar las condiciones de conectividad lacustre de la comunidad y alternativas de soluci\u00f3n definitiva\u201d.<\/p>\n<\/div><\/section><\/div><div  style='height:50px' class='hr hr-invisible   avia-builder-el-6  el_after_av_one_full  el_before_av_social_share '><span class='hr-inner ' ><span class='hr-inner-style'><\/span><\/span><\/div><\/p>\n<div  class='av-social-sharing-box  avia-builder-el-7  el_after_av_hr  el_before_av_hr  '><div class='av-share-box'><h5 class='av-share-link-description av-no-toc '>Compartir esta noticia<\/h5><ul class='av-share-box-list noLightbox'><li class='av-share-link av-social-link-facebook' ><a target=\"_blank\" aria-label=\"Compartir en Facebook\" href='https:\/\/www.facebook.com\/sharer.php?u=https:\/\/radiorevelacionfm.cl\/?p=15655&#038;t=Seremi%20del%20MOP%3A%20%E2%80%9CEstamos%20trabajando%20con%20nuestro%20equipo%20ministerial%20y%20en%20forma%20coordinada%20como%20gobierno%20para%20entregar%20soluciones%20a%20los%20temas%20a%C3%BAn%20pendientes%E2%80%9D' aria-hidden='false' data-av_icon='\ue8f3' data-av_iconfont='entypo-fontello' title='' data-avia-related-tooltip='Compartir en Facebook' rel=\"noopener\"><span class='avia_hidden_link_text'>Compartir en Facebook<\/span><\/a><\/li><li class='av-share-link av-social-link-twitter' ><a target=\"_blank\" aria-label=\"Compartir en Twitter\" href='https:\/\/twitter.com\/share?text=Seremi%20del%20MOP%3A%20%E2%80%9CEstamos%20trabajando%20con%20nuestro%20equipo%20ministerial%20y%20en%20forma%20coordinada%20como%20gobierno%20para%20entregar%20soluciones%20a%20los%20temas%20a%C3%BAn%20pendientes%E2%80%9D&#038;url=https:\/\/radiorevelacionfm.cl\/?p=15655' aria-hidden='false' data-av_icon='\ue8f1' data-av_iconfont='entypo-fontello' title='' data-avia-related-tooltip='Compartir en Twitter' rel=\"noopener\"><span class='avia_hidden_link_text'>Compartir en Twitter<\/span><\/a><\/li><li class='av-share-link av-social-link-whatsapp' ><a target=\"_blank\" aria-label=\"Compartir en Whatsapp\" href='https:\/\/api.whatsapp.com\/send?text=https:\/\/radiorevelacionfm.cl\/?p=15655' aria-hidden='false' data-av_icon='\uf232' data-av_iconfont='entypo-fontello' title='' data-avia-related-tooltip='Compartir en Whatsapp' rel=\"noopener\"><span class='avia_hidden_link_text'>Compartir en Whatsapp<\/span><\/a><\/li><li class='av-share-link av-social-link-linkedin' ><a target=\"_blank\" aria-label=\"Compartir en LinkedIn\" href='https:\/\/linkedin.com\/shareArticle?mini=true&#038;title=Seremi%20del%20MOP%3A%20%E2%80%9CEstamos%20trabajando%20con%20nuestro%20equipo%20ministerial%20y%20en%20forma%20coordinada%20como%20gobierno%20para%20entregar%20soluciones%20a%20los%20temas%20a%C3%BAn%20pendientes%E2%80%9D&#038;url=https:\/\/radiorevelacionfm.cl\/?p=15655' aria-hidden='false' data-av_icon='\ue8fc' data-av_iconfont='entypo-fontello' title='' data-avia-related-tooltip='Compartir en LinkedIn' rel=\"noopener\"><span class='avia_hidden_link_text'>Compartir en LinkedIn<\/span><\/a><\/li><li class='av-share-link av-social-link-mail' ><a  aria-label=\"Compartir por correo\" href='mailto:?subject=Seremi%20del%20MOP%3A%20%E2%80%9CEstamos%20trabajando%20con%20nuestro%20equipo%20ministerial%20y%20en%20forma%20coordinada%20como%20gobierno%20para%20entregar%20soluciones%20a%20los%20temas%20a%C3%BAn%20pendientes%E2%80%9D&#038;body=https:\/\/radiorevelacionfm.cl\/?p=15655' aria-hidden='false' data-av_icon='\ue805' data-av_iconfont='entypo-fontello' title='' data-avia-related-tooltip='Compartir por correo'><span class='avia_hidden_link_text'>Compartir por correo<\/span><\/a><\/li><\/ul><\/div><\/div>\n<div  style='height:50px' class='hr hr-invisible   avia-builder-el-8  el_after_av_social_share  el_before_av_comments_list '><span class='hr-inner ' ><span class='hr-inner-style'><\/span><\/span><\/div>\n<div  class='av-buildercomment  av-blog-meta-html-info-disabled av-blog-meta-tag-disabled  '><\/div>\n","protected":false},"excerpt":{"rendered":"","protected":false},"author":1,"featured_media":15656,"comment_status":"open","ping_status":"open","sticky":false,"template":"","format":"standard","meta":{"footnotes":""},"categories":[38],"tags":[],"class_list":["post-15655","post","type-post","status-publish","format-standard","has-post-thumbnail","hentry","category-regional"],"jetpack_featured_media_url":"https:\/\/radiorevelacionfm.cl\/wp-content\/uploads\/2022\/04\/dos-4-1_optimized.jpg","_links":{"self":[{"href":"https:\/\/radiorevelacionfm.cl\/index.php?rest_route=\/wp\/v2\/posts\/15655","targetHints":{"allow":["GET"]}}],"collection":[{"href":"https:\/\/radiorevelacionfm.cl\/index.php?rest_route=\/wp\/v2\/posts"}],"about":[{"href":"https:\/\/radiorevelacionfm.cl\/index.php?rest_route=\/wp\/v2\/types\/post"}],"author":[{"embeddable":true,"href":"https:\/\/radiorevelacionfm.cl\/index.php?rest_route=\/wp\/v2\/users\/1"}],"replies":[{"embeddable":true,"href":"https:\/\/radiorevelacionfm.cl\/index.php?rest_route=%2Fwp%2Fv2%2Fcomments&post=15655"}],"version-history":[{"count":2,"href":"https:\/\/radiorevelacionfm.cl\/index.php?rest_route=\/wp\/v2\/posts\/15655\/revisions"}],"predecessor-version":[{"id":15658,"href":"https:\/\/radiorevelacionfm.cl\/index.php?rest_route=\/wp\/v2\/posts\/15655\/revisions\/15658"}],"wp:featuredmedia":[{"embeddable":true,"href":"https:\/\/radiorevelacionfm.cl\/index.php?rest_route=\/wp\/v2\/media\/15656"}],"wp:attachment":[{"href":"https:\/\/radiorevelacionfm.cl\/index.php?rest_route=%2Fwp%2Fv2%2Fmedia&parent=15655"}],"wp:term":[{"taxonomy":"category","embeddable":true,"href":"https:\/\/radiorevelacionfm.cl\/index.php?rest_route=%2Fwp%2Fv2%2Fcategories&post=15655"},{"taxonomy":"post_tag","embeddable":true,"href":"https:\/\/radiorevelacionfm.cl\/index.php?rest_route=%2Fwp%2Fv2%2Ftags&post=15655"}],"curies":[{"name":"wp","href":"https:\/\/api.w.org\/{rel}","templated":true}]}}