{"id":15651,"date":"2022-04-10T15:30:34","date_gmt":"2022-04-10T18:30:34","guid":{"rendered":"https:\/\/radiorevelacionfm.cl\/?p=15651"},"modified":"2022-04-10T15:30:34","modified_gmt":"2022-04-10T18:30:34","slug":"en-emotiva-ceremonia-el-cft-estatal-de-aysen-inauguro-su-primer-ano-academico","status":"publish","type":"post","link":"https:\/\/radiorevelacionfm.cl\/?p=15651","title":{"rendered":"En emotiva ceremonia el CFT Estatal de Ays\u00e9n inaugur\u00f3 su primer a\u00f1o acad\u00e9mico"},"content":{"rendered":"<div class=\"flex_column av_one_full  flex_column_div av-zero-column-padding first  avia-builder-el-0  el_before_av_one_full  avia-builder-el-first  \" style='border-radius:0px; '><div  class='avia-image-container  av-styling-    avia-builder-el-1  avia-builder-el-no-sibling  avia-align-center '  itemprop=\"image\" itemscope=\"itemscope\" itemtype=\"https:\/\/schema.org\/ImageObject\"  ><div class='avia-image-container-inner'><div class='avia-image-overlay-wrap'><img decoding=\"async\" class='wp-image-15652 avia-img-lazy-loading-not-15652 avia_image' src=\"https:\/\/radiorevelacionfm.cl\/wp-content\/uploads\/2022\/04\/subse3-1_optimized.jpg\" alt='' title='subse3-(1)_optimized' height=\"600\" width=\"800\"  itemprop=\"thumbnailUrl\" srcset=\"https:\/\/radiorevelacionfm.cl\/wp-content\/uploads\/2022\/04\/subse3-1_optimized.jpg 800w, https:\/\/radiorevelacionfm.cl\/wp-content\/uploads\/2022\/04\/subse3-1_optimized-300x225.jpg 300w, https:\/\/radiorevelacionfm.cl\/wp-content\/uploads\/2022\/04\/subse3-1_optimized-768x576.jpg 768w, https:\/\/radiorevelacionfm.cl\/wp-content\/uploads\/2022\/04\/subse3-1_optimized-705x529.jpg 705w, https:\/\/radiorevelacionfm.cl\/wp-content\/uploads\/2022\/04\/subse3-1_optimized-600x450.jpg 600w\" sizes=\"(max-width: 800px) 100vw, 800px\" \/><\/div><\/div><\/div><\/div><div class=\"flex_column av_one_full  flex_column_div av-zero-column-padding first  avia-builder-el-2  el_after_av_one_full  el_before_av_one_full  column-top-margin\" style='border-radius:0px; '><section class=\"av_textblock_section \"  itemscope=\"itemscope\" itemtype=\"https:\/\/schema.org\/BlogPosting\" itemprop=\"blogPost\" ><div class='avia_textblock  '   itemprop=\"text\" ><p style=\"text-align: center;\"><b><span lang=\"ES\"><span style=\"font-size: 18pt;\">En emotiva ceremonia el CFT Estatal de Ays\u00e9n inaugur\u00f3 su primer a\u00f1o acad\u00e9mico<\/span><\/span><\/b><\/p>\n<div id=\"gtx-trans\" style=\"position: absolute; left: -50px; top: 4.31534px;\">\n<div class=\"gtx-trans-icon\"><\/div>\n<\/div>\n<\/div><\/section><\/div><div class=\"flex_column av_one_full  flex_column_div av-zero-column-padding first  avia-builder-el-4  el_after_av_one_full  el_before_av_hr  column-top-margin\" style='border-radius:0px; '><section class=\"av_textblock_section \"  itemscope=\"itemscope\" itemtype=\"https:\/\/schema.org\/BlogPosting\" itemprop=\"blogPost\" ><div class='avia_textblock  '   itemprop=\"text\" ><p class=\"v1MsoNormal\" style=\"text-align: justify;\">En el marco de la inauguraci\u00f3n del primer a\u00f1o acad\u00e9mico del Centro de Formaci\u00f3n T\u00e9cnica Estatal de Ays\u00e9n, ubicado en Puerto Ays\u00e9n, la\u00a0subsecretaria\u00a0de Educaci\u00f3n Superior, Ver\u00f3nica Figueroa Huencho, en compa\u00f1\u00eda de autoridades regionales, el rector del CFT, V\u00edctor \u00c1lvarez Vel\u00e1squez, representantes de las comunidades educativas de la regi\u00f3n, docentes y las y los nuevos estudiantes, destac\u00f3 que este a\u00f1o se ha completado la instalaci\u00f3n de la red de 15 CFT Estatales establecida en la Ley 20.910.<\/p>\n<p class=\"v1MsoNormal\" style=\"text-align: justify;\"><span lang=\"ES\">\u00abComo Gobierno uno de nuestros ejes prioritarios es el fortalecimiento de la educaci\u00f3n t\u00e9cnico profesional, vinculando las trayectorias formativas y laborales con los territorios. De manera especial, queremos expandir y potenciar la educaci\u00f3n p\u00fablica, y en ese sentido, estar junto a la comunidad educativa del CFT Estatal de Ays\u00e9n es para nosotros motivo de orgullo y alegr\u00eda. Desde Puerto Ays\u00e9n, queremos reafirmar nuestro compromiso para apoyar de manera decidida el trabajo que a lo largo del pa\u00eds hace la red de CFT Estatales que este a\u00f1o ya cuentan con 8.700 estudiantes matriculados. Trabajaremos junto a sus comunidades para que cada vez sean m\u00e1s las y los j\u00f3venes y adultos que puedan concretar en estas instituciones p\u00fablicas sus anhelos y esperanzas\u00bb, destac\u00f3 la subsecretaria.<\/span><\/p>\n<p class=\"v1MsoNormal\" style=\"text-align: justify;\"><span lang=\"ES\">De acuerdo a la informaci\u00f3n entregada por la subsecretaria, este a\u00f1o los 15 CFT Estatales, emplazados desde Arica a Porvenir tienen un total de 88 carreras vinculadas a las necesidades de sus territorios, cuentan con 562 docentes y est\u00e1n todos adscritos a gratuidad.<\/span><span lang=\"ES\">\u00a0<\/span>Como parte de la agenda de Gobierno, se plantea\u00a0<span lang=\"ES\">un gran compromiso con su fortalecimiento<\/span>, proponiendo una educaci\u00f3n orientada al desarrollo de conocimientos en estrecha relaci\u00f3n con el trabajo pr\u00e1ctico y las nuevas tecnolog\u00edas en los distintos territorios. A su vez, se espera contribuir decisivamente en la construcci\u00f3n de una ciudadan\u00eda inspirada en valores democr\u00e1ticos y pensamiento cr\u00edtico.<\/p>\n<p class=\"v1MsoNormal\" style=\"text-align: justify;\"><b><span lang=\"ES\">\u00a0<\/span><\/b><\/p>\n<p class=\"v1MsoNormal\" style=\"text-align: justify;\"><b><span lang=\"ES\">CFT Estatal de Ays\u00e9n<\/span><\/b><\/p>\n<p class=\"v1MsoNormal\" style=\"text-align: justify;\"><span lang=\"ES\">La inauguraci\u00f3n del primer a\u00f1o acad\u00e9mico de CFT Estatal de Ays\u00e9n fue el cierre de una jornada de encuentro para toda la comunidad, en la que las autoridades de la Subsecretar\u00eda de Educaci\u00f3n Superior pudieron dialogar con las autoridades locales, los directivos del CFT, participar de la ceremonia en que se dio a conocer el proyecto de la futura sede de la instituci\u00f3n, y finalmente compartir con las y los 84 estudiantes del CFT, que cursar\u00e1n las carreras de T\u00e9cnico de Nivel Superior en Administraci\u00f3n de Sistemas Log\u00edsticos, y T\u00e9cnico de Nivel Superior en Administraci\u00f3n P\u00fablica.<\/span><\/p>\n<p class=\"v1MsoNormal\" style=\"text-align: justify;\"><span lang=\"ES\">En la ceremonia, el rector del CFT Estatal de Ays\u00e9n, V\u00edctor \u00c1lvarez, valor\u00f3 que \u00abhoy las autoridades quisieron estar aqu\u00ed en Puerto Ays\u00e9n. Tenemos los cupos completos, 84 estudiantes que est\u00e1n muy contentos, y lo m\u00e1s importante a destacar es que hoy estamos materializando el proyecto del CFT Estatal de Ays\u00e9n\u00bb.<\/span><\/p>\n<p class=\"v1MsoNormal\" style=\"text-align: justify;\"><span lang=\"ES\">Por su parte, la Seremi de Educaci\u00f3n de Ays\u00e9n, Isabel Garrido Casassa enfatiz\u00f3 que \u00abtenemos un compromiso como Gobierno con el fortalecimiento de la educaci\u00f3n p\u00fablica, as\u00ed que como Seremi de Educaci\u00f3n ponemos a nuestra disposici\u00f3n toda nuestra voluntad para que al CFT le vaya excelente, y tambi\u00e9n nos alegra mucho que sea aqu\u00ed, en Puerto Ays\u00e9n, porque tenemos que empezar a descentralizar nuestra regi\u00f3n\u00bb.<\/span><\/p>\n<p class=\"v1MsoNormal\" style=\"text-align: justify;\"><span lang=\"ES\">Finalmente, Silvia Klagges, concejala y estudiante del CFT Estatal de Ays\u00e9n, afirm\u00f3: \u00abpara m\u00ed es un privilegio poder formar parte de este hito, creo que es algo que viene a dar una esperanza para quienes de alguna manera ten\u00edan postergado sus estudios. Hoy se nos da la oportunidad a todos, a todo el que quiera estudiar\u00bb.<\/span><\/p>\n<\/div><\/section><\/div><div  style='height:50px' class='hr hr-invisible   avia-builder-el-6  el_after_av_one_full  el_before_av_social_share '><span class='hr-inner ' ><span class='hr-inner-style'><\/span><\/span><\/div><\/p>\n<div  class='av-social-sharing-box  avia-builder-el-7  el_after_av_hr  el_before_av_hr  '><div class='av-share-box'><h5 class='av-share-link-description av-no-toc '>Compartir esta noticia<\/h5><ul class='av-share-box-list noLightbox'><li class='av-share-link av-social-link-facebook' ><a target=\"_blank\" aria-label=\"Compartir en Facebook\" href='https:\/\/www.facebook.com\/sharer.php?u=https:\/\/radiorevelacionfm.cl\/?p=15651&#038;t=En%20emotiva%20ceremonia%20el%20CFT%20Estatal%20de%20Ays%C3%A9n%20inaugur%C3%B3%20su%20primer%20a%C3%B1o%20acad%C3%A9mico' aria-hidden='false' data-av_icon='\ue8f3' data-av_iconfont='entypo-fontello' title='' data-avia-related-tooltip='Compartir en Facebook' rel=\"noopener\"><span class='avia_hidden_link_text'>Compartir en Facebook<\/span><\/a><\/li><li class='av-share-link av-social-link-twitter' ><a target=\"_blank\" aria-label=\"Compartir en Twitter\" href='https:\/\/twitter.com\/share?text=En%20emotiva%20ceremonia%20el%20CFT%20Estatal%20de%20Ays%C3%A9n%20inaugur%C3%B3%20su%20primer%20a%C3%B1o%20acad%C3%A9mico&#038;url=https:\/\/radiorevelacionfm.cl\/?p=15651' aria-hidden='false' data-av_icon='\ue8f1' data-av_iconfont='entypo-fontello' title='' data-avia-related-tooltip='Compartir en Twitter' rel=\"noopener\"><span class='avia_hidden_link_text'>Compartir en Twitter<\/span><\/a><\/li><li class='av-share-link av-social-link-whatsapp' ><a target=\"_blank\" aria-label=\"Compartir en Whatsapp\" href='https:\/\/api.whatsapp.com\/send?text=https:\/\/radiorevelacionfm.cl\/?p=15651' aria-hidden='false' data-av_icon='\uf232' data-av_iconfont='entypo-fontello' title='' data-avia-related-tooltip='Compartir en Whatsapp' rel=\"noopener\"><span class='avia_hidden_link_text'>Compartir en Whatsapp<\/span><\/a><\/li><li class='av-share-link av-social-link-linkedin' ><a target=\"_blank\" aria-label=\"Compartir en LinkedIn\" href='https:\/\/linkedin.com\/shareArticle?mini=true&#038;title=En%20emotiva%20ceremonia%20el%20CFT%20Estatal%20de%20Ays%C3%A9n%20inaugur%C3%B3%20su%20primer%20a%C3%B1o%20acad%C3%A9mico&#038;url=https:\/\/radiorevelacionfm.cl\/?p=15651' aria-hidden='false' data-av_icon='\ue8fc' data-av_iconfont='entypo-fontello' title='' data-avia-related-tooltip='Compartir en LinkedIn' rel=\"noopener\"><span class='avia_hidden_link_text'>Compartir en LinkedIn<\/span><\/a><\/li><li class='av-share-link av-social-link-mail' ><a  aria-label=\"Compartir por correo\" href='mailto:?subject=En%20emotiva%20ceremonia%20el%20CFT%20Estatal%20de%20Ays%C3%A9n%20inaugur%C3%B3%20su%20primer%20a%C3%B1o%20acad%C3%A9mico&#038;body=https:\/\/radiorevelacionfm.cl\/?p=15651' aria-hidden='false' data-av_icon='\ue805' data-av_iconfont='entypo-fontello' title='' data-avia-related-tooltip='Compartir por correo'><span class='avia_hidden_link_text'>Compartir por correo<\/span><\/a><\/li><\/ul><\/div><\/div>\n<div  style='height:50px' class='hr hr-invisible   avia-builder-el-8  el_after_av_social_share  el_before_av_comments_list '><span class='hr-inner ' ><span class='hr-inner-style'><\/span><\/span><\/div>\n<div  class='av-buildercomment  av-blog-meta-html-info-disabled av-blog-meta-tag-disabled  '><\/div>\n","protected":false},"excerpt":{"rendered":"","protected":false},"author":1,"featured_media":15652,"comment_status":"open","ping_status":"open","sticky":false,"template":"","format":"standard","meta":{"footnotes":""},"categories":[49],"tags":[],"class_list":["post-15651","post","type-post","status-publish","format-standard","has-post-thumbnail","hentry","category-educacion"],"jetpack_featured_media_url":"https:\/\/radiorevelacionfm.cl\/wp-content\/uploads\/2022\/04\/subse3-1_optimized.jpg","_links":{"self":[{"href":"https:\/\/radiorevelacionfm.cl\/index.php?rest_route=\/wp\/v2\/posts\/15651","targetHints":{"allow":["GET"]}}],"collection":[{"href":"https:\/\/radiorevelacionfm.cl\/index.php?rest_route=\/wp\/v2\/posts"}],"about":[{"href":"https:\/\/radiorevelacionfm.cl\/index.php?rest_route=\/wp\/v2\/types\/post"}],"author":[{"embeddable":true,"href":"https:\/\/radiorevelacionfm.cl\/index.php?rest_route=\/wp\/v2\/users\/1"}],"replies":[{"embeddable":true,"href":"https:\/\/radiorevelacionfm.cl\/index.php?rest_route=%2Fwp%2Fv2%2Fcomments&post=15651"}],"version-history":[{"count":2,"href":"https:\/\/radiorevelacionfm.cl\/index.php?rest_route=\/wp\/v2\/posts\/15651\/revisions"}],"predecessor-version":[{"id":15654,"href":"https:\/\/radiorevelacionfm.cl\/index.php?rest_route=\/wp\/v2\/posts\/15651\/revisions\/15654"}],"wp:featuredmedia":[{"embeddable":true,"href":"https:\/\/radiorevelacionfm.cl\/index.php?rest_route=\/wp\/v2\/media\/15652"}],"wp:attachment":[{"href":"https:\/\/radiorevelacionfm.cl\/index.php?rest_route=%2Fwp%2Fv2%2Fmedia&parent=15651"}],"wp:term":[{"taxonomy":"category","embeddable":true,"href":"https:\/\/radiorevelacionfm.cl\/index.php?rest_route=%2Fwp%2Fv2%2Fcategories&post=15651"},{"taxonomy":"post_tag","embeddable":true,"href":"https:\/\/radiorevelacionfm.cl\/index.php?rest_route=%2Fwp%2Fv2%2Ftags&post=15651"}],"curies":[{"name":"wp","href":"https:\/\/api.w.org\/{rel}","templated":true}]}}