{"id":15648,"date":"2022-04-10T22:14:38","date_gmt":"2022-04-11T01:14:38","guid":{"rendered":"https:\/\/radiorevelacionfm.cl\/?p=15648"},"modified":"2022-04-10T22:14:38","modified_gmt":"2022-04-11T01:14:38","slug":"organizaciones-esperan-que-nueva-administracion-revierta-practicas-del-gobierno-anterior-en-materia-socioambiental","status":"publish","type":"post","link":"https:\/\/radiorevelacionfm.cl\/?p=15648","title":{"rendered":"Organizaciones esperan que nueva administraci\u00f3n revierta pr\u00e1cticas del gobierno anterior en materia socioambiental"},"content":{"rendered":"<div class=\"flex_column av_one_full  flex_column_div av-zero-column-padding first  avia-builder-el-0  el_before_av_one_full  avia-builder-el-first  \" style='border-radius:0px; '><div  class='avia-image-container  av-styling-    avia-builder-el-1  avia-builder-el-no-sibling  avia-align-center '  itemprop=\"image\" itemscope=\"itemscope\" itemtype=\"https:\/\/schema.org\/ImageObject\"  ><div class='avia-image-container-inner'><div class='avia-image-overlay-wrap'><img decoding=\"async\" class='wp-image-15649 avia-img-lazy-loading-not-15649 avia_image' src=\"https:\/\/radiorevelacionfm.cl\/wp-content\/uploads\/2022\/04\/Reunion-Delegado-Regional-1-1.jpeg\" alt='' title='Reuni\u00f3n Delegado Regional (1) (1)' height=\"600\" width=\"900\"  itemprop=\"thumbnailUrl\" srcset=\"https:\/\/radiorevelacionfm.cl\/wp-content\/uploads\/2022\/04\/Reunion-Delegado-Regional-1-1.jpeg 900w, https:\/\/radiorevelacionfm.cl\/wp-content\/uploads\/2022\/04\/Reunion-Delegado-Regional-1-1-300x200.jpeg 300w, https:\/\/radiorevelacionfm.cl\/wp-content\/uploads\/2022\/04\/Reunion-Delegado-Regional-1-1-768x512.jpeg 768w, https:\/\/radiorevelacionfm.cl\/wp-content\/uploads\/2022\/04\/Reunion-Delegado-Regional-1-1-705x470.jpeg 705w, https:\/\/radiorevelacionfm.cl\/wp-content\/uploads\/2022\/04\/Reunion-Delegado-Regional-1-1-600x400.jpeg 600w\" sizes=\"(max-width: 900px) 100vw, 900px\" \/><\/div><\/div><\/div><\/div><div class=\"flex_column av_one_full  flex_column_div av-zero-column-padding first  avia-builder-el-2  el_after_av_one_full  el_before_av_one_full  column-top-margin\" style='border-radius:0px; '><section class=\"av_textblock_section \"  itemscope=\"itemscope\" itemtype=\"https:\/\/schema.org\/BlogPosting\" itemprop=\"blogPost\" ><div class='avia_textblock  '   itemprop=\"text\" ><p style=\"text-align: center;\"><span style=\"font-size: 18pt;\"><b><span lang=\"ES\">Organizaciones esperan que nueva administraci<\/span><\/b><b><span lang=\"X-NONE\">\u00f3n<span class=\"v1gmail-Apple-converted-space\">\u00a0<\/span><\/span><\/b><b><span lang=\"ES\">revierta pr<\/span><\/b><b><span lang=\"X-NONE\">\u00e1cticas<i><span class=\"v1gmail-Apple-converted-space\">\u00a0<\/span><\/i>del gobierno anterior en materia socioambiental<\/span><\/b><\/span><\/p>\n<div id=\"gtx-trans\" style=\"position: absolute; left: -50px; top: 4.31534px;\">\n<div class=\"gtx-trans-icon\"><\/div>\n<\/div>\n<\/div><\/section><\/div><div class=\"flex_column av_one_full  flex_column_div av-zero-column-padding first  avia-builder-el-4  el_after_av_one_full  el_before_av_hr  column-top-margin\" style='border-radius:0px; '><section class=\"av_textblock_section \"  itemscope=\"itemscope\" itemtype=\"https:\/\/schema.org\/BlogPosting\" itemprop=\"blogPost\" ><div class='avia_textblock  '   itemprop=\"text\" ><p class=\"v1MsoNormal\" style=\"text-align: justify;\"><span lang=\"ES\">El avance inmobiliario desregulado en el suelo rural, los impactos de la miner<\/span><span lang=\"X-NONE\">\u00eda en \u00e1reas bajo protecci\u00f3n oficial, los desarrollos hidroel\u00e9ctricos, la salmonicultura en \u00e1reas protegidas,<span class=\"v1gmail-Apple-converted-space\">\u00a0<\/span><\/span><span lang=\"ES\">mecanismos para salvaguardar el agua y ecosistemas, adem<\/span><span lang=\"X-NONE\">\u00e1s de<\/span><span lang=\"ES\">l turismo sustentable, entre otras materias,<\/span><span lang=\"X-NONE\"><span class=\"v1gmail-Apple-converted-space\">\u00a0<\/span>fueron parte de la<span class=\"v1gmail-Apple-converted-space\">\u00a0<\/span><\/span><span lang=\"ES\">reuni<\/span><span lang=\"X-NONE\">\u00f3n que dirigentes de la Corporaci\u00f3n Privada para el Desarrollo de Ays\u00e9n (Codesa), la Agrupaci\u00f3n Ays\u00e9n Reserva de Vida (AARV) y la Corporaci\u00f3n Chelenko sostuvieron con el delegado presidencial regional Rodrigo Araya Morales.<\/span><\/p>\n<p class=\"v1MsoNormal\" style=\"text-align: justify;\"><span lang=\"X-NONE\">\u00abQuedamos muy conformes con la reuni\u00f3n sostenida.\u00a0<span class=\"v1gmail-Apple-converted-space\">\u00a0<\/span>Pudimos exponer las principales problem\u00e1ticas y desaf\u00edos en la agenda socioambiental en la regi\u00f3n de Ays\u00e9n y valoramos mucho la recepci\u00f3n y apertura por parte del delegado presidencial para conversar sobre cada una de estas materias\u00bb explic\u00f3<span class=\"v1gmail-Apple-converted-space\">\u00a0<\/span>Erwin Sandoval Gallardo, presidente de Codesa. Agreg\u00f3 que \u00abestamos muy atentos y esperanzados de lo que puedan ser cambios profundos en las pr\u00e1cticas institucionales relativas a los temas ambientales en la regi\u00f3n de Ays\u00e9n\u00bb indic\u00f3.\u00a0<span class=\"v1gmail-Apple-converted-space\">\u00a0<\/span>Aludi\u00f3 de esta forma a procedimientos de participaci\u00f3n ciudadana, las evaluaciones de pertinencia sobre el ingreso o no de proyectos al sistema de evaluaci\u00f3n ambiental y la aprobaci\u00f3n de iniciativas sin la debida rigurosidad en su an\u00e1lisis ambiental, entre otras materias, y que fue la t\u00f3nica del gobierno de Sebasti\u00e1n Pi\u00f1era.<\/span><\/p>\n<p class=\"v1MsoNormal\" style=\"text-align: justify;\"><span lang=\"X-NONE\">Por su parte el<span class=\"v1gmail-Apple-converted-space\">\u00a0<\/span>presidente de AARV, Peter Hartmann Samhaber, se\u00f1al\u00f3 que \u00abesperamos que se revierta un poco el tema con respecto al gobierno anterior, que estaba bastante ausente en la cosa ambiental\u00bb.\u00a0<span class=\"v1gmail-Apple-converted-space\">\u00a0<\/span>Asimismo, plante\u00f3 la necesidad de que \u00abse empiecen a mover temas que quedaron pendientes por muchos a\u00f1os y que tengamos una administraci\u00f3n m\u00e1s ecol\u00f3gica, como dice este gobierno\u00bb.<\/span><\/p>\n<p class=\"v1MsoNormal\" style=\"text-align: justify;\"><span lang=\"X-NONE\">En la cita particip\u00f3 v\u00eda Zoom la<span class=\"v1gmail-Apple-converted-space\">\u00a0<\/span>vicepresidenta de la Corporaci\u00f3n Chelenko Miriam Chile Contreras, quien se refiri\u00f3 a materias relacionadas con el avance del turismo sustentable en la regi\u00f3n de Ays\u00e9n, el Programa Estrat\u00e9gico Regional de Turismo (PER), las Zonas de Inter\u00e9s Tur\u00edstico (ZOIT) y los impactos del sector a nivel socioambiental.\u00a0<span class=\"v1gmail-Apple-converted-space\">\u00a0<\/span>En este sentido se refiri\u00f3 a los impactos de actividades de diverso tipo en las ZOIT, se\u00f1alando uno de los problemas es \u00abcuando aparecen estas amenazas, como por ejemplo lo que pas\u00f3 con el Maqui, y Sernatur mira para el lado y hace un informe donde se lo pasan de Santiago\u00bb.\u00a0<span class=\"v1gmail-Apple-converted-space\">\u00a0<\/span>Explic\u00f3 que solicitaron a la Mesa P\u00fablico-Privada se informara sobre \u00abla implicancia que ten\u00eda no aplicar lo que corresponde en las ZOIT dentro del pol\u00edgono\u00bb, sin embargo Sernatur valid\u00f3 la construcci\u00f3n de la central Los Maquis por Edelays\u00e9n, teniendo que ser el Tribunal Ambiental de Valdivia el que revirtiera la decisi\u00f3n.<\/span><\/p>\n<p class=\"v1MsoNormal\" style=\"text-align: justify;\"><span lang=\"X-NONE\">Por esto, solicit\u00f3 que se pueda reforzar el trabajo hacia la sustentabilidad real por parte de la Mesa P\u00fablico Privada ZOIT y el PER Turismo, que por lo dem\u00e1s es el foco que tiene la Estrategia de Desarrollo Regional.<\/span><\/p>\n<p class=\"v1MsoNormal\" style=\"text-align: justify;\">Rodrigo Araya<span class=\"v1gmail-Apple-converted-space\">\u00a0<\/span>valor\u00f3 la presentaci\u00f3n, se\u00f1alando que se trata de \u00abagrupaciones que se han preocupado hist\u00f3ricamente por nuestro medio ambiente, Codesa y Ays\u00e9n Reserva de Vida, y nos hicieron ver las preocupaciones que tienen en distintos \u00e1mbitos de nuestra regi\u00f3n. Son inquietudes e intereses muy importantes y lo tomaremos en nuestro an\u00e1lisis sectorial con las seremis y ministerios que correspondan para darles una respuesta adecuada a sus inquietudes\u00bb.<\/p>\n<p class=\"v1MsoNormal\" style=\"text-align: justify;\"><span lang=\"X-NONE\">Tambi\u00e9n estuvieron presentes en la reuni\u00f3n<span class=\"v1gmail-Apple-converted-space\">\u00a0<\/span>Patricio Segura Ortiz, tesorero de Codesa, junto a las asesoras del delegado regional<span class=\"v1gmail-Apple-converted-space\">\u00a0<\/span>Claudia Vel\u00e1squez Ojeda<span class=\"v1gmail-Apple-converted-space\">\u00a0<\/span>y<span class=\"v1gmail-Apple-converted-space\">\u00a0<\/span>Carolina Vel\u00e1squez Vega.<\/span><\/p>\n<p class=\"v1MsoNormal\" style=\"text-align: justify;\"><span lang=\"X-NONE\">La cita se concret\u00f3 el martes 5 de abril, en las oficinas de la Delegaci\u00f3n Presidencial Regional en Coyhaique.<\/span><\/p>\n<p class=\"v1MsoNormal\" style=\"text-align: justify;\"><span lang=\"X-NONE\">\u00a0<\/span><\/p>\n<\/div><\/section><\/div><div  style='height:50px' class='hr hr-invisible   avia-builder-el-6  el_after_av_one_full  el_before_av_social_share '><span class='hr-inner ' ><span class='hr-inner-style'><\/span><\/span><\/div><\/p>\n<div  class='av-social-sharing-box  avia-builder-el-7  el_after_av_hr  el_before_av_hr  '><div class='av-share-box'><h5 class='av-share-link-description av-no-toc '>Compartir esta noticia<\/h5><ul class='av-share-box-list noLightbox'><li class='av-share-link av-social-link-facebook' ><a target=\"_blank\" aria-label=\"Compartir en Facebook\" href='https:\/\/www.facebook.com\/sharer.php?u=https:\/\/radiorevelacionfm.cl\/?p=15648&#038;t=Organizaciones%20esperan%20que%20nueva%20administraci%C3%B3n%20revierta%20pr%C3%A1cticas%20del%20gobierno%20anterior%20en%20materia%20socioambiental' aria-hidden='false' data-av_icon='\ue8f3' data-av_iconfont='entypo-fontello' title='' data-avia-related-tooltip='Compartir en Facebook' rel=\"noopener\"><span class='avia_hidden_link_text'>Compartir en Facebook<\/span><\/a><\/li><li class='av-share-link av-social-link-twitter' ><a target=\"_blank\" aria-label=\"Compartir en Twitter\" href='https:\/\/twitter.com\/share?text=Organizaciones%20esperan%20que%20nueva%20administraci%C3%B3n%20revierta%20pr%C3%A1cticas%20del%20gobierno%20anterior%20en%20materia%20socioambiental&#038;url=https:\/\/radiorevelacionfm.cl\/?p=15648' aria-hidden='false' data-av_icon='\ue8f1' data-av_iconfont='entypo-fontello' title='' data-avia-related-tooltip='Compartir en Twitter' rel=\"noopener\"><span class='avia_hidden_link_text'>Compartir en Twitter<\/span><\/a><\/li><li class='av-share-link av-social-link-whatsapp' ><a target=\"_blank\" aria-label=\"Compartir en Whatsapp\" href='https:\/\/api.whatsapp.com\/send?text=https:\/\/radiorevelacionfm.cl\/?p=15648' aria-hidden='false' data-av_icon='\uf232' data-av_iconfont='entypo-fontello' title='' data-avia-related-tooltip='Compartir en Whatsapp' rel=\"noopener\"><span class='avia_hidden_link_text'>Compartir en Whatsapp<\/span><\/a><\/li><li class='av-share-link av-social-link-linkedin' ><a target=\"_blank\" aria-label=\"Compartir en LinkedIn\" href='https:\/\/linkedin.com\/shareArticle?mini=true&#038;title=Organizaciones%20esperan%20que%20nueva%20administraci%C3%B3n%20revierta%20pr%C3%A1cticas%20del%20gobierno%20anterior%20en%20materia%20socioambiental&#038;url=https:\/\/radiorevelacionfm.cl\/?p=15648' aria-hidden='false' data-av_icon='\ue8fc' data-av_iconfont='entypo-fontello' title='' data-avia-related-tooltip='Compartir en LinkedIn' rel=\"noopener\"><span class='avia_hidden_link_text'>Compartir en LinkedIn<\/span><\/a><\/li><li class='av-share-link av-social-link-mail' ><a  aria-label=\"Compartir por correo\" href='mailto:?subject=Organizaciones%20esperan%20que%20nueva%20administraci%C3%B3n%20revierta%20pr%C3%A1cticas%20del%20gobierno%20anterior%20en%20materia%20socioambiental&#038;body=https:\/\/radiorevelacionfm.cl\/?p=15648' aria-hidden='false' data-av_icon='\ue805' data-av_iconfont='entypo-fontello' title='' data-avia-related-tooltip='Compartir por correo'><span class='avia_hidden_link_text'>Compartir por correo<\/span><\/a><\/li><\/ul><\/div><\/div>\n<div  style='height:50px' class='hr hr-invisible   avia-builder-el-8  el_after_av_social_share  el_before_av_comments_list '><span class='hr-inner ' ><span class='hr-inner-style'><\/span><\/span><\/div>\n<div  class='av-buildercomment  av-blog-meta-html-info-disabled av-blog-meta-tag-disabled  '><\/div>\n","protected":false},"excerpt":{"rendered":"","protected":false},"author":1,"featured_media":15649,"comment_status":"open","ping_status":"open","sticky":false,"template":"","format":"standard","meta":{"footnotes":""},"categories":[39],"tags":[],"class_list":["post-15648","post","type-post","status-publish","format-standard","has-post-thumbnail","hentry","category-medio-ambiente"],"jetpack_featured_media_url":"https:\/\/radiorevelacionfm.cl\/wp-content\/uploads\/2022\/04\/Reunion-Delegado-Regional-1-1.jpeg","_links":{"self":[{"href":"https:\/\/radiorevelacionfm.cl\/index.php?rest_route=\/wp\/v2\/posts\/15648","targetHints":{"allow":["GET"]}}],"collection":[{"href":"https:\/\/radiorevelacionfm.cl\/index.php?rest_route=\/wp\/v2\/posts"}],"about":[{"href":"https:\/\/radiorevelacionfm.cl\/index.php?rest_route=\/wp\/v2\/types\/post"}],"author":[{"embeddable":true,"href":"https:\/\/radiorevelacionfm.cl\/index.php?rest_route=\/wp\/v2\/users\/1"}],"replies":[{"embeddable":true,"href":"https:\/\/radiorevelacionfm.cl\/index.php?rest_route=%2Fwp%2Fv2%2Fcomments&post=15648"}],"version-history":[{"count":2,"href":"https:\/\/radiorevelacionfm.cl\/index.php?rest_route=\/wp\/v2\/posts\/15648\/revisions"}],"predecessor-version":[{"id":15670,"href":"https:\/\/radiorevelacionfm.cl\/index.php?rest_route=\/wp\/v2\/posts\/15648\/revisions\/15670"}],"wp:featuredmedia":[{"embeddable":true,"href":"https:\/\/radiorevelacionfm.cl\/index.php?rest_route=\/wp\/v2\/media\/15649"}],"wp:attachment":[{"href":"https:\/\/radiorevelacionfm.cl\/index.php?rest_route=%2Fwp%2Fv2%2Fmedia&parent=15648"}],"wp:term":[{"taxonomy":"category","embeddable":true,"href":"https:\/\/radiorevelacionfm.cl\/index.php?rest_route=%2Fwp%2Fv2%2Fcategories&post=15648"},{"taxonomy":"post_tag","embeddable":true,"href":"https:\/\/radiorevelacionfm.cl\/index.php?rest_route=%2Fwp%2Fv2%2Ftags&post=15648"}],"curies":[{"name":"wp","href":"https:\/\/api.w.org\/{rel}","templated":true}]}}