{"id":15644,"date":"2022-04-10T14:04:58","date_gmt":"2022-04-10T17:04:58","guid":{"rendered":"https:\/\/radiorevelacionfm.cl\/?p=15644"},"modified":"2022-04-10T14:04:58","modified_gmt":"2022-04-10T17:04:58","slug":"comites-de-vivienda-piden-a-gobernadora-impulsar-convenio-con-minvu-para-asegurar-financiamiento-de-proyectos","status":"publish","type":"post","link":"https:\/\/radiorevelacionfm.cl\/?p=15644","title":{"rendered":"Comit\u00e9s de vivienda piden a Gobernadora impulsar convenio con Minvu para asegurar financiamiento de proyectos"},"content":{"rendered":"<div class=\"flex_column av_one_full  flex_column_div av-zero-column-padding first  avia-builder-el-0  el_before_av_one_full  avia-builder-el-first  \" style='border-radius:0px; '><div  class='avia-image-container  av-styling-    avia-builder-el-1  avia-builder-el-no-sibling  avia-align-center '  itemprop=\"image\" itemscope=\"itemscope\" itemtype=\"https:\/\/schema.org\/ImageObject\"  ><div class='avia-image-container-inner'><div class='avia-image-overlay-wrap'><img decoding=\"async\" class='wp-image-15645 avia-img-lazy-loading-not-15645 avia_image' src=\"https:\/\/radiorevelacionfm.cl\/wp-content\/uploads\/2022\/04\/calisto-reu-comitE-viento-patagOn-1_optimized.jpg\" alt='' title='calisto-reu-comit\u00c9-viento-patag\u00d3n-(1)_optimized' height=\"600\" width=\"1067\"  itemprop=\"thumbnailUrl\" srcset=\"https:\/\/radiorevelacionfm.cl\/wp-content\/uploads\/2022\/04\/calisto-reu-comitE-viento-patagOn-1_optimized.jpg 1067w, https:\/\/radiorevelacionfm.cl\/wp-content\/uploads\/2022\/04\/calisto-reu-comitE-viento-patagOn-1_optimized-300x169.jpg 300w, https:\/\/radiorevelacionfm.cl\/wp-content\/uploads\/2022\/04\/calisto-reu-comitE-viento-patagOn-1_optimized-1030x579.jpg 1030w, https:\/\/radiorevelacionfm.cl\/wp-content\/uploads\/2022\/04\/calisto-reu-comitE-viento-patagOn-1_optimized-768x432.jpg 768w, https:\/\/radiorevelacionfm.cl\/wp-content\/uploads\/2022\/04\/calisto-reu-comitE-viento-patagOn-1_optimized-705x396.jpg 705w, https:\/\/radiorevelacionfm.cl\/wp-content\/uploads\/2022\/04\/calisto-reu-comitE-viento-patagOn-1_optimized-600x337.jpg 600w\" sizes=\"(max-width: 1067px) 100vw, 1067px\" \/><\/div><\/div><\/div><\/div><div class=\"flex_column av_one_full  flex_column_div av-zero-column-padding first  avia-builder-el-2  el_after_av_one_full  el_before_av_one_full  column-top-margin\" style='border-radius:0px; '><section class=\"av_textblock_section \"  itemscope=\"itemscope\" itemtype=\"https:\/\/schema.org\/BlogPosting\" itemprop=\"blogPost\" ><div class='avia_textblock  '   itemprop=\"text\" ><p style=\"text-align: center;\"><strong><span style=\"font-size: 18pt;\">Comit\u00e9s de vivienda piden a Gobernadora impulsar convenio con Minvu para asegurar financiamiento de proyectos<\/span><\/strong><\/p>\n<div id=\"gtx-trans\" style=\"position: absolute; left: -50px; top: 4.31534px;\">\n<div class=\"gtx-trans-icon\"><\/div>\n<\/div>\n<\/div><\/section><\/div><div class=\"flex_column av_one_full  flex_column_div av-zero-column-padding first  avia-builder-el-4  el_after_av_one_full  el_before_av_hr  column-top-margin\" style='border-radius:0px; '><section class=\"av_textblock_section \"  itemscope=\"itemscope\" itemtype=\"https:\/\/schema.org\/BlogPosting\" itemprop=\"blogPost\" ><div class='avia_textblock  '   itemprop=\"text\" ><p style=\"font-weight: 400; text-align: justify;\">Ante la gran cantidad de proyectos habitacionales que se proyectan en nuestra regi\u00f3n, el diputado Miguel \u00c1ngel Calisto hizo un llamado a la Gobernadora Regional para que impulse un convenio de programaci\u00f3n con el Ministerio de Vivienda con el fin de contar con m\u00e1s recursos, solicitud que fue apoyada por dirigentes de distintos comit\u00e9s de la Regi\u00f3n.<\/p>\n<p style=\"font-weight: 400; text-align: justify;\">Seg\u00fan el diputado Calisto, \u201cquiero hacer un llamado a la Gobernadora Regional, y tambi\u00e9n a los Consejeros Regionales, para que puedan avanzar en la generaci\u00f3n de un convenio de programaci\u00f3n, es decir, suplir con fondos regionales la construcci\u00f3n de viviendas sociales en nuestra regi\u00f3n\u201d.<\/p>\n<p style=\"font-weight: 400; text-align: justify;\">\u201cPr\u00e1cticamente todos los proyectos habitacionales que se han generado, han sido apoyados con fondos regionales, pero en esta oportunidad no ha existido la decisi\u00f3n pol\u00edtica de complementar con fondos regionales los nuevos proyectos, por lo tanto, las ejecuciones de estas iniciativas podr\u00edan quedar en el aire si es que no se les pone plata desde el Gobierno Regional\u201d, indic\u00f3.<\/p>\n<p style=\"font-weight: 400; text-align: justify;\">Calisto agreg\u00f3 que \u201ctenemos proyectos muy importantes en Coyhaique, la Chacra 40 y principalmente la Chacra G, otros en Valle Simpson, en Puerto Ays\u00e9n tambi\u00e9n, donde hay comit\u00e9s que recibieron apoyos por parte del Gobierno Regional para la compactaci\u00f3n din\u00e1mica. Tambi\u00e9n hay proyectos en Chile Chico, Cisnes, en Melinka y otras localidades de nuestra regi\u00f3n\u201d.<\/p>\n<p style=\"font-weight: 400; text-align: justify;\">\u201cEs muy importante el aporte de parte del Gobierno Regional para complementar la construcci\u00f3n de las viviendas. Para ser muy claro, con los subsidios que hoy en d\u00eda se cuenta y que vienen del Gobierno Central, no alcanza para poder generar y desarrollar un barrio con las calles pavimentadas, con la habilitaci\u00f3n de terrenos, con los servicios b\u00e1sicos\u201d, afirm\u00f3 el legislador.<\/p>\n<p style=\"font-weight: 400; text-align: justify;\">Seg\u00fan Macarena Sep\u00falveda, Presidenta del Comit\u00e9 Viento Patag\u00f3n de Chile Chico, \u201cme sumo a la solicitud del diputado Calisto para pedir apoyo por parte de la Gobernadora Regional y los Consejeros Regionales para seguir avanzando en el tema de la vivienda en nuestra comuna. Adem\u00e1s de los subsidios, necesitaremos m\u00e1s fondos, y queremos que se comprometan con nuestro comit\u00e9\u201d.<\/p>\n<p style=\"font-weight: 400; text-align: justify;\">La dirigenta se\u00f1al\u00f3 que \u00abactualmente nuestro comit\u00e9 est\u00e1 en la etapa del desarrollo del proyecto habitacional. Esperamos que durante este a\u00f1o ya est\u00e9 presentado y podamos obtener los subsidios habitacionales\u201d.<\/p>\n<p style=\"font-weight: 400; text-align: justify;\">Por su parte, Sigifredo S\u00e1nchez, presidente del comit\u00e9 Patagonia Alegre de Puerto Chacabuco, \u201cen estos momentos estamos al a espera de renovar el convenio de programaci\u00f3n entre el Gobierno Regional y Serviu, y as\u00ed complementar el financiamiento de los proyectos de vivienda. Hasta el momento ha sido una gran herramienta para financiar los extras que no alcanza a cubrir los subsidios que entrega el Estado\u201d.<\/p>\n<p style=\"font-weight: 400; text-align: justify;\">Finalmente, S\u00e1nchez se\u00f1al\u00f3 que \u201cel llamado es a nuestra Gobernadora y nuestros Consejeros a revisar este convenio en beneficio de toda la regi\u00f3n. nosotros somos un comit\u00e9 con m\u00e1s de diez a\u00f1os en Puerto Chacabuco. Estamos a la espera de m\u00e1s fondos para poder hacer realidad este sue\u00f1o de tantos a\u00f1os\u201d.<\/p>\n<\/div><\/section><\/div><div  style='height:50px' class='hr hr-invisible   avia-builder-el-6  el_after_av_one_full  el_before_av_social_share '><span class='hr-inner ' ><span class='hr-inner-style'><\/span><\/span><\/div><\/p>\n<div  class='av-social-sharing-box  avia-builder-el-7  el_after_av_hr  el_before_av_hr  '><div class='av-share-box'><h5 class='av-share-link-description av-no-toc '>Compartir esta noticia<\/h5><ul class='av-share-box-list noLightbox'><li class='av-share-link av-social-link-facebook' ><a target=\"_blank\" aria-label=\"Compartir en Facebook\" href='https:\/\/www.facebook.com\/sharer.php?u=https:\/\/radiorevelacionfm.cl\/?p=15644&#038;t=Comit%C3%A9s%20de%20vivienda%20piden%20a%20Gobernadora%20impulsar%20convenio%20con%20Minvu%20para%20asegurar%20financiamiento%20de%20proyectos' aria-hidden='false' data-av_icon='\ue8f3' data-av_iconfont='entypo-fontello' title='' data-avia-related-tooltip='Compartir en Facebook' rel=\"noopener\"><span class='avia_hidden_link_text'>Compartir en Facebook<\/span><\/a><\/li><li class='av-share-link av-social-link-twitter' ><a target=\"_blank\" aria-label=\"Compartir en Twitter\" href='https:\/\/twitter.com\/share?text=Comit%C3%A9s%20de%20vivienda%20piden%20a%20Gobernadora%20impulsar%20convenio%20con%20Minvu%20para%20asegurar%20financiamiento%20de%20proyectos&#038;url=https:\/\/radiorevelacionfm.cl\/?p=15644' aria-hidden='false' data-av_icon='\ue8f1' data-av_iconfont='entypo-fontello' title='' data-avia-related-tooltip='Compartir en Twitter' rel=\"noopener\"><span class='avia_hidden_link_text'>Compartir en Twitter<\/span><\/a><\/li><li class='av-share-link av-social-link-whatsapp' ><a target=\"_blank\" aria-label=\"Compartir en Whatsapp\" href='https:\/\/api.whatsapp.com\/send?text=https:\/\/radiorevelacionfm.cl\/?p=15644' aria-hidden='false' data-av_icon='\uf232' data-av_iconfont='entypo-fontello' title='' data-avia-related-tooltip='Compartir en Whatsapp' rel=\"noopener\"><span class='avia_hidden_link_text'>Compartir en Whatsapp<\/span><\/a><\/li><li class='av-share-link av-social-link-linkedin' ><a target=\"_blank\" aria-label=\"Compartir en LinkedIn\" href='https:\/\/linkedin.com\/shareArticle?mini=true&#038;title=Comit%C3%A9s%20de%20vivienda%20piden%20a%20Gobernadora%20impulsar%20convenio%20con%20Minvu%20para%20asegurar%20financiamiento%20de%20proyectos&#038;url=https:\/\/radiorevelacionfm.cl\/?p=15644' aria-hidden='false' data-av_icon='\ue8fc' data-av_iconfont='entypo-fontello' title='' data-avia-related-tooltip='Compartir en LinkedIn' rel=\"noopener\"><span class='avia_hidden_link_text'>Compartir en LinkedIn<\/span><\/a><\/li><li class='av-share-link av-social-link-mail' ><a  aria-label=\"Compartir por correo\" href='mailto:?subject=Comit%C3%A9s%20de%20vivienda%20piden%20a%20Gobernadora%20impulsar%20convenio%20con%20Minvu%20para%20asegurar%20financiamiento%20de%20proyectos&#038;body=https:\/\/radiorevelacionfm.cl\/?p=15644' aria-hidden='false' data-av_icon='\ue805' data-av_iconfont='entypo-fontello' title='' data-avia-related-tooltip='Compartir por correo'><span class='avia_hidden_link_text'>Compartir por correo<\/span><\/a><\/li><\/ul><\/div><\/div>\n<div  style='height:50px' class='hr hr-invisible   avia-builder-el-8  el_after_av_social_share  el_before_av_comments_list '><span class='hr-inner ' ><span class='hr-inner-style'><\/span><\/span><\/div>\n<div  class='av-buildercomment  av-blog-meta-html-info-disabled av-blog-meta-tag-disabled  '><\/div>\n","protected":false},"excerpt":{"rendered":"","protected":false},"author":1,"featured_media":15645,"comment_status":"open","ping_status":"open","sticky":false,"template":"","format":"standard","meta":{"footnotes":""},"categories":[35],"tags":[],"class_list":["post-15644","post","type-post","status-publish","format-standard","has-post-thumbnail","hentry","category-politica"],"jetpack_featured_media_url":"https:\/\/radiorevelacionfm.cl\/wp-content\/uploads\/2022\/04\/calisto-reu-comitE-viento-patagOn-1_optimized.jpg","_links":{"self":[{"href":"https:\/\/radiorevelacionfm.cl\/index.php?rest_route=\/wp\/v2\/posts\/15644","targetHints":{"allow":["GET"]}}],"collection":[{"href":"https:\/\/radiorevelacionfm.cl\/index.php?rest_route=\/wp\/v2\/posts"}],"about":[{"href":"https:\/\/radiorevelacionfm.cl\/index.php?rest_route=\/wp\/v2\/types\/post"}],"author":[{"embeddable":true,"href":"https:\/\/radiorevelacionfm.cl\/index.php?rest_route=\/wp\/v2\/users\/1"}],"replies":[{"embeddable":true,"href":"https:\/\/radiorevelacionfm.cl\/index.php?rest_route=%2Fwp%2Fv2%2Fcomments&post=15644"}],"version-history":[{"count":2,"href":"https:\/\/radiorevelacionfm.cl\/index.php?rest_route=\/wp\/v2\/posts\/15644\/revisions"}],"predecessor-version":[{"id":15647,"href":"https:\/\/radiorevelacionfm.cl\/index.php?rest_route=\/wp\/v2\/posts\/15644\/revisions\/15647"}],"wp:featuredmedia":[{"embeddable":true,"href":"https:\/\/radiorevelacionfm.cl\/index.php?rest_route=\/wp\/v2\/media\/15645"}],"wp:attachment":[{"href":"https:\/\/radiorevelacionfm.cl\/index.php?rest_route=%2Fwp%2Fv2%2Fmedia&parent=15644"}],"wp:term":[{"taxonomy":"category","embeddable":true,"href":"https:\/\/radiorevelacionfm.cl\/index.php?rest_route=%2Fwp%2Fv2%2Fcategories&post=15644"},{"taxonomy":"post_tag","embeddable":true,"href":"https:\/\/radiorevelacionfm.cl\/index.php?rest_route=%2Fwp%2Fv2%2Ftags&post=15644"}],"curies":[{"name":"wp","href":"https:\/\/api.w.org\/{rel}","templated":true}]}}