{"id":15638,"date":"2022-04-08T19:45:21","date_gmt":"2022-04-08T22:45:21","guid":{"rendered":"https:\/\/radiorevelacionfm.cl\/?p=15638"},"modified":"2022-04-08T23:24:47","modified_gmt":"2022-04-09T02:24:47","slug":"en-nuevo-plan-paso-a-paso-uso-de-mascarillas-seguira-siendo-obligatorio-en-lugares-cerrados","status":"publish","type":"post","link":"https:\/\/radiorevelacionfm.cl\/?p=15638","title":{"rendered":"Nuevo plan Paso a Paso: Uso de mascarillas seguir\u00e1 siendo obligatorio en lugares cerrados"},"content":{"rendered":"<div class=\"flex_column av_one_full  flex_column_div av-zero-column-padding first  avia-builder-el-0  el_before_av_one_full  avia-builder-el-first  \" style='border-radius:0px; '><div  class='avia-image-container  av-styling-    avia-builder-el-1  avia-builder-el-no-sibling  avia-align-center '  itemprop=\"image\" itemscope=\"itemscope\" itemtype=\"https:\/\/schema.org\/ImageObject\"  ><div class='avia-image-container-inner'><div class='avia-image-overlay-wrap'><img decoding=\"async\" class='wp-image-15639 avia-img-lazy-loading-not-15639 avia_image' src=\"https:\/\/radiorevelacionfm.cl\/wp-content\/uploads\/2022\/04\/Mascarilla5-1-1.jpg\" alt='' title='Mascarilla5 (1) (1)' height=\"600\" width=\"1066\"  itemprop=\"thumbnailUrl\" srcset=\"https:\/\/radiorevelacionfm.cl\/wp-content\/uploads\/2022\/04\/Mascarilla5-1-1.jpg 1066w, https:\/\/radiorevelacionfm.cl\/wp-content\/uploads\/2022\/04\/Mascarilla5-1-1-300x169.jpg 300w, https:\/\/radiorevelacionfm.cl\/wp-content\/uploads\/2022\/04\/Mascarilla5-1-1-1030x580.jpg 1030w, https:\/\/radiorevelacionfm.cl\/wp-content\/uploads\/2022\/04\/Mascarilla5-1-1-768x432.jpg 768w, https:\/\/radiorevelacionfm.cl\/wp-content\/uploads\/2022\/04\/Mascarilla5-1-1-705x397.jpg 705w, https:\/\/radiorevelacionfm.cl\/wp-content\/uploads\/2022\/04\/Mascarilla5-1-1-600x338.jpg 600w\" sizes=\"(max-width: 1066px) 100vw, 1066px\" \/><\/div><\/div><\/div><\/div>\n<div class=\"flex_column av_one_full  flex_column_div av-zero-column-padding first  avia-builder-el-2  el_after_av_one_full  el_before_av_one_full  column-top-margin\" style='border-radius:0px; '><section class=\"av_textblock_section \"  itemscope=\"itemscope\" itemtype=\"https:\/\/schema.org\/BlogPosting\" itemprop=\"blogPost\" ><div class='avia_textblock  '   itemprop=\"text\" ><p style=\"text-align: center;\"><span style=\"font-size: 18pt;\"><strong>Nuevo plan Paso a Paso: <\/strong><strong>Uso de mascarillas seguir\u00e1 siendo obligatorio en lugares cerrados<\/strong><\/span><\/p>\n<div id=\"gtx-trans\" style=\"position: absolute; left: -50px; top: 4.31534px;\">\n<div class=\"gtx-trans-icon\"><\/div>\n<\/div>\n<\/div><\/section><\/div><div class=\"flex_column av_one_full  flex_column_div av-zero-column-padding first  avia-builder-el-4  el_after_av_one_full  el_before_av_hr  column-top-margin\" style='border-radius:0px; '><section class=\"av_textblock_section \"  itemscope=\"itemscope\" itemtype=\"https:\/\/schema.org\/BlogPosting\" itemprop=\"blogPost\" ><div class='avia_textblock  '   itemprop=\"text\" ><p style=\"text-align: justify;\">A partir del pr\u00f3ximo 14 de abril, el Ministerio de Salud pondr\u00e1 en ejecuci\u00f3n el nuevo plan \u00abSeguimos cuid\u00e1ndonos, Paso a Paso\u00bb, el cual estar\u00e1 compuesto por tres fases: Bajo, Medio y Alto Impacto Sanitario, las cuales tienen la particularidad que en cualquier espacio cerrado, el uso de la mascarilla ser\u00e1 obligatorio.<\/p>\n<p style=\"text-align: justify;\">En este contexto, la Seremi de Salud Ays\u00e9n, Carmen Gloria Monsalve G\u00f3mez, indic\u00f3 que estas medidas responden a una nueva etapa en el manejo de la pandemia por COVID-19. \u201cEl pr\u00f3ximo jueves 14 de abril, el Ministerio de Salud pondr\u00e1 en ejecuci\u00f3n las modificaciones del plan Paso a Paso, estas contemplan la obligatoriedad del uso de mascarilla en los espacios cerrados y de alto impacto sanitario. Permitiendo a su vez, la optimizaci\u00f3n de su uso en la fase de bajo y medio impacto sanitario, en ambientes abiertos, siempre y cuando podamos resguardar el metro de distancia\u201d.<\/p>\n<p style=\"text-align: justify;\">De esta forma, el uso de mascarillas en las diferentes fases y escenarios se determina seg\u00fan 2 factores principales: la posibilidad de aglomeraci\u00f3n de personas en el lugar y la posibilidad de establecer distancia entre personas. As\u00ed, la fase de Alto Impacto Sanitario obliga al uso de mascarilla en todos los lugares cerrados o abiertos; mientras que las fases de Medio y Bajo Impacto Sanitario hacen obligatorio su uso en lugares cerrados y en todo espacio abierto donde no se pueda mantener una distancia f\u00edsica mayor a 1 metro.<\/p>\n<p style=\"text-align: justify;\">Respecto de las fases en que estar\u00e1 cada regi\u00f3n, esta informaci\u00f3n se entregar\u00e1 los d\u00edas martes en balance Minsal, donde incluso podr\u00e1n incluirse retrocesos en las zonas donde se produzca una mayor circulaci\u00f3n de COVID-19.<\/p>\n<p style=\"text-align: justify;\"><strong>Fase Bajo Impacto Sanitario<\/strong><\/p>\n<p style=\"text-align: justify;\">Esta fase es la de menor restricci\u00f3n dentro de las 3 etapas centrales del plan Paso a Paso, tambi\u00e9n determinada seg\u00fan niveles de presi\u00f3n sobre la red asistencial, la circulaci\u00f3n viral y la prevalencia de enfermedad grave y fallecimiento. La cobertura de vacunaci\u00f3n es uno de los indicadores favorables m\u00e1s importantes para llegar a esta instancia.<\/p>\n<ul style=\"text-align: justify;\">\n<li>El uso de mascarilla ser\u00e1 obligatorio en todo espacio abierto donde no se pueda mantener una distancia f\u00edsica mayor a 1 metro, y siempre ser\u00e1 obligatorio en todo espacio cerrado.<\/li>\n<li>Se exigir\u00e1 el pase de movilidad.<\/li>\n<li>Se podr\u00e1n realizar reuniones en espacios sin restricciones de aforo ni distancia f\u00edsica. Todas las personas deber\u00e1n contar con su pase de movilidad.<\/li>\n<li>Se permitir\u00e1 realizar eventos masivos sin restricciones de aforo, aunque siempre con mascarilla y pase de movilidad.<\/li>\n<\/ul>\n<p style=\"text-align: justify;\"><strong>Fase Medio Impacto Sanitario<\/strong><\/p>\n<p style=\"text-align: justify;\">Considera un escenario donde nos exponemos a una mayor presi\u00f3n sobre la red asistencial, a una mayor circulaci\u00f3n viral y ocurrencia de enfermedad grave y fallecimientos, as\u00ed como a mayores \u00edndices de ocupaci\u00f3n hospitalaria y consultas respiratorias, que en la fase previa de Bajo impacto sanitario.<\/p>\n<ul style=\"text-align: justify;\">\n<li>El uso de mascarilla siempre ser\u00e1 obligatorio en espacios cerrados, y en todo espacio abierto donde no se pueda mantener una distancia f\u00edsica de m\u00e1s de 1 metro.<\/li>\n<li>Se exigir\u00e1 pase de movilidad en todos los lugares.<\/li>\n<li>En espacios cerrados las personas deber\u00e1n mantener distancia f\u00edsica de al menos 1 metro, y el pase de movilidad ser\u00e1 obligatorio.<\/li>\n<li>Los eventos masivos tendr\u00e1n un aforo m\u00e1ximo de hasta 10 mil personas, con mascarilla y pase de movilidad, siempre que el espacio del recinto permita la distancia f\u00edsica establecida.<\/li>\n<\/ul>\n<p style=\"text-align: justify;\"><strong>Fase Alto Impacto Sanitario<\/strong><\/p>\n<p style=\"text-align: justify;\">Esta fase corresponde al m\u00e1s grave de los escenarios centrales que maneja el nuevo Plan Seguimos Cuid\u00e1ndonos Paso a Paso, y est\u00e1 determinada por una circulaci\u00f3n viral alta y creciente, una proyecci\u00f3n cr\u00edtica de la posible presi\u00f3n sobre la red asistencial y una mayor ocurrencia de enfermedad grave y fallecimientos.<\/p>\n<ul>\n<li style=\"text-align: justify;\">El uso de mascarilla siempre ser\u00e1 obligatorio en todos los espacios, abiertos y cerrados.<\/li>\n<li style=\"text-align: justify;\">Se exigir\u00e1 pase de movilidad en todos los lugares.<\/li>\n<li style=\"text-align: justify;\">En espacios cerrados las personas deber\u00e1n mantener distancia f\u00edsica de 1,5mts y el pase de movilidad ser\u00e1 obligatorio.<\/li>\n<li style=\"text-align: justify;\">Se permitir\u00e1 realizar eventos masivos con un aforo m\u00e1ximo de hasta 200 personas, supeditado al uso de mascarilla y a la exigencia de pase de movilidad. Los aforos espec\u00edficos por tanto quedan sujetos al metraje del lugar.<\/li>\n<\/ul>\n<\/div><\/section><\/div><\/p>\n<div  style='height:50px' class='hr hr-invisible   avia-builder-el-6  el_after_av_one_full  el_before_av_social_share '><span class='hr-inner ' ><span class='hr-inner-style'><\/span><\/span><\/div>\n<div  class='av-social-sharing-box  avia-builder-el-7  el_after_av_hr  el_before_av_hr  '><div class='av-share-box'><h5 class='av-share-link-description av-no-toc '>Compartir esta noticia<\/h5><ul class='av-share-box-list noLightbox'><li class='av-share-link av-social-link-facebook' ><a target=\"_blank\" aria-label=\"Compartir en Facebook\" href='https:\/\/www.facebook.com\/sharer.php?u=https:\/\/radiorevelacionfm.cl\/?p=15638&#038;t=Nuevo%20plan%20Paso%20a%20Paso%3A%20Uso%20de%20mascarillas%20seguir%C3%A1%20siendo%20obligatorio%20en%20lugares%20cerrados' aria-hidden='false' data-av_icon='\ue8f3' data-av_iconfont='entypo-fontello' title='' data-avia-related-tooltip='Compartir en Facebook' rel=\"noopener\"><span class='avia_hidden_link_text'>Compartir en Facebook<\/span><\/a><\/li><li class='av-share-link av-social-link-twitter' ><a target=\"_blank\" aria-label=\"Compartir en Twitter\" href='https:\/\/twitter.com\/share?text=Nuevo%20plan%20Paso%20a%20Paso%3A%20Uso%20de%20mascarillas%20seguir%C3%A1%20siendo%20obligatorio%20en%20lugares%20cerrados&#038;url=https:\/\/radiorevelacionfm.cl\/?p=15638' aria-hidden='false' data-av_icon='\ue8f1' data-av_iconfont='entypo-fontello' title='' data-avia-related-tooltip='Compartir en Twitter' rel=\"noopener\"><span class='avia_hidden_link_text'>Compartir en Twitter<\/span><\/a><\/li><li class='av-share-link av-social-link-whatsapp' ><a target=\"_blank\" aria-label=\"Compartir en Whatsapp\" href='https:\/\/api.whatsapp.com\/send?text=https:\/\/radiorevelacionfm.cl\/?p=15638' aria-hidden='false' data-av_icon='\uf232' data-av_iconfont='entypo-fontello' title='' data-avia-related-tooltip='Compartir en Whatsapp' rel=\"noopener\"><span class='avia_hidden_link_text'>Compartir en Whatsapp<\/span><\/a><\/li><li class='av-share-link av-social-link-linkedin' ><a target=\"_blank\" aria-label=\"Compartir en LinkedIn\" href='https:\/\/linkedin.com\/shareArticle?mini=true&#038;title=Nuevo%20plan%20Paso%20a%20Paso%3A%20Uso%20de%20mascarillas%20seguir%C3%A1%20siendo%20obligatorio%20en%20lugares%20cerrados&#038;url=https:\/\/radiorevelacionfm.cl\/?p=15638' aria-hidden='false' data-av_icon='\ue8fc' data-av_iconfont='entypo-fontello' title='' data-avia-related-tooltip='Compartir en LinkedIn' rel=\"noopener\"><span class='avia_hidden_link_text'>Compartir en LinkedIn<\/span><\/a><\/li><li class='av-share-link av-social-link-mail' ><a  aria-label=\"Compartir por correo\" href='mailto:?subject=Nuevo%20plan%20Paso%20a%20Paso%3A%20Uso%20de%20mascarillas%20seguir%C3%A1%20siendo%20obligatorio%20en%20lugares%20cerrados&#038;body=https:\/\/radiorevelacionfm.cl\/?p=15638' aria-hidden='false' data-av_icon='\ue805' data-av_iconfont='entypo-fontello' title='' data-avia-related-tooltip='Compartir por correo'><span class='avia_hidden_link_text'>Compartir por correo<\/span><\/a><\/li><\/ul><\/div><\/div>\n<div  style='height:50px' class='hr hr-invisible   avia-builder-el-8  el_after_av_social_share  el_before_av_comments_list '><span class='hr-inner ' ><span class='hr-inner-style'><\/span><\/span><\/div>\n<div  class='av-buildercomment  av-blog-meta-html-info-disabled av-blog-meta-tag-disabled  '><\/div>\n","protected":false},"excerpt":{"rendered":"","protected":false},"author":1,"featured_media":15639,"comment_status":"open","ping_status":"open","sticky":false,"template":"","format":"standard","meta":{"footnotes":""},"categories":[46],"tags":[],"class_list":["post-15638","post","type-post","status-publish","format-standard","has-post-thumbnail","hentry","category-salud"],"jetpack_featured_media_url":"https:\/\/radiorevelacionfm.cl\/wp-content\/uploads\/2022\/04\/Mascarilla5-1-1.jpg","_links":{"self":[{"href":"https:\/\/radiorevelacionfm.cl\/index.php?rest_route=\/wp\/v2\/posts\/15638","targetHints":{"allow":["GET"]}}],"collection":[{"href":"https:\/\/radiorevelacionfm.cl\/index.php?rest_route=\/wp\/v2\/posts"}],"about":[{"href":"https:\/\/radiorevelacionfm.cl\/index.php?rest_route=\/wp\/v2\/types\/post"}],"author":[{"embeddable":true,"href":"https:\/\/radiorevelacionfm.cl\/index.php?rest_route=\/wp\/v2\/users\/1"}],"replies":[{"embeddable":true,"href":"https:\/\/radiorevelacionfm.cl\/index.php?rest_route=%2Fwp%2Fv2%2Fcomments&post=15638"}],"version-history":[{"count":3,"href":"https:\/\/radiorevelacionfm.cl\/index.php?rest_route=\/wp\/v2\/posts\/15638\/revisions"}],"predecessor-version":[{"id":15641,"href":"https:\/\/radiorevelacionfm.cl\/index.php?rest_route=\/wp\/v2\/posts\/15638\/revisions\/15641"}],"wp:featuredmedia":[{"embeddable":true,"href":"https:\/\/radiorevelacionfm.cl\/index.php?rest_route=\/wp\/v2\/media\/15639"}],"wp:attachment":[{"href":"https:\/\/radiorevelacionfm.cl\/index.php?rest_route=%2Fwp%2Fv2%2Fmedia&parent=15638"}],"wp:term":[{"taxonomy":"category","embeddable":true,"href":"https:\/\/radiorevelacionfm.cl\/index.php?rest_route=%2Fwp%2Fv2%2Fcategories&post=15638"},{"taxonomy":"post_tag","embeddable":true,"href":"https:\/\/radiorevelacionfm.cl\/index.php?rest_route=%2Fwp%2Fv2%2Ftags&post=15638"}],"curies":[{"name":"wp","href":"https:\/\/api.w.org\/{rel}","templated":true}]}}