{"id":15630,"date":"2022-04-08T18:27:20","date_gmt":"2022-04-08T21:27:20","guid":{"rendered":"https:\/\/radiorevelacionfm.cl\/?p=15630"},"modified":"2022-04-08T18:27:20","modified_gmt":"2022-04-08T21:27:20","slug":"programa-de-frutales-de-indap-pionero-en-implementar-cultivo-de-frutillas-bajo-mesotunel-en-caleta-andrade","status":"publish","type":"post","link":"https:\/\/radiorevelacionfm.cl\/?p=15630","title":{"rendered":"Programa de Frutales de Indap: Pionero en implementar cultivo de Frutillas bajo Mesotunel en Caleta Andrade"},"content":{"rendered":"<div class=\"flex_column av_one_full  flex_column_div av-zero-column-padding first  avia-builder-el-0  el_before_av_one_full  avia-builder-el-first  \" style='border-radius:0px; '><div  class='avia-image-container  av-styling-    avia-builder-el-1  avia-builder-el-no-sibling  avia-align-center '  itemprop=\"image\" itemscope=\"itemscope\" itemtype=\"https:\/\/schema.org\/ImageObject\"  ><div class='avia-image-container-inner'><div class='avia-image-overlay-wrap'><img decoding=\"async\" class='wp-image-15631 avia-img-lazy-loading-not-15631 avia_image' src=\"https:\/\/radiorevelacionfm.cl\/wp-content\/uploads\/2022\/04\/indap-frutillas0-1_optimized.jpg\" alt='' title='indap-frutillas0-(1)_optimized' height=\"600\" width=\"907\"  itemprop=\"thumbnailUrl\" srcset=\"https:\/\/radiorevelacionfm.cl\/wp-content\/uploads\/2022\/04\/indap-frutillas0-1_optimized.jpg 907w, https:\/\/radiorevelacionfm.cl\/wp-content\/uploads\/2022\/04\/indap-frutillas0-1_optimized-300x198.jpg 300w, https:\/\/radiorevelacionfm.cl\/wp-content\/uploads\/2022\/04\/indap-frutillas0-1_optimized-768x508.jpg 768w, https:\/\/radiorevelacionfm.cl\/wp-content\/uploads\/2022\/04\/indap-frutillas0-1_optimized-705x466.jpg 705w, https:\/\/radiorevelacionfm.cl\/wp-content\/uploads\/2022\/04\/indap-frutillas0-1_optimized-600x397.jpg 600w\" sizes=\"(max-width: 907px) 100vw, 907px\" \/><\/div><\/div><\/div><\/div><div class=\"flex_column av_one_full  flex_column_div av-zero-column-padding first  avia-builder-el-2  el_after_av_one_full  el_before_av_one_full  column-top-margin\" style='border-radius:0px; '><section class=\"av_textblock_section \"  itemscope=\"itemscope\" itemtype=\"https:\/\/schema.org\/BlogPosting\" itemprop=\"blogPost\" ><div class='avia_textblock  '   itemprop=\"text\" ><p style=\"text-align: center;\"><strong><span style=\"font-size: 18pt;\">Programa de Frutales de Indap: Pionero en implementar cultivo de Frutillas bajo Mesotunel en Caleta Andrade<\/span><\/strong><\/p>\n<div id=\"gtx-trans\" style=\"position: absolute; left: -50px; top: 4.31534px;\">\n<div class=\"gtx-trans-icon\"><\/div>\n<\/div>\n<\/div><\/section><\/div><div class=\"flex_column av_one_full  flex_column_div av-zero-column-padding first  avia-builder-el-4  el_after_av_one_full  el_before_av_hr  column-top-margin\" style='border-radius:0px; '><section class=\"av_textblock_section \"  itemscope=\"itemscope\" itemtype=\"https:\/\/schema.org\/BlogPosting\" itemprop=\"blogPost\" ><div class='avia_textblock  '   itemprop=\"text\" ><p style=\"text-align: justify;\">Caleta Andrade es una peque\u00f1a localidad costera de Islas Huichas, perteneciente a la Provincia de Ays\u00e9n. Hombres y mujeres de este lado del litoral, dan vida a una comunidad enfocada principalmente en el desarrollo productivo pesquero.<\/p>\n<p style=\"text-align: justify;\">Considerando este escenario y apostando a la diversificaci\u00f3n productiva regional, es que el equipo de profesionales del Programa \u201cFomento al Desarrollo Frut\u00edcola de la Agricultura Familiar Campesina (AFC)\u201d, financiado por el Gobierno Regional de Ays\u00e9n, y cuyo objetivo central ha sido promover el conocimiento, las habilidades para que la Agricultura Familiar Campesina pueda incursionar con \u00e9xito en el rubro frut\u00edcola, es que vislumbr\u00f3 la posibilidad de poder generar el inter\u00e9s local por incursionar en este tipo de cultivo.<\/p>\n<p style=\"text-align: justify;\">Fue as\u00ed como hace un poco m\u00e1s de un a\u00f1o, el equipo de profesionales se traslad\u00f3 hasta la localidad, oportunidad en que se sum\u00f3 el Jefe T\u00e9cnico de Prodesal, Carlos Fuentes y el Ejecutivo del \u00c1rea de INDAP de Ays\u00e9n, Daniel Sol\u00eds, con el objetivo de presentar el Programa y sus alcances, adem\u00e1s de dialogar con mujeres interesadas en poder proyectarse en el rubro.<\/p>\n<p style=\"text-align: justify;\">Quien no dud\u00f3 de embarcarse en este nuevo desaf\u00edo, fue la Sra. Hortensia Vargas, quien adem\u00e1s contaba con las condiciones topogr\u00e1ficas de su terreno, que dar\u00eda viabilidad a la iniciativa, lo que permiti\u00f3 vislumbrar la materializaci\u00f3n del primer huerto frutal de la localidad, pionero en el sector.<\/p>\n<p style=\"text-align: justify;\">\u201cEl desaf\u00edo no era f\u00e1cil, puesto que involucraba un gran esfuerzo log\u00edstico, especialmente en el traslado de materiales, puesto que el proyecto contempl\u00f3 la instalaci\u00f3n de un mesotunel, cortina de viento, kit de riego, entre otros\u201d, comenta Eduardo Torres, profesional del equipo de Frutales de INDAP.<\/p>\n<p style=\"text-align: justify;\">De esta manera, ya en su implementaci\u00f3n, fue necesario preparar el suelo, realizar el camellonado necesario y la plantaci\u00f3n de 500 plantas de frutillas bajo el sistema de mesotunel de 90 metros cuadrados, todo un aprendizaje para la Sra. Hortensia y su esposo Ra\u00fal.<\/p>\n<p style=\"text-align: justify;\">En tanto la asistencia t\u00e9cnica del equipo, se tradujo en visitas posteriores, en las cuales se apoy\u00f3 con el proceso de colocaci\u00f3n del pl\u00e1stico de mesotunel y el manejo de frutillas bajo este sistema.<\/p>\n<p style=\"text-align: justify;\">Ricardo K\u00f6nig Parada, Director (S) de INDAP Ays\u00e9n, se\u00f1al\u00f3: \u201cUno de los desaf\u00edos que el Ministerio de Agricultura nos ha solicitado como INDAP, es generar y promover las instancias para que nuestros usuarios logren una mayor tecnificaci\u00f3n en los diversos rubros, donde\u00a0 uno de los mejores ejemplos se plasma en el trabajo con frutales menores. A esto debemos sumar el esfuerzo de nuestros equipos t\u00e9cnicos para lograr\u00a0 la descentralizaci\u00f3n de nuestros los instrumentos\u00a0 y acercarlos a\u00a0 los lugares m\u00e1s apartados de nuestra regi\u00f3n. Con ello aportamos a que el desaf\u00edo de generar soberan\u00eda alimentaria para Ays\u00e9n sea una realidad, as\u00ed como tambi\u00e9n, el que m\u00e1s mujeres de nuestra regi\u00f3n puedan alcanzar la independencia econ\u00f3mica en los diversos rubros productivos rurales\u201d.<\/p>\n<p style=\"text-align: justify;\">Cabe destacar que Hortensia y su esposo, tambi\u00e9n fueron apoyados por sus vecinos, quienes tambi\u00e9n tuvieron la posibilidad de aprender respecto del manejo de la frutilla y c\u00f3mo hacer rentable dicho cultivo.<\/p>\n<p style=\"text-align: justify;\">\u201cEs evidente el potencial productivo de los territorios ayseninos, cuesti\u00f3n que se ha potenciado con la validaci\u00f3n tecnol\u00f3gica realizada por el equipo frutales de la regi\u00f3n de Ays\u00e9n\u201d, concluy\u00f3 Jorge Huichalaf, Encargado del Programa FNDR Frutales.<\/p>\n<\/div><\/section><\/div><div  style='height:50px' class='hr hr-invisible   avia-builder-el-6  el_after_av_one_full  el_before_av_social_share '><span class='hr-inner ' ><span class='hr-inner-style'><\/span><\/span><\/div><\/p>\n<div  class='av-social-sharing-box  avia-builder-el-7  el_after_av_hr  el_before_av_hr  '><div class='av-share-box'><h5 class='av-share-link-description av-no-toc '>Compartir esta noticia<\/h5><ul class='av-share-box-list noLightbox'><li class='av-share-link av-social-link-facebook' ><a target=\"_blank\" aria-label=\"Compartir en Facebook\" href='https:\/\/www.facebook.com\/sharer.php?u=https:\/\/radiorevelacionfm.cl\/?p=15630&#038;t=Programa%20de%20Frutales%20de%20Indap%3A%20Pionero%20en%20implementar%20cultivo%20de%20Frutillas%20bajo%20Mesotunel%20en%20Caleta%20Andrade' aria-hidden='false' data-av_icon='\ue8f3' data-av_iconfont='entypo-fontello' title='' data-avia-related-tooltip='Compartir en Facebook' rel=\"noopener\"><span class='avia_hidden_link_text'>Compartir en Facebook<\/span><\/a><\/li><li class='av-share-link av-social-link-twitter' ><a target=\"_blank\" aria-label=\"Compartir en Twitter\" href='https:\/\/twitter.com\/share?text=Programa%20de%20Frutales%20de%20Indap%3A%20Pionero%20en%20implementar%20cultivo%20de%20Frutillas%20bajo%20Mesotunel%20en%20Caleta%20Andrade&#038;url=https:\/\/radiorevelacionfm.cl\/?p=15630' aria-hidden='false' data-av_icon='\ue8f1' data-av_iconfont='entypo-fontello' title='' data-avia-related-tooltip='Compartir en Twitter' rel=\"noopener\"><span class='avia_hidden_link_text'>Compartir en Twitter<\/span><\/a><\/li><li class='av-share-link av-social-link-whatsapp' ><a target=\"_blank\" aria-label=\"Compartir en Whatsapp\" href='https:\/\/api.whatsapp.com\/send?text=https:\/\/radiorevelacionfm.cl\/?p=15630' aria-hidden='false' data-av_icon='\uf232' data-av_iconfont='entypo-fontello' title='' data-avia-related-tooltip='Compartir en Whatsapp' rel=\"noopener\"><span class='avia_hidden_link_text'>Compartir en Whatsapp<\/span><\/a><\/li><li class='av-share-link av-social-link-linkedin' ><a target=\"_blank\" aria-label=\"Compartir en LinkedIn\" href='https:\/\/linkedin.com\/shareArticle?mini=true&#038;title=Programa%20de%20Frutales%20de%20Indap%3A%20Pionero%20en%20implementar%20cultivo%20de%20Frutillas%20bajo%20Mesotunel%20en%20Caleta%20Andrade&#038;url=https:\/\/radiorevelacionfm.cl\/?p=15630' aria-hidden='false' data-av_icon='\ue8fc' data-av_iconfont='entypo-fontello' title='' data-avia-related-tooltip='Compartir en LinkedIn' rel=\"noopener\"><span class='avia_hidden_link_text'>Compartir en LinkedIn<\/span><\/a><\/li><li class='av-share-link av-social-link-mail' ><a  aria-label=\"Compartir por correo\" href='mailto:?subject=Programa%20de%20Frutales%20de%20Indap%3A%20Pionero%20en%20implementar%20cultivo%20de%20Frutillas%20bajo%20Mesotunel%20en%20Caleta%20Andrade&#038;body=https:\/\/radiorevelacionfm.cl\/?p=15630' aria-hidden='false' data-av_icon='\ue805' data-av_iconfont='entypo-fontello' title='' data-avia-related-tooltip='Compartir por correo'><span class='avia_hidden_link_text'>Compartir por correo<\/span><\/a><\/li><\/ul><\/div><\/div>\n<div  style='height:50px' class='hr hr-invisible   avia-builder-el-8  el_after_av_social_share  el_before_av_comments_list '><span class='hr-inner ' ><span class='hr-inner-style'><\/span><\/span><\/div>\n<div  class='av-buildercomment  av-blog-meta-html-info-disabled av-blog-meta-tag-disabled  '><\/div>\n","protected":false},"excerpt":{"rendered":"","protected":false},"author":1,"featured_media":15631,"comment_status":"open","ping_status":"open","sticky":false,"template":"","format":"standard","meta":{"footnotes":""},"categories":[58],"tags":[],"class_list":["post-15630","post","type-post","status-publish","format-standard","has-post-thumbnail","hentry","category-agricultura"],"jetpack_featured_media_url":"https:\/\/radiorevelacionfm.cl\/wp-content\/uploads\/2022\/04\/indap-frutillas0-1_optimized.jpg","_links":{"self":[{"href":"https:\/\/radiorevelacionfm.cl\/index.php?rest_route=\/wp\/v2\/posts\/15630","targetHints":{"allow":["GET"]}}],"collection":[{"href":"https:\/\/radiorevelacionfm.cl\/index.php?rest_route=\/wp\/v2\/posts"}],"about":[{"href":"https:\/\/radiorevelacionfm.cl\/index.php?rest_route=\/wp\/v2\/types\/post"}],"author":[{"embeddable":true,"href":"https:\/\/radiorevelacionfm.cl\/index.php?rest_route=\/wp\/v2\/users\/1"}],"replies":[{"embeddable":true,"href":"https:\/\/radiorevelacionfm.cl\/index.php?rest_route=%2Fwp%2Fv2%2Fcomments&post=15630"}],"version-history":[{"count":2,"href":"https:\/\/radiorevelacionfm.cl\/index.php?rest_route=\/wp\/v2\/posts\/15630\/revisions"}],"predecessor-version":[{"id":15633,"href":"https:\/\/radiorevelacionfm.cl\/index.php?rest_route=\/wp\/v2\/posts\/15630\/revisions\/15633"}],"wp:featuredmedia":[{"embeddable":true,"href":"https:\/\/radiorevelacionfm.cl\/index.php?rest_route=\/wp\/v2\/media\/15631"}],"wp:attachment":[{"href":"https:\/\/radiorevelacionfm.cl\/index.php?rest_route=%2Fwp%2Fv2%2Fmedia&parent=15630"}],"wp:term":[{"taxonomy":"category","embeddable":true,"href":"https:\/\/radiorevelacionfm.cl\/index.php?rest_route=%2Fwp%2Fv2%2Fcategories&post=15630"},{"taxonomy":"post_tag","embeddable":true,"href":"https:\/\/radiorevelacionfm.cl\/index.php?rest_route=%2Fwp%2Fv2%2Ftags&post=15630"}],"curies":[{"name":"wp","href":"https:\/\/api.w.org\/{rel}","templated":true}]}}