{"id":15623,"date":"2022-04-08T16:55:37","date_gmt":"2022-04-08T19:55:37","guid":{"rendered":"https:\/\/radiorevelacionfm.cl\/?p=15623"},"modified":"2022-04-08T16:55:37","modified_gmt":"2022-04-08T19:55:37","slug":"ministro-valenzuela-presenta-plan-siembra-por-chile-con-inversion-de-mas-de-32-mil-millones","status":"publish","type":"post","link":"https:\/\/radiorevelacionfm.cl\/?p=15623","title":{"rendered":"Ministro Valenzuela presenta plan \u00abSiembra por Chile\u00bb\u00a0con inversi\u00f3n de m\u00e1s de $32 mil millones\u00a0"},"content":{"rendered":"<div class=\"flex_column av_one_full  flex_column_div av-zero-column-padding first  avia-builder-el-0  el_before_av_one_full  avia-builder-el-first  \" style='border-radius:0px; '><div  class='avia-image-container  av-styling-    avia-builder-el-1  avia-builder-el-no-sibling  avia-align-center '  itemprop=\"image\" itemscope=\"itemscope\" itemtype=\"https:\/\/schema.org\/ImageObject\"  ><div class='avia-image-container-inner'><div class='avia-image-overlay-wrap'><img decoding=\"async\" class='wp-image-15624 avia-img-lazy-loading-not-15624 avia_image' src=\"https:\/\/radiorevelacionfm.cl\/wp-content\/uploads\/2022\/04\/siembraporchilee_8-04-2022-1_optimized.jpg\" alt='' title='siembraporchilee_8-04-2022-(1)_optimized' height=\"600\" width=\"900\"  itemprop=\"thumbnailUrl\" srcset=\"https:\/\/radiorevelacionfm.cl\/wp-content\/uploads\/2022\/04\/siembraporchilee_8-04-2022-1_optimized.jpg 900w, https:\/\/radiorevelacionfm.cl\/wp-content\/uploads\/2022\/04\/siembraporchilee_8-04-2022-1_optimized-300x200.jpg 300w, https:\/\/radiorevelacionfm.cl\/wp-content\/uploads\/2022\/04\/siembraporchilee_8-04-2022-1_optimized-768x512.jpg 768w, https:\/\/radiorevelacionfm.cl\/wp-content\/uploads\/2022\/04\/siembraporchilee_8-04-2022-1_optimized-705x470.jpg 705w, https:\/\/radiorevelacionfm.cl\/wp-content\/uploads\/2022\/04\/siembraporchilee_8-04-2022-1_optimized-600x400.jpg 600w\" sizes=\"(max-width: 900px) 100vw, 900px\" \/><\/div><\/div><\/div><\/div><div class=\"flex_column av_one_full  flex_column_div av-zero-column-padding first  avia-builder-el-2  el_after_av_one_full  el_before_av_one_full  column-top-margin\" style='border-radius:0px; '><section class=\"av_textblock_section \"  itemscope=\"itemscope\" itemtype=\"https:\/\/schema.org\/BlogPosting\" itemprop=\"blogPost\" ><div class='avia_textblock  '   itemprop=\"text\" ><p style=\"text-align: center;\"><span style=\"font-size: 18pt;\"><b>Ministro Valenzuela presenta plan \u00abSiembra por Chile\u00bb\u00a0con inversi\u00f3n de m\u00e1s de $32 mil millones\u00a0<\/b><\/span><\/p>\n<div id=\"gtx-trans\" style=\"position: absolute; left: -50px; top: 4.31534px;\">\n<div class=\"gtx-trans-icon\"><\/div>\n<\/div>\n<\/div><\/section><\/div><div class=\"flex_column av_one_full  flex_column_div av-zero-column-padding first  avia-builder-el-4  el_after_av_one_full  el_before_av_hr  column-top-margin\" style='border-radius:0px; '><section class=\"av_textblock_section \"  itemscope=\"itemscope\" itemtype=\"https:\/\/schema.org\/BlogPosting\" itemprop=\"blogPost\" ><div class='avia_textblock  '   itemprop=\"text\" ><p class=\"v1MsoNormal\" style=\"text-align: justify;\">En la firma de la extensi\u00f3n por 3 meses de la Emergencia Agr\u00edcola, el ministro de Agricultura, Esteban Valenzuela, dio a conocer en Temuco, Regi\u00f3n de La Araucan\u00eda, detalles del nuevo plan \u00abSiembra por Chile\u00bb, el cual forma parte de las medidas de reactivaci\u00f3n econ\u00f3mica, mitigaci\u00f3n de precios y creaci\u00f3n de empleos que el Gobierno de Chile implementar\u00e1 a gran escala en todo el pa\u00eds.<\/p>\n<p class=\"v1MsoNormal\" style=\"text-align: justify;\">Acompa\u00f1ado de las principales autoridades regionales, parlamentarios y alcaldes de la regi\u00f3n, Valenzuela se\u00f1al\u00f3 que \u00abeste es un esfuerzo de diferentes programas del Ministerio de Agricultura, sus servicios, que va a movilizar junto a los municipios m\u00e1s de 30 mil millones de pesos con foco en la agricultura familiar campesina y en las comunidades de nuestros pueblos y naciones ind\u00edgenas. Este programa incluye temas con apoyo en la seguridad h\u00eddrica, fertilizantes -que adem\u00e1s esperamos que muchos de ellos sean agroecol\u00f3gicos-, mejoramiento de suelo, un programa de comercializaci\u00f3n campesina y de nuestros pueblos y naciones originarias por todo el pa\u00eds, en un conjunto de proyectos que buscan acompa\u00f1ar y motivar al sector agr\u00edcola a tener confianza, sembrar, a pesar de la grave crisis y costos de fertilizantes, insumos y energ\u00eda. Debemos sembrar por Chile y seguir asegurando la alimentaci\u00f3n para nuestro pueblo\u00bb.<\/p>\n<p class=\"v1MsoNormal\" style=\"text-align: justify;\"><b>RESTAURACI\u00d3N BOSQUE NATIVO\u00a0<\/b><\/p>\n<p class=\"v1MsoNormal\" style=\"text-align: justify;\">Dentro de las medidas de apoyo, destacan cuatro ejes que vinculan al sector silvoagropecuario. El primero de ellos es un plan de restauraci\u00f3n de bosque nativo, a cargo de Conaf, que implicar\u00e1 $6 mil millones. Considera la ejecuci\u00f3n de actividades para iniciar procesos de restauraci\u00f3n, un programa de recolecci\u00f3n de semillas y el fortalecimiento de viveros. Permitir\u00e1 la creaci\u00f3n de m\u00e1s de 10 mil empleos, entre directos e indirectos, y vincular\u00e1 a municipios desde las regiones de Coquimbo hasta Magallanes.<\/p>\n<p class=\"v1MsoNormal\" style=\"text-align: justify;\"><b>CULTIVOS TRADICIONALES\u00a0<\/b><\/p>\n<p class=\"v1MsoNormal\" style=\"text-align: justify;\">Un segundo punto que abordar\u00e1 \u00abSiembra por Chile\u00bb ser\u00e1 impulsar el establecimiento de cultivos tradicionales, apoyando con capital para la adquisici\u00f3n de insumos afectados por alzas de precios internacionales. Considera un apoyo econ\u00f3mico promedio de $200.000 por hect\u00e1rea (m\u00e1ximo 5 hect\u00e1reas) para la adquisici\u00f3n de insumos (fertilizantes, semillas, otros). En total, son $10 mil millones que Indap asignar\u00e1, a trav\u00e9s de concursos p\u00fablicos, a partir de mayo y desde las regiones Metropolitana hasta Los Lagos.<\/p>\n<p class=\"v1MsoNormal\" style=\"text-align: justify;\"><b>D\u00c9FICIT H\u00cdDRICO\u00a0<\/b><\/p>\n<p class=\"v1MsoNormal\" style=\"text-align: justify;\">Tambi\u00e9n se continuar\u00e1 trabajando la tem\u00e1tica de la emergencia agr\u00edcola por d\u00e9ficit h\u00eddrico, y para ello se apoyar\u00e1 a la Agricultura Familiar Campesina (AFC) afectada para poder avanzar en la recuperaci\u00f3n de su capital productivo. Considera apoyos tales como forraje, material para riego intrapredial, fertilizantes y otros. Son $14.500 millones que se distribuir\u00e1n en las 263 comunas que se encuentran en esta situaci\u00f3n a lo largo de todo Chile.<\/p>\n<p class=\"v1MsoNormal\" style=\"text-align: justify;\"><b>FERIAS Y ESPACIOS DE COMERCIALIZACI\u00d3N\u00a0<\/b><\/p>\n<p class=\"v1MsoNormal\" style=\"text-align: justify;\">Finalmente, Indap destinar\u00e1 m\u00e1s de $1.000 millones para la r<span lang=\"ES\">eposici\u00f3n, mejora y creaci\u00f3n de espacios para la comercializaci\u00f3n de la AFC, artesan\u00eda y fortalecimiento de ferias libres y fiestas campesinas. Considera el relanzamiento de la Expo Mundo Rural Nacional, Expo Mundo Rural Regional, Ferias tem\u00e1ticas y regionales (D\u00eda de la Miel, D\u00eda del Vino, D\u00eda Mundial del Turismo con Artesan\u00eda y Turismo Rural, etc.) y Mercados Campesinos (45 iniciativas a nivel regional). Su impacto es nacional y permitir\u00e1 hasta 5 mil empleos entre directos e indirectos.\u00a0<\/span><\/p>\n<p class=\"v1MsoNormal\" style=\"text-align: justify;\"><b><span lang=\"ES\">Descentralizaci\u00f3n de Conaf\u00a0<\/span><\/b><\/p>\n<p class=\"v1MsoNormal\" style=\"text-align: justify;\"><span lang=\"ES\">La ocasi\u00f3n permiti\u00f3 tambi\u00e9n marcar un hito en la descentralizaci\u00f3n, ya que el ministro Valenzuela anunci\u00f3 que la gerencia de Bosques y Cambio Clim\u00e1tico de Conaf -encabezada por Constanza Troppa- comenzar\u00e1 a funcionar de manera presencial y principal en la Regi\u00f3n de la Araucan\u00eda. Ello permitir\u00e1 desconcentraci\u00f3n, acci\u00f3n y respuesta en el \u00e1rea, con la inmediatez que permitir\u00e1 estar funcionando en la zona donde m\u00e1s impacto posee dicha gerencia.\u00a0<\/span><\/p>\n<\/div><\/section><\/div><div  style='height:50px' class='hr hr-invisible   avia-builder-el-6  el_after_av_one_full  el_before_av_social_share '><span class='hr-inner ' ><span class='hr-inner-style'><\/span><\/span><\/div><\/p>\n<div  class='av-social-sharing-box  avia-builder-el-7  el_after_av_hr  el_before_av_hr  '><div class='av-share-box'><h5 class='av-share-link-description av-no-toc '>Compartir esta noticia<\/h5><ul class='av-share-box-list noLightbox'><li class='av-share-link av-social-link-facebook' ><a target=\"_blank\" aria-label=\"Compartir en Facebook\" href='https:\/\/www.facebook.com\/sharer.php?u=https:\/\/radiorevelacionfm.cl\/?p=15623&#038;t=Ministro%20Valenzuela%20presenta%20plan%20%C2%ABSiembra%20por%20Chile%C2%BB%C2%A0con%20inversi%C3%B3n%20de%20m%C3%A1s%20de%20%2432%20mil%20millones%C2%A0' aria-hidden='false' data-av_icon='\ue8f3' data-av_iconfont='entypo-fontello' title='' data-avia-related-tooltip='Compartir en Facebook' rel=\"noopener\"><span class='avia_hidden_link_text'>Compartir en Facebook<\/span><\/a><\/li><li class='av-share-link av-social-link-twitter' ><a target=\"_blank\" aria-label=\"Compartir en Twitter\" href='https:\/\/twitter.com\/share?text=Ministro%20Valenzuela%20presenta%20plan%20%C2%ABSiembra%20por%20Chile%C2%BB%C2%A0con%20inversi%C3%B3n%20de%20m%C3%A1s%20de%20%2432%20mil%20millones%C2%A0&#038;url=https:\/\/radiorevelacionfm.cl\/?p=15623' aria-hidden='false' data-av_icon='\ue8f1' data-av_iconfont='entypo-fontello' title='' data-avia-related-tooltip='Compartir en Twitter' rel=\"noopener\"><span class='avia_hidden_link_text'>Compartir en Twitter<\/span><\/a><\/li><li class='av-share-link av-social-link-whatsapp' ><a target=\"_blank\" aria-label=\"Compartir en Whatsapp\" href='https:\/\/api.whatsapp.com\/send?text=https:\/\/radiorevelacionfm.cl\/?p=15623' aria-hidden='false' data-av_icon='\uf232' data-av_iconfont='entypo-fontello' title='' data-avia-related-tooltip='Compartir en Whatsapp' rel=\"noopener\"><span class='avia_hidden_link_text'>Compartir en Whatsapp<\/span><\/a><\/li><li class='av-share-link av-social-link-linkedin' ><a target=\"_blank\" aria-label=\"Compartir en LinkedIn\" href='https:\/\/linkedin.com\/shareArticle?mini=true&#038;title=Ministro%20Valenzuela%20presenta%20plan%20%C2%ABSiembra%20por%20Chile%C2%BB%C2%A0con%20inversi%C3%B3n%20de%20m%C3%A1s%20de%20%2432%20mil%20millones%C2%A0&#038;url=https:\/\/radiorevelacionfm.cl\/?p=15623' aria-hidden='false' data-av_icon='\ue8fc' data-av_iconfont='entypo-fontello' title='' data-avia-related-tooltip='Compartir en LinkedIn' rel=\"noopener\"><span class='avia_hidden_link_text'>Compartir en LinkedIn<\/span><\/a><\/li><li class='av-share-link av-social-link-mail' ><a  aria-label=\"Compartir por correo\" href='mailto:?subject=Ministro%20Valenzuela%20presenta%20plan%20%C2%ABSiembra%20por%20Chile%C2%BB%C2%A0con%20inversi%C3%B3n%20de%20m%C3%A1s%20de%20%2432%20mil%20millones%C2%A0&#038;body=https:\/\/radiorevelacionfm.cl\/?p=15623' aria-hidden='false' data-av_icon='\ue805' data-av_iconfont='entypo-fontello' title='' data-avia-related-tooltip='Compartir por correo'><span class='avia_hidden_link_text'>Compartir por correo<\/span><\/a><\/li><\/ul><\/div><\/div>\n<div  style='height:50px' class='hr hr-invisible   avia-builder-el-8  el_after_av_social_share  el_before_av_comments_list '><span class='hr-inner ' ><span class='hr-inner-style'><\/span><\/span><\/div>\n<div  class='av-buildercomment  av-blog-meta-html-info-disabled av-blog-meta-tag-disabled  '><\/div>\n","protected":false},"excerpt":{"rendered":"","protected":false},"author":1,"featured_media":15624,"comment_status":"open","ping_status":"open","sticky":false,"template":"","format":"standard","meta":{"footnotes":""},"categories":[58],"tags":[],"class_list":["post-15623","post","type-post","status-publish","format-standard","has-post-thumbnail","hentry","category-agricultura"],"jetpack_featured_media_url":"https:\/\/radiorevelacionfm.cl\/wp-content\/uploads\/2022\/04\/siembraporchilee_8-04-2022-1_optimized.jpg","_links":{"self":[{"href":"https:\/\/radiorevelacionfm.cl\/index.php?rest_route=\/wp\/v2\/posts\/15623","targetHints":{"allow":["GET"]}}],"collection":[{"href":"https:\/\/radiorevelacionfm.cl\/index.php?rest_route=\/wp\/v2\/posts"}],"about":[{"href":"https:\/\/radiorevelacionfm.cl\/index.php?rest_route=\/wp\/v2\/types\/post"}],"author":[{"embeddable":true,"href":"https:\/\/radiorevelacionfm.cl\/index.php?rest_route=\/wp\/v2\/users\/1"}],"replies":[{"embeddable":true,"href":"https:\/\/radiorevelacionfm.cl\/index.php?rest_route=%2Fwp%2Fv2%2Fcomments&post=15623"}],"version-history":[{"count":2,"href":"https:\/\/radiorevelacionfm.cl\/index.php?rest_route=\/wp\/v2\/posts\/15623\/revisions"}],"predecessor-version":[{"id":15626,"href":"https:\/\/radiorevelacionfm.cl\/index.php?rest_route=\/wp\/v2\/posts\/15623\/revisions\/15626"}],"wp:featuredmedia":[{"embeddable":true,"href":"https:\/\/radiorevelacionfm.cl\/index.php?rest_route=\/wp\/v2\/media\/15624"}],"wp:attachment":[{"href":"https:\/\/radiorevelacionfm.cl\/index.php?rest_route=%2Fwp%2Fv2%2Fmedia&parent=15623"}],"wp:term":[{"taxonomy":"category","embeddable":true,"href":"https:\/\/radiorevelacionfm.cl\/index.php?rest_route=%2Fwp%2Fv2%2Fcategories&post=15623"},{"taxonomy":"post_tag","embeddable":true,"href":"https:\/\/radiorevelacionfm.cl\/index.php?rest_route=%2Fwp%2Fv2%2Ftags&post=15623"}],"curies":[{"name":"wp","href":"https:\/\/api.w.org\/{rel}","templated":true}]}}