{"id":15619,"date":"2022-04-08T16:08:31","date_gmt":"2022-04-08T19:08:31","guid":{"rendered":"https:\/\/radiorevelacionfm.cl\/?p=15619"},"modified":"2022-04-08T16:08:31","modified_gmt":"2022-04-08T19:08:31","slug":"sernameg-y-fundacion-prodemu-sostienen-primera-reunion-del-ano-en-el-marco-de-su-acuerdo-operativo","status":"publish","type":"post","link":"https:\/\/radiorevelacionfm.cl\/?p=15619","title":{"rendered":"SernamEG y Fundaci\u00f3n Prodemu sostienen primera reuni\u00f3n del a\u00f1o en el marco de su acuerdo operativo"},"content":{"rendered":"<div class=\"flex_column av_one_full  flex_column_div av-zero-column-padding first  avia-builder-el-0  el_before_av_one_full  avia-builder-el-first  \" style='border-radius:0px; '><div  class='avia-image-container  av-styling-    avia-builder-el-1  avia-builder-el-no-sibling  avia-align-center '  itemprop=\"image\" itemscope=\"itemscope\" itemtype=\"https:\/\/schema.org\/ImageObject\"  ><div class='avia-image-container-inner'><div class='avia-image-overlay-wrap'><img decoding=\"async\" class='wp-image-15620 avia-img-lazy-loading-not-15620 avia_image' src=\"https:\/\/radiorevelacionfm.cl\/wp-content\/uploads\/2022\/04\/convenio-sernameg-prodemu-7-1_optimized.jpg\" alt='' title='convenio-sernameg-prodemu-(7)-(1)_optimized' height=\"600\" width=\"1403\"  itemprop=\"thumbnailUrl\" srcset=\"https:\/\/radiorevelacionfm.cl\/wp-content\/uploads\/2022\/04\/convenio-sernameg-prodemu-7-1_optimized.jpg 1403w, https:\/\/radiorevelacionfm.cl\/wp-content\/uploads\/2022\/04\/convenio-sernameg-prodemu-7-1_optimized-300x128.jpg 300w, https:\/\/radiorevelacionfm.cl\/wp-content\/uploads\/2022\/04\/convenio-sernameg-prodemu-7-1_optimized-1030x440.jpg 1030w, https:\/\/radiorevelacionfm.cl\/wp-content\/uploads\/2022\/04\/convenio-sernameg-prodemu-7-1_optimized-768x328.jpg 768w, https:\/\/radiorevelacionfm.cl\/wp-content\/uploads\/2022\/04\/convenio-sernameg-prodemu-7-1_optimized-705x301.jpg 705w, https:\/\/radiorevelacionfm.cl\/wp-content\/uploads\/2022\/04\/convenio-sernameg-prodemu-7-1_optimized-600x257.jpg 600w\" sizes=\"(max-width: 1403px) 100vw, 1403px\" \/><\/div><\/div><\/div><\/div><div class=\"flex_column av_one_full  flex_column_div av-zero-column-padding first  avia-builder-el-2  el_after_av_one_full  el_before_av_one_full  column-top-margin\" style='border-radius:0px; '><section class=\"av_textblock_section \"  itemscope=\"itemscope\" itemtype=\"https:\/\/schema.org\/BlogPosting\" itemprop=\"blogPost\" ><div class='avia_textblock  '   itemprop=\"text\" ><p style=\"text-align: center;\"><strong><span style=\"font-size: 18pt;\">SernamEG y Fundaci\u00f3n Prodemu sostienen primera reuni\u00f3n del a\u00f1o en el marco de su acuerdo operativo<\/span><\/strong><\/p>\n<div id=\"gtx-trans\" style=\"position: absolute; left: -50px; top: 4.31534px;\">\n<div class=\"gtx-trans-icon\"><\/div>\n<\/div>\n<\/div><\/section><\/div><div class=\"flex_column av_one_full  flex_column_div av-zero-column-padding first  avia-builder-el-4  el_after_av_one_full  el_before_av_hr  column-top-margin\" style='border-radius:0px; '><section class=\"av_textblock_section \"  itemscope=\"itemscope\" itemtype=\"https:\/\/schema.org\/BlogPosting\" itemprop=\"blogPost\" ><div class='avia_textblock  '   itemprop=\"text\" ><p style=\"font-weight: 400; text-align: justify;\">V\u00eda telem\u00e1tica se realiz\u00f3 la constituci\u00f3n de la Mesa Regional 2022 conformada por el Servicio Nacional de la Mujer y la Equidad de G\u00e9nero, SernamEG, y la Fundaci\u00f3n para la Promoci\u00f3n y Desarrollo de la Mujer, PRODEMU. La actividad que se enmarca en el acuerdo operativo regional vigente, entre ambas instituciones, contempla una serie de acciones que apuntan a alcanzar y\/o mantener las autonom\u00edas de las mujeres de la regi\u00f3n de Ays\u00e9n de tipo econ\u00f3mica, social- pol\u00edtica y f\u00edsica.<\/p>\n<p style=\"font-weight: 400; text-align: justify;\">En su intervenci\u00f3n, la Directora Regional Subrogante de SernamEG, Carla Arriagada Malague\u00f1o, sostuvo que \u201cen realidad esta mesa de trabajo lleva muchos a\u00f1os por lo que es importante reconocer la labor que se ha hecho durante todo este tiempo que se traduce en buenas coordinaciones que hemos tenido como instituciones. Me gustar\u00eda instarlas a que continuemos con el mismo esp\u00edritu para proseguir de la misma forma que lo hemos hecho hasta ahora\u201d.\u00a0 La autoridad regional tambi\u00e9n destac\u00f3 la adaptaci\u00f3n de los modelos program\u00e1ticos de SernamEG y PRODEMU para abordar la nueva realidad que se instal\u00f3 con el manejo sanitario de la pandemia.<\/p>\n<p style=\"font-weight: 400; text-align: justify;\">En la ocasi\u00f3n, se realizaron las presentaciones de las ofertas program\u00e1ticas de ambas instituciones a los equipos de manera alternada, con la idea de facilitar la llegada de dicha informaci\u00f3n a las mujeres en los territorios. Al respecto, la Directora Ejecutiva Regional de PRODEMU, Marlene Julio Schweitzer, manifest\u00f3: \u201cparticiparon los equipos provinciales y regionales de la Fundaci\u00f3n; es decir, desde la provincia Capit\u00e1n Prat, General Carrera, Ays\u00e9n y Coyhaique oportunidad en la que informaron de toda la oferta program\u00e1tica a ejecutarse este a\u00f1o 2022; y de esta forma, nos permite que puedan dar a conocer a las mujeres con las que trabajan SernamEG, para que pueden ingresar a la red para la autonom\u00eda de la mujer de PRODEMU\u201d.<\/p>\n<p style=\"font-weight: 400; text-align: justify;\">Mediante el convenio suscrito a nivel nacional, SernamEG traspasa recursos a PRODEMU para implementar programas vinculados a su oferta program\u00e1tica. En tanto, la instituci\u00f3n de derecho privado sin fines de lucro \u2013 que pertenece a la red de fundaciones de la Presidencia de la Rep\u00fablica- asume la tarea de ejecutar l\u00edneas program\u00e1ticas acordes a los objetivos que persigue SernamEG en materia de autonom\u00edas de las mujeres y en el ejercicio de sus derechos.<\/p>\n<\/div><\/section><\/div><div  style='height:50px' class='hr hr-invisible   avia-builder-el-6  el_after_av_one_full  el_before_av_social_share '><span class='hr-inner ' ><span class='hr-inner-style'><\/span><\/span><\/div><\/p>\n<div  class='av-social-sharing-box  avia-builder-el-7  el_after_av_hr  el_before_av_hr  '><div class='av-share-box'><h5 class='av-share-link-description av-no-toc '>Compartir esta noticia<\/h5><ul class='av-share-box-list noLightbox'><li class='av-share-link av-social-link-facebook' ><a target=\"_blank\" aria-label=\"Compartir en Facebook\" href='https:\/\/www.facebook.com\/sharer.php?u=https:\/\/radiorevelacionfm.cl\/?p=15619&#038;t=SernamEG%20y%20Fundaci%C3%B3n%20Prodemu%20sostienen%20primera%20reuni%C3%B3n%20del%20a%C3%B1o%20en%20el%20marco%20de%20su%20acuerdo%20operativo' aria-hidden='false' data-av_icon='\ue8f3' data-av_iconfont='entypo-fontello' title='' data-avia-related-tooltip='Compartir en Facebook' rel=\"noopener\"><span class='avia_hidden_link_text'>Compartir en Facebook<\/span><\/a><\/li><li class='av-share-link av-social-link-twitter' ><a target=\"_blank\" aria-label=\"Compartir en Twitter\" href='https:\/\/twitter.com\/share?text=SernamEG%20y%20Fundaci%C3%B3n%20Prodemu%20sostienen%20primera%20reuni%C3%B3n%20del%20a%C3%B1o%20en%20el%20marco%20de%20su%20acuerdo%20operativo&#038;url=https:\/\/radiorevelacionfm.cl\/?p=15619' aria-hidden='false' data-av_icon='\ue8f1' data-av_iconfont='entypo-fontello' title='' data-avia-related-tooltip='Compartir en Twitter' rel=\"noopener\"><span class='avia_hidden_link_text'>Compartir en Twitter<\/span><\/a><\/li><li class='av-share-link av-social-link-whatsapp' ><a target=\"_blank\" aria-label=\"Compartir en Whatsapp\" href='https:\/\/api.whatsapp.com\/send?text=https:\/\/radiorevelacionfm.cl\/?p=15619' aria-hidden='false' data-av_icon='\uf232' data-av_iconfont='entypo-fontello' title='' data-avia-related-tooltip='Compartir en Whatsapp' rel=\"noopener\"><span class='avia_hidden_link_text'>Compartir en Whatsapp<\/span><\/a><\/li><li class='av-share-link av-social-link-linkedin' ><a target=\"_blank\" aria-label=\"Compartir en LinkedIn\" href='https:\/\/linkedin.com\/shareArticle?mini=true&#038;title=SernamEG%20y%20Fundaci%C3%B3n%20Prodemu%20sostienen%20primera%20reuni%C3%B3n%20del%20a%C3%B1o%20en%20el%20marco%20de%20su%20acuerdo%20operativo&#038;url=https:\/\/radiorevelacionfm.cl\/?p=15619' aria-hidden='false' data-av_icon='\ue8fc' data-av_iconfont='entypo-fontello' title='' data-avia-related-tooltip='Compartir en LinkedIn' rel=\"noopener\"><span class='avia_hidden_link_text'>Compartir en LinkedIn<\/span><\/a><\/li><li class='av-share-link av-social-link-mail' ><a  aria-label=\"Compartir por correo\" href='mailto:?subject=SernamEG%20y%20Fundaci%C3%B3n%20Prodemu%20sostienen%20primera%20reuni%C3%B3n%20del%20a%C3%B1o%20en%20el%20marco%20de%20su%20acuerdo%20operativo&#038;body=https:\/\/radiorevelacionfm.cl\/?p=15619' aria-hidden='false' data-av_icon='\ue805' data-av_iconfont='entypo-fontello' title='' data-avia-related-tooltip='Compartir por correo'><span class='avia_hidden_link_text'>Compartir por correo<\/span><\/a><\/li><\/ul><\/div><\/div>\n<div  style='height:50px' class='hr hr-invisible   avia-builder-el-8  el_after_av_social_share  el_before_av_comments_list '><span class='hr-inner ' ><span class='hr-inner-style'><\/span><\/span><\/div>\n<div  class='av-buildercomment  av-blog-meta-html-info-disabled av-blog-meta-tag-disabled  '><\/div>\n","protected":false},"excerpt":{"rendered":"","protected":false},"author":1,"featured_media":15620,"comment_status":"open","ping_status":"open","sticky":false,"template":"","format":"standard","meta":{"footnotes":""},"categories":[38],"tags":[],"class_list":["post-15619","post","type-post","status-publish","format-standard","has-post-thumbnail","hentry","category-regional"],"jetpack_featured_media_url":"https:\/\/radiorevelacionfm.cl\/wp-content\/uploads\/2022\/04\/convenio-sernameg-prodemu-7-1_optimized.jpg","_links":{"self":[{"href":"https:\/\/radiorevelacionfm.cl\/index.php?rest_route=\/wp\/v2\/posts\/15619","targetHints":{"allow":["GET"]}}],"collection":[{"href":"https:\/\/radiorevelacionfm.cl\/index.php?rest_route=\/wp\/v2\/posts"}],"about":[{"href":"https:\/\/radiorevelacionfm.cl\/index.php?rest_route=\/wp\/v2\/types\/post"}],"author":[{"embeddable":true,"href":"https:\/\/radiorevelacionfm.cl\/index.php?rest_route=\/wp\/v2\/users\/1"}],"replies":[{"embeddable":true,"href":"https:\/\/radiorevelacionfm.cl\/index.php?rest_route=%2Fwp%2Fv2%2Fcomments&post=15619"}],"version-history":[{"count":2,"href":"https:\/\/radiorevelacionfm.cl\/index.php?rest_route=\/wp\/v2\/posts\/15619\/revisions"}],"predecessor-version":[{"id":15622,"href":"https:\/\/radiorevelacionfm.cl\/index.php?rest_route=\/wp\/v2\/posts\/15619\/revisions\/15622"}],"wp:featuredmedia":[{"embeddable":true,"href":"https:\/\/radiorevelacionfm.cl\/index.php?rest_route=\/wp\/v2\/media\/15620"}],"wp:attachment":[{"href":"https:\/\/radiorevelacionfm.cl\/index.php?rest_route=%2Fwp%2Fv2%2Fmedia&parent=15619"}],"wp:term":[{"taxonomy":"category","embeddable":true,"href":"https:\/\/radiorevelacionfm.cl\/index.php?rest_route=%2Fwp%2Fv2%2Fcategories&post=15619"},{"taxonomy":"post_tag","embeddable":true,"href":"https:\/\/radiorevelacionfm.cl\/index.php?rest_route=%2Fwp%2Fv2%2Ftags&post=15619"}],"curies":[{"name":"wp","href":"https:\/\/api.w.org\/{rel}","templated":true}]}}