{"id":15615,"date":"2022-04-08T15:00:06","date_gmt":"2022-04-08T18:00:06","guid":{"rendered":"https:\/\/radiorevelacionfm.cl\/?p=15615"},"modified":"2022-04-08T17:31:47","modified_gmt":"2022-04-08T20:31:47","slug":"corte-acoge-recurso-de-amparo-a-favor-de-internos-trasladados-del-penal-de-aysen-a-puerto-montt","status":"publish","type":"post","link":"https:\/\/radiorevelacionfm.cl\/?p=15615","title":{"rendered":"Corte acoge recurso de amparo de internos trasladados y ordena su retorno al penal de Ays\u00e9n"},"content":{"rendered":"<div class=\"flex_column av_one_full  flex_column_div av-zero-column-padding first  avia-builder-el-0  el_before_av_one_full  avia-builder-el-first  \" style='border-radius:0px; '><div  class='avia-image-container  av-styling-    avia-builder-el-1  avia-builder-el-no-sibling  avia-align-center '  itemprop=\"image\" itemscope=\"itemscope\" itemtype=\"https:\/\/schema.org\/ImageObject\"  ><div class='avia-image-container-inner'><div class='avia-image-overlay-wrap'><img decoding=\"async\" class='wp-image-15616 avia-img-lazy-loading-not-15616 avia_image' src=\"https:\/\/radiorevelacionfm.cl\/wp-content\/uploads\/2022\/04\/Gendarmeria-Aysen.jpg\" alt='' title='Gendarmeria Aysen' height=\"600\" width=\"800\"  itemprop=\"thumbnailUrl\" srcset=\"https:\/\/radiorevelacionfm.cl\/wp-content\/uploads\/2022\/04\/Gendarmeria-Aysen.jpg 800w, https:\/\/radiorevelacionfm.cl\/wp-content\/uploads\/2022\/04\/Gendarmeria-Aysen-300x225.jpg 300w, https:\/\/radiorevelacionfm.cl\/wp-content\/uploads\/2022\/04\/Gendarmeria-Aysen-768x576.jpg 768w, https:\/\/radiorevelacionfm.cl\/wp-content\/uploads\/2022\/04\/Gendarmeria-Aysen-705x529.jpg 705w, https:\/\/radiorevelacionfm.cl\/wp-content\/uploads\/2022\/04\/Gendarmeria-Aysen-600x450.jpg 600w\" sizes=\"(max-width: 800px) 100vw, 800px\" \/><\/div><\/div><\/div><\/div>\n<div class=\"flex_column av_one_full  flex_column_div av-zero-column-padding first  avia-builder-el-2  el_after_av_one_full  el_before_av_one_full  column-top-margin\" style='border-radius:0px; '><section class=\"av_textblock_section \"  itemscope=\"itemscope\" itemtype=\"https:\/\/schema.org\/BlogPosting\" itemprop=\"blogPost\" ><div class='avia_textblock  '   itemprop=\"text\" ><p style=\"text-align: center;\"><strong><span style=\"font-size: 18pt;\">Corte acoge recurso de amparo de internos trasladados y ordena su retorno al penal de Ays\u00e9n <\/span><\/strong><\/p>\n<div id=\"gtx-trans\" style=\"position: absolute; left: -50px; top: 4.31534px;\">\n<div class=\"gtx-trans-icon\"><\/div>\n<\/div>\n<\/div><\/section><\/div>\n<div class=\"flex_column av_one_full  flex_column_div av-zero-column-padding first  avia-builder-el-4  el_after_av_one_full  el_before_av_hr  column-top-margin\" style='border-radius:0px; '><section class=\"av_textblock_section \"  itemscope=\"itemscope\" itemtype=\"https:\/\/schema.org\/BlogPosting\" itemprop=\"blogPost\" ><div class='avia_textblock  '   itemprop=\"text\" ><p style=\"text-align: justify;\">Durante este jueves 7 de abril, la Corte de Apelaciones de Coyhaique dio a conocer resoluci\u00f3n en relaci\u00f3n al recurso de amparo interpuesto por el abogado defensor de cinco internos de la c\u00e1rcel de Puerto Ays\u00e9n, quienes de acuerdo a un procedimiento dispuesto por Gendarmer\u00eda, fueron trasladados a Puerto Montt en medio una serie de manifestaciones de los familiares.<\/p>\n<p class=\"v1MsoNormal\" style=\"text-align: justify;\">En fallo un\u00e1nime (causa rol 7-2022), la Primera Sala del tribunal de alzada \u2013integrada por los ministros Sergio Mora, Pedro Castro y Jos\u00e9 Ignacio Mora\u2013 acogi\u00f3 la acci\u00f3n judicial al considerar que la recurrida actu\u00f3 en forma arbitraria e injustificada al disponer el traslado de los amparados.<\/p>\n<p class=\"v1MsoNormal\" style=\"text-align: justify;\">\u00ab(&#8230;) del an\u00e1lisis de los antecedentes existentes, se establece, como primera situaci\u00f3n, que la resoluci\u00f3n que dispuso el traslado de los internos no fue notificada en la oportunidad que perentoriamente establece el art\u00edculo 28, inciso 6\u00b0, del D.S. 518, que contiene el Reglamento de Establecimientos Penitenciarios, esto es, que dicha resoluci\u00f3n se debe notificar &#8216;en el d\u00eda, o a m\u00e1s tardar el d\u00eda siguiente, entreg\u00e1ndole copia&#8217;, lo que no se cumpli\u00f3, puesto que la referida resoluci\u00f3n fue dictada con fecha 23 de marzo de 2022 y, de acuerdo con lo expresado por el abogado de la recurrida en estrado, la misma se notific\u00f3 a los internos el d\u00eda 31 de marzo del mismo a\u00f1o, constando que dicho traslado se produjo en la madrugada del d\u00eda siguiente, esto es, el 1 de abril\u00bb, sostiene el fallo.<\/p>\n<p class=\"v1MsoNormal\" style=\"text-align: justify;\">La resoluci\u00f3n agrega:\u00a0\u00ab(&#8230;) como una segunda circunstancia a considerar, se constata de los antecedentes allegados que no existe evidencia fehaciente respecto a situaciones graves de indisciplina o faltas de cumplimiento relevantes al orden interno, solo se mencion\u00f3 en estrado alguna sanci\u00f3n por la tenencia de celulares al interior del penal, sin acompa\u00f1ar documentaci\u00f3n suficiente que amerite considerar ello como infracci\u00f3n grave que justifique el traslado por razones de seguridad, m\u00e1xime que, si bien se se\u00f1alan antecedentes de conductas graves de organizaci\u00f3n delictual, ello lo ha sido en el marco de los hechos por los que ya fueron sentenciados en la causa Rit 57-2021, del Tribunal de Juicio Oral en lo Penal de Coyhaique, y cuyas penas se encuentran cumpliendo actualmente\u00bb.<\/p>\n<p class=\"v1MsoNormal\" style=\"text-align: justify;\">Para el tribunal de alzada, en la especie: \u00ab(&#8230;) solo resta mencionar que, si bien tambi\u00e9n se fundament\u00f3 el traslado de los internos en el tipo de delito por el cual fueron condenados, esto es, tr\u00e1fico il\u00edcito de drogas, lo cierto es que tal presupuesto, en cuanto a la entidad del mismo, no tiene consecuencias en el r\u00e9gimen interno del penal en que se encontraban cumpliendo la condena los amparados, no siendo suficiente, per se, para justificar el traslado de los mismos, ni tiene respaldo en otros antecedentes aportados en la causa\u00bb.<\/p>\n<p class=\"v1MsoNormal\" style=\"text-align: justify;\">Por tanto, se resuelve que:\u00a0\u00ab<b>SE ACOGE<\/b>\u00a0la acci\u00f3n constitucional de amparo deducida por el abogado Defensor Penal P\u00fablico Penitenciario, Luciano Gonz\u00e1lez Gronemann, en contra de Gendarmer\u00eda de Chile, representada por su Director Regional, Alberto Jara San Mart\u00edn y, en consecuencia, se deja sin efecto la Resoluci\u00f3n Exenta D.N. N\u00b0 1672, de 23 de marzo de 2022, y se decreta el retorno de los condenados Mat\u00edas Andr\u00e9s Bastidas Orellana, Diego Nikol\u00e1s Bastidas Orellana, Agust\u00edn Nazlo Bast\u00edas Orellana, Luis Andr\u00e9s Alejandro Silva Figueroa y Franco Dami\u00e1n Enrique Ib\u00e1\u00f1ez Pacheco al Centro de Detenci\u00f3n Preventiva de Ays\u00e9n, para dar cumplimiento al saldo de su condena, debiendo cumplirse a la brevedad\u00bb.<\/p>\n<p style=\"text-align: justify;\">Noticia que fue ampliamente valorada por Luz Figueroa y Laura Pacheco, madres de Luis Silva y Franco Ib\u00e1\u00f1ez, quienes esperan pronto tener en Puerto Ays\u00e9n a sus hijos, para visitarlos en el centro penitenciario.<\/p>\n<p style=\"text-align: justify;\">En tanto, el padre de Franco y esposo de Laura, a\u00fan se mantiene internado en la UCI del Hospital Regional Coyhaique, quien se encuentra en delicado estado de salud, a la espera que se concrete el traslado a un hospital de mayor complejidad, debido a las quemaduras que sufri\u00f3 al quemarse a lo bonzo en medio de una manifestaci\u00f3n en Puerto Ays\u00e9n.<\/p>\n<\/div><\/section><\/div><div  style='height:50px' class='hr hr-invisible   avia-builder-el-6  el_after_av_one_full  el_before_av_social_share '><span class='hr-inner ' ><span class='hr-inner-style'><\/span><\/span><\/div><\/p>\n<div  class='av-social-sharing-box  avia-builder-el-7  el_after_av_hr  el_before_av_hr  '><div class='av-share-box'><h5 class='av-share-link-description av-no-toc '>Compartir esta noticia<\/h5><ul class='av-share-box-list noLightbox'><li class='av-share-link av-social-link-facebook' ><a target=\"_blank\" aria-label=\"Compartir en Facebook\" href='https:\/\/www.facebook.com\/sharer.php?u=https:\/\/radiorevelacionfm.cl\/?p=15615&#038;t=Corte%20acoge%20recurso%20de%20amparo%20de%20internos%20trasladados%20y%20ordena%20su%20retorno%20al%20penal%20de%20Ays%C3%A9n' aria-hidden='false' data-av_icon='\ue8f3' data-av_iconfont='entypo-fontello' title='' data-avia-related-tooltip='Compartir en Facebook' rel=\"noopener\"><span class='avia_hidden_link_text'>Compartir en Facebook<\/span><\/a><\/li><li class='av-share-link av-social-link-twitter' ><a target=\"_blank\" aria-label=\"Compartir en Twitter\" href='https:\/\/twitter.com\/share?text=Corte%20acoge%20recurso%20de%20amparo%20de%20internos%20trasladados%20y%20ordena%20su%20retorno%20al%20penal%20de%20Ays%C3%A9n&#038;url=https:\/\/radiorevelacionfm.cl\/?p=15615' aria-hidden='false' data-av_icon='\ue8f1' data-av_iconfont='entypo-fontello' title='' data-avia-related-tooltip='Compartir en Twitter' rel=\"noopener\"><span class='avia_hidden_link_text'>Compartir en Twitter<\/span><\/a><\/li><li class='av-share-link av-social-link-whatsapp' ><a target=\"_blank\" aria-label=\"Compartir en Whatsapp\" href='https:\/\/api.whatsapp.com\/send?text=https:\/\/radiorevelacionfm.cl\/?p=15615' aria-hidden='false' data-av_icon='\uf232' data-av_iconfont='entypo-fontello' title='' data-avia-related-tooltip='Compartir en Whatsapp' rel=\"noopener\"><span class='avia_hidden_link_text'>Compartir en Whatsapp<\/span><\/a><\/li><li class='av-share-link av-social-link-linkedin' ><a target=\"_blank\" aria-label=\"Compartir en LinkedIn\" href='https:\/\/linkedin.com\/shareArticle?mini=true&#038;title=Corte%20acoge%20recurso%20de%20amparo%20de%20internos%20trasladados%20y%20ordena%20su%20retorno%20al%20penal%20de%20Ays%C3%A9n&#038;url=https:\/\/radiorevelacionfm.cl\/?p=15615' aria-hidden='false' data-av_icon='\ue8fc' data-av_iconfont='entypo-fontello' title='' data-avia-related-tooltip='Compartir en LinkedIn' rel=\"noopener\"><span class='avia_hidden_link_text'>Compartir en LinkedIn<\/span><\/a><\/li><li class='av-share-link av-social-link-mail' ><a  aria-label=\"Compartir por correo\" href='mailto:?subject=Corte%20acoge%20recurso%20de%20amparo%20de%20internos%20trasladados%20y%20ordena%20su%20retorno%20al%20penal%20de%20Ays%C3%A9n&#038;body=https:\/\/radiorevelacionfm.cl\/?p=15615' aria-hidden='false' data-av_icon='\ue805' data-av_iconfont='entypo-fontello' title='' data-avia-related-tooltip='Compartir por correo'><span class='avia_hidden_link_text'>Compartir por correo<\/span><\/a><\/li><\/ul><\/div><\/div>\n<div  style='height:50px' class='hr hr-invisible   avia-builder-el-8  el_after_av_social_share  el_before_av_comments_list '><span class='hr-inner ' ><span class='hr-inner-style'><\/span><\/span><\/div>\n<div  class='av-buildercomment  av-blog-meta-html-info-disabled av-blog-meta-tag-disabled  '><\/div>\n","protected":false},"excerpt":{"rendered":"","protected":false},"author":1,"featured_media":15616,"comment_status":"open","ping_status":"open","sticky":false,"template":"","format":"standard","meta":{"footnotes":""},"categories":[55],"tags":[],"class_list":["post-15615","post","type-post","status-publish","format-standard","has-post-thumbnail","hentry","category-justicia"],"jetpack_featured_media_url":"https:\/\/radiorevelacionfm.cl\/wp-content\/uploads\/2022\/04\/Gendarmeria-Aysen.jpg","_links":{"self":[{"href":"https:\/\/radiorevelacionfm.cl\/index.php?rest_route=\/wp\/v2\/posts\/15615","targetHints":{"allow":["GET"]}}],"collection":[{"href":"https:\/\/radiorevelacionfm.cl\/index.php?rest_route=\/wp\/v2\/posts"}],"about":[{"href":"https:\/\/radiorevelacionfm.cl\/index.php?rest_route=\/wp\/v2\/types\/post"}],"author":[{"embeddable":true,"href":"https:\/\/radiorevelacionfm.cl\/index.php?rest_route=\/wp\/v2\/users\/1"}],"replies":[{"embeddable":true,"href":"https:\/\/radiorevelacionfm.cl\/index.php?rest_route=%2Fwp%2Fv2%2Fcomments&post=15615"}],"version-history":[{"count":4,"href":"https:\/\/radiorevelacionfm.cl\/index.php?rest_route=\/wp\/v2\/posts\/15615\/revisions"}],"predecessor-version":[{"id":15627,"href":"https:\/\/radiorevelacionfm.cl\/index.php?rest_route=\/wp\/v2\/posts\/15615\/revisions\/15627"}],"wp:featuredmedia":[{"embeddable":true,"href":"https:\/\/radiorevelacionfm.cl\/index.php?rest_route=\/wp\/v2\/media\/15616"}],"wp:attachment":[{"href":"https:\/\/radiorevelacionfm.cl\/index.php?rest_route=%2Fwp%2Fv2%2Fmedia&parent=15615"}],"wp:term":[{"taxonomy":"category","embeddable":true,"href":"https:\/\/radiorevelacionfm.cl\/index.php?rest_route=%2Fwp%2Fv2%2Fcategories&post=15615"},{"taxonomy":"post_tag","embeddable":true,"href":"https:\/\/radiorevelacionfm.cl\/index.php?rest_route=%2Fwp%2Fv2%2Ftags&post=15615"}],"curies":[{"name":"wp","href":"https:\/\/api.w.org\/{rel}","templated":true}]}}