{"id":15601,"date":"2022-04-07T20:30:03","date_gmt":"2022-04-07T23:30:03","guid":{"rendered":"https:\/\/radiorevelacionfm.cl\/?p=15601"},"modified":"2022-04-07T20:30:03","modified_gmt":"2022-04-07T23:30:03","slug":"seremi-de-educacion-visito-escuelas-de-coyhaique-para-resaltar-el-dia-de-la-educacion-rural","status":"publish","type":"post","link":"https:\/\/radiorevelacionfm.cl\/?p=15601","title":{"rendered":"Seremi de Educaci\u00f3n visit\u00f3 escuelas de Coyhaique para resaltar el D\u00eda de la Educaci\u00f3n Rural"},"content":{"rendered":"<div class=\"flex_column av_one_full  flex_column_div av-zero-column-padding first  avia-builder-el-0  el_before_av_one_full  avia-builder-el-first  \" style='border-radius:0px; '><div  class='avia-image-container  av-styling-    avia-builder-el-1  avia-builder-el-no-sibling  avia-align-center '  itemprop=\"image\" itemscope=\"itemscope\" itemtype=\"https:\/\/schema.org\/ImageObject\"  ><div class='avia-image-container-inner'><div class='avia-image-overlay-wrap'><img decoding=\"async\" class='wp-image-15602 avia-img-lazy-loading-not-15602 avia_image' src=\"https:\/\/radiorevelacionfm.cl\/wp-content\/uploads\/2022\/04\/ortega10-1-1.jpg\" alt='' title='ortega10 (1) (1)' height=\"600\" width=\"900\"  itemprop=\"thumbnailUrl\" srcset=\"https:\/\/radiorevelacionfm.cl\/wp-content\/uploads\/2022\/04\/ortega10-1-1.jpg 900w, https:\/\/radiorevelacionfm.cl\/wp-content\/uploads\/2022\/04\/ortega10-1-1-300x200.jpg 300w, https:\/\/radiorevelacionfm.cl\/wp-content\/uploads\/2022\/04\/ortega10-1-1-768x512.jpg 768w, https:\/\/radiorevelacionfm.cl\/wp-content\/uploads\/2022\/04\/ortega10-1-1-705x470.jpg 705w, https:\/\/radiorevelacionfm.cl\/wp-content\/uploads\/2022\/04\/ortega10-1-1-600x400.jpg 600w\" sizes=\"(max-width: 900px) 100vw, 900px\" \/><\/div><\/div><\/div><\/div><div class=\"flex_column av_one_full  flex_column_div av-zero-column-padding first  avia-builder-el-2  el_after_av_one_full  el_before_av_one_full  column-top-margin\" style='border-radius:0px; '><section class=\"av_textblock_section \"  itemscope=\"itemscope\" itemtype=\"https:\/\/schema.org\/BlogPosting\" itemprop=\"blogPost\" ><div class='avia_textblock  '   itemprop=\"text\" ><p style=\"text-align: center;\"><span style=\"font-size: 18pt;\"><b><span lang=\"ES\">Seremi de Educaci\u00f3n visit\u00f3 escuelas de Coyhaique para resaltar el D\u00eda de la Educaci\u00f3n Rural<\/span><\/b><\/span><\/p>\n<div id=\"gtx-trans\" style=\"position: absolute; left: -50px; top: 4.31534px;\">\n<div class=\"gtx-trans-icon\"><\/div>\n<\/div>\n<\/div><\/section><\/div><div class=\"flex_column av_one_full  flex_column_div av-zero-column-padding first  avia-builder-el-4  el_after_av_one_full  el_before_av_hr  column-top-margin\" style='border-radius:0px; '><section class=\"av_textblock_section \"  itemscope=\"itemscope\" itemtype=\"https:\/\/schema.org\/BlogPosting\" itemprop=\"blogPost\" ><div class='avia_textblock  '   itemprop=\"text\" ><p class=\"v1MsoNormal\" style=\"text-align: justify;\"><span lang=\"ES\">El 7 de Abril se destaca en Chile el D\u00eda de la Educaci\u00f3n Rural, fecha del natalicio de Gabriela Mistral, poeta chilena y destacada maestra rural, quien adem\u00e1s es nuestra primer\u00a0 Premio Nobel de Literatura.<\/span><\/p>\n<p class=\"v1MsoNormal\" style=\"text-align: justify;\"><span lang=\"ES\">Por ello, la Seremi de Educaci\u00f3n de Ays\u00e9n Isabel Garrido Casassa visit\u00f3 dos escuelas rurales de la zona norte de la comuna de Coyhaique: la Escuela valle de la Luna de Villa \u00d1irehuao y la Escuela Pablo Neruda de Villa Ortega.<\/span><\/p>\n<p class=\"v1MsoNormal\" style=\"text-align: justify;\"><span lang=\"ES\">En el primero de estos planteles fue recibida por el profesor encargado Juan Pablo Espinoza, quien, junto a docentes, asistentes de la educaci\u00f3n y los estudiantes compartieron semblanzas de Gabriela Mistral, poemas y bailes tradicionales.<\/span><\/p>\n<p class=\"v1MsoNormal\" style=\"text-align: justify;\"><span lang=\"ES\">\u201cDamos la bienvenida a la Seremi y le deseamos una buena gesti\u00f3n, en beneficio de los estudiantes de la regi\u00f3n\u201d, expres\u00f3 el docente encargado, en su intervenci\u00f3n.<\/span><\/p>\n<p class=\"v1MsoNormal\" style=\"text-align: justify;\"><span lang=\"ES\">Por su parte, Isabel Garrido expres\u00f3 que \u201cEn este d\u00eda, enviamos nuestro saludo y abrazo a todas las profesoras y profesores rurales que trabajan desde Guaitecas en el extremo norte hasta Villa OHiggins en el extremo sur de nuestro regi\u00f3n. A ellos les reconocemos por cierto la dedicaci\u00f3n y compromiso que entregan en su quehacer diario\u201d.<\/span><\/p>\n<p class=\"v1MsoNormal\" style=\"text-align: justify;\"><span lang=\"ES\">La Seremi record\u00f3 que la crisis sanitaria que enfrentamos como pa\u00eds a partir de 2020 les demand\u00f3 a las comunidades escolares rurales y particularmente a sus profesores un esfuerzo extra, llev\u00e1ndolos a reinventar su modalidad de clases remotas\u00a0 por no tener acceso a se\u00f1al o internet y sin la presencia de los estudiantes en las salas de clases. Caminatas extensas, actividades recreativas y visitas a los hogares son algunas de las estrategias y acciones que pusieron en pr\u00e1ctica para seguir educando a sus estudiantes.<\/span><\/p>\n<p class=\"v1MsoNormal\" style=\"text-align: justify;\"><span lang=\"ES\">\u201cComo Seremi de Educaci\u00f3n acompa\u00f1amos a nuestras escuelas rurales, a los estudiantes, docentes, asistentes de la educaci\u00f3n y familias en todas\u00a0 sus experiencias y queremos visibilizar la importancia de la educaci\u00f3n rural en el desarrollo humano en los territorios\u201d.<\/span><\/p>\n<p class=\"v1MsoNormal\" style=\"text-align: justify;\"><span lang=\"ES\">La comunidad escolar de la Escuela Pablo Neruda de Villa Ortega tambi\u00e9n destac\u00f3 este d\u00eda con una muestra art\u00edstica que cont\u00f3 con la participaci\u00f3n de estudiantes y profesores de todos los cursos, actividad en la que participaron como invitados miembros de la localidad y representantes del sostenedor municipal. En su intervenci\u00f3n, el profesor encargado Osvaldo Belmar resalt\u00f3 la figura de Gabriela Mistral como educadora y tambi\u00e9n como\u00a0 diplom\u00e1tica.<\/span><\/p>\n<p class=\"v1MsoNormal\" style=\"text-align: justify;\"><span lang=\"ES\">Tambi\u00e9n all\u00ed la Seremi expres\u00f3 que Gabriela Mistral como una pionera que alz\u00f3 su voz en tiempos en que las mujeres chilenas no ten\u00edan derecho a voto ni se les permit\u00eda escribir: \u201cFue sin duda una pionera que abri\u00f3 camino a todas las mujeres de Chile\u201d.<\/span><\/p>\n<p class=\"v1MsoNormal\" style=\"text-align: justify;\"><span lang=\"ES\">En la Regi\u00f3n de Ays\u00e9n existen 31 escuelas rurales que concentran una matr\u00edcula de 1.956 estudiantes, 18 de ellas son escuelas multigrado que trabajan en redes o microcentros educativos.<\/span><\/p>\n<\/div><\/section><\/div><div  style='height:50px' class='hr hr-invisible   avia-builder-el-6  el_after_av_one_full  el_before_av_social_share '><span class='hr-inner ' ><span class='hr-inner-style'><\/span><\/span><\/div><\/p>\n<div  class='av-social-sharing-box  avia-builder-el-7  el_after_av_hr  el_before_av_hr  '><div class='av-share-box'><h5 class='av-share-link-description av-no-toc '>Compartir esta noticia<\/h5><ul class='av-share-box-list noLightbox'><li class='av-share-link av-social-link-facebook' ><a target=\"_blank\" aria-label=\"Compartir en Facebook\" href='https:\/\/www.facebook.com\/sharer.php?u=https:\/\/radiorevelacionfm.cl\/?p=15601&#038;t=Seremi%20de%20Educaci%C3%B3n%20visit%C3%B3%20escuelas%20de%20Coyhaique%20para%20resaltar%20el%20D%C3%ADa%20de%20la%20Educaci%C3%B3n%20Rural' aria-hidden='false' data-av_icon='\ue8f3' data-av_iconfont='entypo-fontello' title='' data-avia-related-tooltip='Compartir en Facebook' rel=\"noopener\"><span class='avia_hidden_link_text'>Compartir en Facebook<\/span><\/a><\/li><li class='av-share-link av-social-link-twitter' ><a target=\"_blank\" aria-label=\"Compartir en Twitter\" href='https:\/\/twitter.com\/share?text=Seremi%20de%20Educaci%C3%B3n%20visit%C3%B3%20escuelas%20de%20Coyhaique%20para%20resaltar%20el%20D%C3%ADa%20de%20la%20Educaci%C3%B3n%20Rural&#038;url=https:\/\/radiorevelacionfm.cl\/?p=15601' aria-hidden='false' data-av_icon='\ue8f1' data-av_iconfont='entypo-fontello' title='' data-avia-related-tooltip='Compartir en Twitter' rel=\"noopener\"><span class='avia_hidden_link_text'>Compartir en Twitter<\/span><\/a><\/li><li class='av-share-link av-social-link-whatsapp' ><a target=\"_blank\" aria-label=\"Compartir en Whatsapp\" href='https:\/\/api.whatsapp.com\/send?text=https:\/\/radiorevelacionfm.cl\/?p=15601' aria-hidden='false' data-av_icon='\uf232' data-av_iconfont='entypo-fontello' title='' data-avia-related-tooltip='Compartir en Whatsapp' rel=\"noopener\"><span class='avia_hidden_link_text'>Compartir en Whatsapp<\/span><\/a><\/li><li class='av-share-link av-social-link-linkedin' ><a target=\"_blank\" aria-label=\"Compartir en LinkedIn\" href='https:\/\/linkedin.com\/shareArticle?mini=true&#038;title=Seremi%20de%20Educaci%C3%B3n%20visit%C3%B3%20escuelas%20de%20Coyhaique%20para%20resaltar%20el%20D%C3%ADa%20de%20la%20Educaci%C3%B3n%20Rural&#038;url=https:\/\/radiorevelacionfm.cl\/?p=15601' aria-hidden='false' data-av_icon='\ue8fc' data-av_iconfont='entypo-fontello' title='' data-avia-related-tooltip='Compartir en LinkedIn' rel=\"noopener\"><span class='avia_hidden_link_text'>Compartir en LinkedIn<\/span><\/a><\/li><li class='av-share-link av-social-link-mail' ><a  aria-label=\"Compartir por correo\" href='mailto:?subject=Seremi%20de%20Educaci%C3%B3n%20visit%C3%B3%20escuelas%20de%20Coyhaique%20para%20resaltar%20el%20D%C3%ADa%20de%20la%20Educaci%C3%B3n%20Rural&#038;body=https:\/\/radiorevelacionfm.cl\/?p=15601' aria-hidden='false' data-av_icon='\ue805' data-av_iconfont='entypo-fontello' title='' data-avia-related-tooltip='Compartir por correo'><span class='avia_hidden_link_text'>Compartir por correo<\/span><\/a><\/li><\/ul><\/div><\/div>\n<div  style='height:50px' class='hr hr-invisible   avia-builder-el-8  el_after_av_social_share  el_before_av_comments_list '><span class='hr-inner ' ><span class='hr-inner-style'><\/span><\/span><\/div>\n<div  class='av-buildercomment  av-blog-meta-html-info-disabled av-blog-meta-tag-disabled  '><\/div>\n","protected":false},"excerpt":{"rendered":"","protected":false},"author":1,"featured_media":15602,"comment_status":"open","ping_status":"open","sticky":false,"template":"","format":"standard","meta":{"footnotes":""},"categories":[49],"tags":[],"class_list":["post-15601","post","type-post","status-publish","format-standard","has-post-thumbnail","hentry","category-educacion"],"jetpack_featured_media_url":"https:\/\/radiorevelacionfm.cl\/wp-content\/uploads\/2022\/04\/ortega10-1-1.jpg","_links":{"self":[{"href":"https:\/\/radiorevelacionfm.cl\/index.php?rest_route=\/wp\/v2\/posts\/15601","targetHints":{"allow":["GET"]}}],"collection":[{"href":"https:\/\/radiorevelacionfm.cl\/index.php?rest_route=\/wp\/v2\/posts"}],"about":[{"href":"https:\/\/radiorevelacionfm.cl\/index.php?rest_route=\/wp\/v2\/types\/post"}],"author":[{"embeddable":true,"href":"https:\/\/radiorevelacionfm.cl\/index.php?rest_route=\/wp\/v2\/users\/1"}],"replies":[{"embeddable":true,"href":"https:\/\/radiorevelacionfm.cl\/index.php?rest_route=%2Fwp%2Fv2%2Fcomments&post=15601"}],"version-history":[{"count":2,"href":"https:\/\/radiorevelacionfm.cl\/index.php?rest_route=\/wp\/v2\/posts\/15601\/revisions"}],"predecessor-version":[{"id":15604,"href":"https:\/\/radiorevelacionfm.cl\/index.php?rest_route=\/wp\/v2\/posts\/15601\/revisions\/15604"}],"wp:featuredmedia":[{"embeddable":true,"href":"https:\/\/radiorevelacionfm.cl\/index.php?rest_route=\/wp\/v2\/media\/15602"}],"wp:attachment":[{"href":"https:\/\/radiorevelacionfm.cl\/index.php?rest_route=%2Fwp%2Fv2%2Fmedia&parent=15601"}],"wp:term":[{"taxonomy":"category","embeddable":true,"href":"https:\/\/radiorevelacionfm.cl\/index.php?rest_route=%2Fwp%2Fv2%2Fcategories&post=15601"},{"taxonomy":"post_tag","embeddable":true,"href":"https:\/\/radiorevelacionfm.cl\/index.php?rest_route=%2Fwp%2Fv2%2Ftags&post=15601"}],"curies":[{"name":"wp","href":"https:\/\/api.w.org\/{rel}","templated":true}]}}