{"id":15598,"date":"2022-04-08T10:10:56","date_gmt":"2022-04-08T13:10:56","guid":{"rendered":"https:\/\/radiorevelacionfm.cl\/?p=15598"},"modified":"2022-04-08T10:10:56","modified_gmt":"2022-04-08T13:10:56","slug":"autoridades-regionales-y-alcalde-de-aysen-se-reunen-tras-alerta-de-marea-roja-y-casos-de-intoxicacion","status":"publish","type":"post","link":"https:\/\/radiorevelacionfm.cl\/?p=15598","title":{"rendered":"Autoridades regionales y alcalde de Ays\u00e9n se re\u00fanen tras alerta de marea roja y casos de intoxicaci\u00f3n"},"content":{"rendered":"<div class=\"flex_column av_one_full  flex_column_div av-zero-column-padding first  avia-builder-el-0  el_before_av_one_full  avia-builder-el-first  \" style='border-radius:0px; '><div  class='avia-image-container  av-styling-    avia-builder-el-1  avia-builder-el-no-sibling  avia-align-center '  itemprop=\"image\" itemscope=\"itemscope\" itemtype=\"https:\/\/schema.org\/ImageObject\"  ><div class='avia-image-container-inner'><div class='avia-image-overlay-wrap'><img decoding=\"async\" class='wp-image-15599 avia-img-lazy-loading-not-15599 avia_image' src=\"https:\/\/radiorevelacionfm.cl\/wp-content\/uploads\/2022\/04\/foto-1-14a-1_optimized.jpg\" alt='' title='foto-1-(14)a-(1)_optimized' height=\"600\" width=\"1002\"  itemprop=\"thumbnailUrl\" srcset=\"https:\/\/radiorevelacionfm.cl\/wp-content\/uploads\/2022\/04\/foto-1-14a-1_optimized.jpg 1002w, https:\/\/radiorevelacionfm.cl\/wp-content\/uploads\/2022\/04\/foto-1-14a-1_optimized-300x180.jpg 300w, https:\/\/radiorevelacionfm.cl\/wp-content\/uploads\/2022\/04\/foto-1-14a-1_optimized-768x460.jpg 768w, https:\/\/radiorevelacionfm.cl\/wp-content\/uploads\/2022\/04\/foto-1-14a-1_optimized-705x422.jpg 705w, https:\/\/radiorevelacionfm.cl\/wp-content\/uploads\/2022\/04\/foto-1-14a-1_optimized-600x359.jpg 600w\" sizes=\"(max-width: 1002px) 100vw, 1002px\" \/><\/div><\/div><\/div><\/div><div class=\"flex_column av_one_full  flex_column_div av-zero-column-padding first  avia-builder-el-2  el_after_av_one_full  el_before_av_one_full  column-top-margin\" style='border-radius:0px; '><section class=\"av_textblock_section \"  itemscope=\"itemscope\" itemtype=\"https:\/\/schema.org\/BlogPosting\" itemprop=\"blogPost\" ><div class='avia_textblock  '   itemprop=\"text\" ><p style=\"text-align: center;\"><span style=\"font-size: 18pt;\"><strong>Autoridades regionales y alcalde de Ays\u00e9n se re\u00fanen tras alerta de marea roja y casos de intoxicaci\u00f3n \u00a0<\/strong><\/span><\/p>\n<div id=\"gtx-trans\" style=\"position: absolute; left: -50px; top: 4.31534px;\">\n<div class=\"gtx-trans-icon\"><\/div>\n<\/div>\n<\/div><\/section><\/div><div class=\"flex_column av_one_full  flex_column_div av-zero-column-padding first  avia-builder-el-4  el_after_av_one_full  el_before_av_hr  column-top-margin\" style='border-radius:0px; '><section class=\"av_textblock_section \"  itemscope=\"itemscope\" itemtype=\"https:\/\/schema.org\/BlogPosting\" itemprop=\"blogPost\" ><div class='avia_textblock  '   itemprop=\"text\" ><p style=\"text-align: justify;\">Este martes, el alcalde Julio Uribe Alvarado, la jefa del laboratorio de la Seremi de Salud de Ays\u00e9n, Mar\u00eda Ang\u00e9lica Tocornal y el empresario local Alejandro Bahamondes, sostuvieron una reuni\u00f3n preliminar en la Delegaci\u00f3n Presidencial con el representante del \u00f3rgano provincial, Jorge Salfate, ante el fen\u00f3meno de marea roja y la extracci\u00f3n ilegal de mariscos con alto niveles de veneno paralizante.<\/p>\n<p style=\"text-align: justify;\">La autoridad edilicia en las dependencias del edificio, manifest\u00f3 la preocupaci\u00f3n junto al delegado presidencial por el destino final de los decomisos de la regi\u00f3n, as\u00ed como la necesidad de mayor fiscalizaci\u00f3n tras la secuencia de casos emergentes por intoxicaci\u00f3n de marisco, producto que al disponer de altos niveles de veneno paralizante ocasion\u00f3 el fallecimiento de una persona el mes pasado en Ays\u00e9n, y este fin de semana de un menor en Calbuco, mientras que los tres adultos que lo acompa\u00f1aban se encuentran en estado de gravedad.<\/p>\n<p style=\"text-align: justify;\">Ante los hechos, Tocornal manifest\u00f3 que han estado reuni\u00e9ndose con \u201cel Comit\u00e9 de Marea Roja y coordinando fiscalizaciones en distintas partes, tanto puertos como en pescader\u00edas, y tambi\u00e9n en lugares de extracci\u00f3n. Para esto nos ha apoyado la armada y tambi\u00e9n Sernapesca, quienes han estado haciendo fiscalizaciones y detestado lamentablemente que est\u00e1n entrando muchas embarcaciones de la Regi\u00f3n de Los Lagos a la Regi\u00f3n de Ays\u00e9n de manera ilegal, adem\u00e1s de extraer mariscos en sectores no autorizados\u201d.<\/p>\n<p style=\"text-align: justify;\">\u201cHay un tema de responsabilidad aqu\u00ed de los extractores que vienen de otras regiones y no respetan la normativa sanitaria en nuestra regi\u00f3n, poniendo en riesgo la salud de las personas\u201d, complement\u00f3 la representante de la Seremi de Salud. Actualmente se encuentran en coordinaci\u00f3n con el Comit\u00e9 Regional de Marea Roja para continuar con la fiscalizaci\u00f3n y retener al interior del territorio los mariscos extra\u00eddos en sectores no autorizados.<\/p>\n<p style=\"text-align: justify;\">Raz\u00f3n por la cual estuvo presente el empresario Alejandro Bahamondes entre los asistentes. \u201cA trav\u00e9s de la empresa que hoy tiene la recolecci\u00f3n de los residuos domiciliarios y el destino final de esto, se ha llegado a un acuerdo para trasladar y darle un destino a estos decomisos que en definitiva se realizan por tema de salud p\u00fablica\u201d, detall\u00f3 el alcalde Uribe.<\/p>\n<p style=\"text-align: justify;\">En tanto, Bahamondes resalt\u00f3 el compromiso que como empresa tienen con la comunidad, informando que los decomisos de mariscos al vertedero ser\u00e1n sin costo para la Delegaci\u00f3n Presidencial y Municipalidad de Ays\u00e9n.<\/p>\n<\/div><\/section><\/div><div  style='height:50px' class='hr hr-invisible   avia-builder-el-6  el_after_av_one_full  el_before_av_social_share '><span class='hr-inner ' ><span class='hr-inner-style'><\/span><\/span><\/div><\/p>\n<div  class='av-social-sharing-box  avia-builder-el-7  el_after_av_hr  el_before_av_hr  '><div class='av-share-box'><h5 class='av-share-link-description av-no-toc '>Compartir esta noticia<\/h5><ul class='av-share-box-list noLightbox'><li class='av-share-link av-social-link-facebook' ><a target=\"_blank\" aria-label=\"Compartir en Facebook\" href='https:\/\/www.facebook.com\/sharer.php?u=https:\/\/radiorevelacionfm.cl\/?p=15598&#038;t=Autoridades%20regionales%20y%20alcalde%20de%20Ays%C3%A9n%20se%20re%C3%BAnen%20tras%20alerta%20de%20marea%20roja%20y%20casos%20de%20intoxicaci%C3%B3n' aria-hidden='false' data-av_icon='\ue8f3' data-av_iconfont='entypo-fontello' title='' data-avia-related-tooltip='Compartir en Facebook' rel=\"noopener\"><span class='avia_hidden_link_text'>Compartir en Facebook<\/span><\/a><\/li><li class='av-share-link av-social-link-twitter' ><a target=\"_blank\" aria-label=\"Compartir en Twitter\" href='https:\/\/twitter.com\/share?text=Autoridades%20regionales%20y%20alcalde%20de%20Ays%C3%A9n%20se%20re%C3%BAnen%20tras%20alerta%20de%20marea%20roja%20y%20casos%20de%20intoxicaci%C3%B3n&#038;url=https:\/\/radiorevelacionfm.cl\/?p=15598' aria-hidden='false' data-av_icon='\ue8f1' data-av_iconfont='entypo-fontello' title='' data-avia-related-tooltip='Compartir en Twitter' rel=\"noopener\"><span class='avia_hidden_link_text'>Compartir en Twitter<\/span><\/a><\/li><li class='av-share-link av-social-link-whatsapp' ><a target=\"_blank\" aria-label=\"Compartir en Whatsapp\" href='https:\/\/api.whatsapp.com\/send?text=https:\/\/radiorevelacionfm.cl\/?p=15598' aria-hidden='false' data-av_icon='\uf232' data-av_iconfont='entypo-fontello' title='' data-avia-related-tooltip='Compartir en Whatsapp' rel=\"noopener\"><span class='avia_hidden_link_text'>Compartir en Whatsapp<\/span><\/a><\/li><li class='av-share-link av-social-link-linkedin' ><a target=\"_blank\" aria-label=\"Compartir en LinkedIn\" href='https:\/\/linkedin.com\/shareArticle?mini=true&#038;title=Autoridades%20regionales%20y%20alcalde%20de%20Ays%C3%A9n%20se%20re%C3%BAnen%20tras%20alerta%20de%20marea%20roja%20y%20casos%20de%20intoxicaci%C3%B3n&#038;url=https:\/\/radiorevelacionfm.cl\/?p=15598' aria-hidden='false' data-av_icon='\ue8fc' data-av_iconfont='entypo-fontello' title='' data-avia-related-tooltip='Compartir en LinkedIn' rel=\"noopener\"><span class='avia_hidden_link_text'>Compartir en LinkedIn<\/span><\/a><\/li><li class='av-share-link av-social-link-mail' ><a  aria-label=\"Compartir por correo\" href='mailto:?subject=Autoridades%20regionales%20y%20alcalde%20de%20Ays%C3%A9n%20se%20re%C3%BAnen%20tras%20alerta%20de%20marea%20roja%20y%20casos%20de%20intoxicaci%C3%B3n&#038;body=https:\/\/radiorevelacionfm.cl\/?p=15598' aria-hidden='false' data-av_icon='\ue805' data-av_iconfont='entypo-fontello' title='' data-avia-related-tooltip='Compartir por correo'><span class='avia_hidden_link_text'>Compartir por correo<\/span><\/a><\/li><\/ul><\/div><\/div>\n<div  style='height:50px' class='hr hr-invisible   avia-builder-el-8  el_after_av_social_share  el_before_av_comments_list '><span class='hr-inner ' ><span class='hr-inner-style'><\/span><\/span><\/div>\n<div  class='av-buildercomment  av-blog-meta-html-info-disabled av-blog-meta-tag-disabled  '><\/div>\n","protected":false},"excerpt":{"rendered":"","protected":false},"author":1,"featured_media":15599,"comment_status":"open","ping_status":"open","sticky":false,"template":"","format":"standard","meta":{"footnotes":""},"categories":[38],"tags":[],"class_list":["post-15598","post","type-post","status-publish","format-standard","has-post-thumbnail","hentry","category-regional"],"jetpack_featured_media_url":"https:\/\/radiorevelacionfm.cl\/wp-content\/uploads\/2022\/04\/foto-1-14a-1_optimized.jpg","_links":{"self":[{"href":"https:\/\/radiorevelacionfm.cl\/index.php?rest_route=\/wp\/v2\/posts\/15598","targetHints":{"allow":["GET"]}}],"collection":[{"href":"https:\/\/radiorevelacionfm.cl\/index.php?rest_route=\/wp\/v2\/posts"}],"about":[{"href":"https:\/\/radiorevelacionfm.cl\/index.php?rest_route=\/wp\/v2\/types\/post"}],"author":[{"embeddable":true,"href":"https:\/\/radiorevelacionfm.cl\/index.php?rest_route=\/wp\/v2\/users\/1"}],"replies":[{"embeddable":true,"href":"https:\/\/radiorevelacionfm.cl\/index.php?rest_route=%2Fwp%2Fv2%2Fcomments&post=15598"}],"version-history":[{"count":2,"href":"https:\/\/radiorevelacionfm.cl\/index.php?rest_route=\/wp\/v2\/posts\/15598\/revisions"}],"predecessor-version":[{"id":15605,"href":"https:\/\/radiorevelacionfm.cl\/index.php?rest_route=\/wp\/v2\/posts\/15598\/revisions\/15605"}],"wp:featuredmedia":[{"embeddable":true,"href":"https:\/\/radiorevelacionfm.cl\/index.php?rest_route=\/wp\/v2\/media\/15599"}],"wp:attachment":[{"href":"https:\/\/radiorevelacionfm.cl\/index.php?rest_route=%2Fwp%2Fv2%2Fmedia&parent=15598"}],"wp:term":[{"taxonomy":"category","embeddable":true,"href":"https:\/\/radiorevelacionfm.cl\/index.php?rest_route=%2Fwp%2Fv2%2Fcategories&post=15598"},{"taxonomy":"post_tag","embeddable":true,"href":"https:\/\/radiorevelacionfm.cl\/index.php?rest_route=%2Fwp%2Fv2%2Ftags&post=15598"}],"curies":[{"name":"wp","href":"https:\/\/api.w.org\/{rel}","templated":true}]}}