{"id":15595,"date":"2022-04-08T10:37:23","date_gmt":"2022-04-08T13:37:23","guid":{"rendered":"https:\/\/radiorevelacionfm.cl\/?p=15595"},"modified":"2022-04-08T10:37:23","modified_gmt":"2022-04-08T13:37:23","slug":"conversatorio-del-programa-hepi-visibiliza-desafios-en-politicas-inclusivas-e-institucionales-sobre-el-espectro-autista-en-aysen","status":"publish","type":"post","link":"https:\/\/radiorevelacionfm.cl\/?p=15595","title":{"rendered":"Conversatorio del programa HEPI visibiliza desaf\u00edos en pol\u00edticas inclusivas e institucionales sobre el espectro autista en Ays\u00e9n"},"content":{"rendered":"<div class=\"flex_column av_one_full  flex_column_div av-zero-column-padding first  avia-builder-el-0  el_before_av_one_full  avia-builder-el-first  \" style='border-radius:0px; '><div  class='avia-image-container  av-styling-    avia-builder-el-1  avia-builder-el-no-sibling  avia-align-center '  itemprop=\"image\" itemscope=\"itemscope\" itemtype=\"https:\/\/schema.org\/ImageObject\"  ><div class='avia-image-container-inner'><div class='avia-image-overlay-wrap'><img decoding=\"async\" class='wp-image-15596 avia-img-lazy-loading-not-15596 avia_image' src=\"https:\/\/radiorevelacionfm.cl\/wp-content\/uploads\/2022\/04\/foto-5-2-4_optimized.jpg\" alt='' title='foto-5-(2)-(4)_optimized' height=\"600\" width=\"900\"  itemprop=\"thumbnailUrl\" srcset=\"https:\/\/radiorevelacionfm.cl\/wp-content\/uploads\/2022\/04\/foto-5-2-4_optimized.jpg 900w, https:\/\/radiorevelacionfm.cl\/wp-content\/uploads\/2022\/04\/foto-5-2-4_optimized-300x200.jpg 300w, https:\/\/radiorevelacionfm.cl\/wp-content\/uploads\/2022\/04\/foto-5-2-4_optimized-768x512.jpg 768w, https:\/\/radiorevelacionfm.cl\/wp-content\/uploads\/2022\/04\/foto-5-2-4_optimized-705x470.jpg 705w, https:\/\/radiorevelacionfm.cl\/wp-content\/uploads\/2022\/04\/foto-5-2-4_optimized-600x400.jpg 600w\" sizes=\"(max-width: 900px) 100vw, 900px\" \/><\/div><\/div><\/div><\/div><div class=\"flex_column av_one_full  flex_column_div av-zero-column-padding first  avia-builder-el-2  el_after_av_one_full  el_before_av_one_full  column-top-margin\" style='border-radius:0px; '><section class=\"av_textblock_section \"  itemscope=\"itemscope\" itemtype=\"https:\/\/schema.org\/BlogPosting\" itemprop=\"blogPost\" ><div class='avia_textblock  '   itemprop=\"text\" ><p style=\"text-align: center;\"><span style=\"font-size: 18pt;\"><strong>Conversatorio del programa HEPI visibiliza desaf\u00edos en pol\u00edticas inclusivas e institucionales sobre el espectro autista en Ays\u00e9n<\/strong><\/span><\/p>\n<div id=\"gtx-trans\" style=\"position: absolute; left: -50px; top: 4.31534px;\">\n<div class=\"gtx-trans-icon\"><\/div>\n<\/div>\n<\/div><\/section><\/div><div class=\"flex_column av_one_full  flex_column_div av-zero-column-padding first  avia-builder-el-4  el_after_av_one_full  el_before_av_hr  column-top-margin\" style='border-radius:0px; '><section class=\"av_textblock_section \"  itemscope=\"itemscope\" itemtype=\"https:\/\/schema.org\/BlogPosting\" itemprop=\"blogPost\" ><div class='avia_textblock  '   itemprop=\"text\" ><p style=\"text-align: justify;\">Como una manera de sensibilizar a la comunidad sobre la importancia de las diferencias e inclusi\u00f3n, el programa de Habilitaci\u00f3n de Espacios P\u00fablicos Municipales Infantiles (HEPI), perteneciente al Subsistema Chile Crece Contigo y ejecutado por la Municipalidad de Ays\u00e9n, lanz\u00f3 durante la semana el Conversatorio de Concienciaci\u00f3n del Espectro Autista, iniciativa que congreg\u00f3 a profesionales de la salud, educaci\u00f3n y autoridades de la Delegaci\u00f3n Presidencial.<\/p>\n<p style=\"text-align: justify;\">Tras apoyar a familias en el proceso de retorno a clases, la coordinadora del programa HEPI, Pilar Iturra y su par, Nataly B\u00f3rquez, t\u00e9cnica en educaci\u00f3n diferencial, encontraron un punto donde la interiorizaci\u00f3n de la sociedad es fundamental. \u201cEsto parti\u00f3 con haber recibido muchos usuarios en el programa con distintos diagn\u00f3sticos, pero no con un diagn\u00f3stico claro\u201d, comentaron las funcionarias resaltando la necesidad de un periodo de transici\u00f3n en ni\u00f1as y ni\u00f1os con Condiciones del Espectro Autista (CEA).<\/p>\n<p style=\"text-align: justify;\">De ah\u00ed nace la inquietud por una estimulaci\u00f3n temprana de habilidades que permitan la reinserci\u00f3n en establecimientos educacionales o jardines, y que como programa despu\u00e9s de meses de trabajo, llev\u00f3 a la formulaci\u00f3n del Conversatorio de Concienciaci\u00f3n del Espectro Autista con la participaci\u00f3n de personeros provenientes del servicio p\u00fablico. La idea, en palabras de Iturra es \u201cver d\u00f3nde est\u00e1bamos fallando como sociedad en este proceso\u201d, por lo que continuar\u00e1n con la generaci\u00f3n de pr\u00e1cticas en torno a encuentros, pero ahora con la informaci\u00f3n analizada a partir de los datos levantados.<\/p>\n<p style=\"text-align: justify;\">\u201cLa palabra autismo siempre va ligada de la palabra inclusi\u00f3n\u201d, manifest\u00f3 Marjorie Aravena, presidenta de la Agrupaci\u00f3n Patagonia del Espectro Autista, que desde su fundaci\u00f3n en 2016 ha extendido v\u00ednculos con otros colectivos en la b\u00fasqueda de otorgar herramientas a madres y padres. De acuerdo a la titular, hay un desconocimiento en la materia, lo que repercute en espacios para el desarrollo \u00f3ptimo de j\u00f3venes CEA.<\/p>\n<p style=\"text-align: justify;\">\u201cNos hemos visto enfrentados al desaf\u00edo desde la carencia del \u00e1rea de salud, pasando por la de educaci\u00f3n y c\u00f3mo se apoya a la familia\u201d, profundiz\u00f3 Aravena, aclarando que las personas CEA tienen una condici\u00f3n, una neurodiversidad, y que deben cambiarse los arquetipos construidos alrededor de ellas, as\u00ed como la voluntad para la ejecuci\u00f3n de proyectos y metas que vayan en directo beneficio de sus familias e involucrados.<\/p>\n<p style=\"text-align: justify;\">A lo anterior, se a\u00f1aden las palabras de la concejala Tatiana Villaroel, rescatando lo expresado en la apertura por el representante del Ejecutivo en la Provincia de Ays\u00e9n, Jorge Salfate. \u201cNo hay que buscar que los ni\u00f1os o las personas TEA (Trastornos del Espectro Autista) sean incluidas, sino que el resto de la sociedad tiene que aceptarlos como son. Somos todos personas iguales, pero a la vez diferentes\u201d, se\u00f1aliz\u00f3 la autoridad municipal para poner sobre la palestra la sensibilizaci\u00f3n ciudadana.<\/p>\n<p style=\"text-align: justify;\">Asimismo, agreg\u00f3 que conversatorios como el ocurrido, adem\u00e1s de visibilizar qu\u00e9 es el espectro autista, \u201csirve para generar estas redes tan buscadas por las familias; redes de apoyo con profesionales, pares, red educativa, que son quienes desde la primera infancia empiezan a trabajar para entregar herramientas no s\u00f3lo a los peque\u00f1os y peque\u00f1as, sino tambi\u00e9n a mam\u00e1s, pap\u00e1s y cuidadores\u201d.<\/p>\n<p style=\"text-align: justify;\">Por otra parte, la educadora diferencial de la Escuela Poetisa Gabriela Mistral, Angelina Sandoval, manifest\u00f3 que no debe acotarse a la ni\u00f1ez, es necesario pensar los lineamientos desde las diversas etapas de la vida. \u201cNos encontramos en contextos laborales con personas que son distintas y no sabemos c\u00f3mo relacionarnos. Creo que tambi\u00e9n hay un tema de paciencia, como comunidad estamos viviendo en un mundo tan r\u00e1pido, donde en realidad no nos preguntamos del uno por el otro\u201d, detall\u00f3 al mismo tiempo que puso la empat\u00eda y el afecto al centro de cualquier acci\u00f3n.<\/p>\n<p style=\"text-align: justify;\">A la escucha de todas las voces, el municipio porte\u00f1o a trav\u00e9s del programa HEPI y sus profesionales, continuar\u00e1 reforzando espacios como el Conversatorio de Concienciaci\u00f3n del Espectro Autista. \u201cEs necesario que hagamos la bajada de la informaci\u00f3n y sigamos haciendo conversatorios en distintos lugares porque no s\u00f3lo se va hacer aqu\u00ed en Ays\u00e9n, tenemos ganas de replicarlo en Ma\u00f1ihuales, en Islas Huichas y tambi\u00e9n en Puerto Chacabuco\u201d, puntualiz\u00f3 Iturra.<\/p>\n<\/div><\/section><\/div><div  style='height:50px' class='hr hr-invisible   avia-builder-el-6  el_after_av_one_full  el_before_av_social_share '><span class='hr-inner ' ><span class='hr-inner-style'><\/span><\/span><\/div><\/p>\n<div  class='av-social-sharing-box  avia-builder-el-7  el_after_av_hr  el_before_av_hr  '><div class='av-share-box'><h5 class='av-share-link-description av-no-toc '>Compartir esta noticia<\/h5><ul class='av-share-box-list noLightbox'><li class='av-share-link av-social-link-facebook' ><a target=\"_blank\" aria-label=\"Compartir en Facebook\" href='https:\/\/www.facebook.com\/sharer.php?u=https:\/\/radiorevelacionfm.cl\/?p=15595&#038;t=Conversatorio%20del%20programa%20HEPI%20visibiliza%20desaf%C3%ADos%20en%20pol%C3%ADticas%20inclusivas%20e%20institucionales%20sobre%20el%20espectro%20autista%20en%20Ays%C3%A9n' aria-hidden='false' data-av_icon='\ue8f3' data-av_iconfont='entypo-fontello' title='' data-avia-related-tooltip='Compartir en Facebook' rel=\"noopener\"><span class='avia_hidden_link_text'>Compartir en Facebook<\/span><\/a><\/li><li class='av-share-link av-social-link-twitter' ><a target=\"_blank\" aria-label=\"Compartir en Twitter\" href='https:\/\/twitter.com\/share?text=Conversatorio%20del%20programa%20HEPI%20visibiliza%20desaf%C3%ADos%20en%20pol%C3%ADticas%20inclusivas%20e%20institucionales%20sobre%20el%20espectro%20autista%20en%20Ays%C3%A9n&#038;url=https:\/\/radiorevelacionfm.cl\/?p=15595' aria-hidden='false' data-av_icon='\ue8f1' data-av_iconfont='entypo-fontello' title='' data-avia-related-tooltip='Compartir en Twitter' rel=\"noopener\"><span class='avia_hidden_link_text'>Compartir en Twitter<\/span><\/a><\/li><li class='av-share-link av-social-link-whatsapp' ><a target=\"_blank\" aria-label=\"Compartir en Whatsapp\" href='https:\/\/api.whatsapp.com\/send?text=https:\/\/radiorevelacionfm.cl\/?p=15595' aria-hidden='false' data-av_icon='\uf232' data-av_iconfont='entypo-fontello' title='' data-avia-related-tooltip='Compartir en Whatsapp' rel=\"noopener\"><span class='avia_hidden_link_text'>Compartir en Whatsapp<\/span><\/a><\/li><li class='av-share-link av-social-link-linkedin' ><a target=\"_blank\" aria-label=\"Compartir en LinkedIn\" href='https:\/\/linkedin.com\/shareArticle?mini=true&#038;title=Conversatorio%20del%20programa%20HEPI%20visibiliza%20desaf%C3%ADos%20en%20pol%C3%ADticas%20inclusivas%20e%20institucionales%20sobre%20el%20espectro%20autista%20en%20Ays%C3%A9n&#038;url=https:\/\/radiorevelacionfm.cl\/?p=15595' aria-hidden='false' data-av_icon='\ue8fc' data-av_iconfont='entypo-fontello' title='' data-avia-related-tooltip='Compartir en LinkedIn' rel=\"noopener\"><span class='avia_hidden_link_text'>Compartir en LinkedIn<\/span><\/a><\/li><li class='av-share-link av-social-link-mail' ><a  aria-label=\"Compartir por correo\" href='mailto:?subject=Conversatorio%20del%20programa%20HEPI%20visibiliza%20desaf%C3%ADos%20en%20pol%C3%ADticas%20inclusivas%20e%20institucionales%20sobre%20el%20espectro%20autista%20en%20Ays%C3%A9n&#038;body=https:\/\/radiorevelacionfm.cl\/?p=15595' aria-hidden='false' data-av_icon='\ue805' data-av_iconfont='entypo-fontello' title='' data-avia-related-tooltip='Compartir por correo'><span class='avia_hidden_link_text'>Compartir por correo<\/span><\/a><\/li><\/ul><\/div><\/div>\n<div  style='height:50px' class='hr hr-invisible   avia-builder-el-8  el_after_av_social_share  el_before_av_comments_list '><span class='hr-inner ' ><span class='hr-inner-style'><\/span><\/span><\/div>\n<div  class='av-buildercomment  av-blog-meta-html-info-disabled av-blog-meta-tag-disabled  '><\/div>\n","protected":false},"excerpt":{"rendered":"","protected":false},"author":1,"featured_media":15596,"comment_status":"open","ping_status":"open","sticky":false,"template":"","format":"standard","meta":{"footnotes":""},"categories":[38],"tags":[],"class_list":["post-15595","post","type-post","status-publish","format-standard","has-post-thumbnail","hentry","category-regional"],"jetpack_featured_media_url":"https:\/\/radiorevelacionfm.cl\/wp-content\/uploads\/2022\/04\/foto-5-2-4_optimized.jpg","_links":{"self":[{"href":"https:\/\/radiorevelacionfm.cl\/index.php?rest_route=\/wp\/v2\/posts\/15595","targetHints":{"allow":["GET"]}}],"collection":[{"href":"https:\/\/radiorevelacionfm.cl\/index.php?rest_route=\/wp\/v2\/posts"}],"about":[{"href":"https:\/\/radiorevelacionfm.cl\/index.php?rest_route=\/wp\/v2\/types\/post"}],"author":[{"embeddable":true,"href":"https:\/\/radiorevelacionfm.cl\/index.php?rest_route=\/wp\/v2\/users\/1"}],"replies":[{"embeddable":true,"href":"https:\/\/radiorevelacionfm.cl\/index.php?rest_route=%2Fwp%2Fv2%2Fcomments&post=15595"}],"version-history":[{"count":2,"href":"https:\/\/radiorevelacionfm.cl\/index.php?rest_route=\/wp\/v2\/posts\/15595\/revisions"}],"predecessor-version":[{"id":15606,"href":"https:\/\/radiorevelacionfm.cl\/index.php?rest_route=\/wp\/v2\/posts\/15595\/revisions\/15606"}],"wp:featuredmedia":[{"embeddable":true,"href":"https:\/\/radiorevelacionfm.cl\/index.php?rest_route=\/wp\/v2\/media\/15596"}],"wp:attachment":[{"href":"https:\/\/radiorevelacionfm.cl\/index.php?rest_route=%2Fwp%2Fv2%2Fmedia&parent=15595"}],"wp:term":[{"taxonomy":"category","embeddable":true,"href":"https:\/\/radiorevelacionfm.cl\/index.php?rest_route=%2Fwp%2Fv2%2Fcategories&post=15595"},{"taxonomy":"post_tag","embeddable":true,"href":"https:\/\/radiorevelacionfm.cl\/index.php?rest_route=%2Fwp%2Fv2%2Ftags&post=15595"}],"curies":[{"name":"wp","href":"https:\/\/api.w.org\/{rel}","templated":true}]}}